{"id":302,"date":"2020-02-14T11:34:22","date_gmt":"2020-02-14T11:34:22","guid":{"rendered":"https:\/\/organizzazione.cai.it\/commissione-centrale-alpinismo-giovanile-abruzzo\/2020\/02\/intersezionale-otto-sicilia\/"},"modified":"2020-02-14T11:34:22","modified_gmt":"2020-02-14T11:34:22","slug":"intersezionale-otto-sicilia","status":"publish","type":"post","link":"https:\/\/organizzazione.cai.it\/commissione-centrale-alpinismo-giovanile-abruzzo\/2020\/02\/intersezionale-otto-sicilia\/","title":{"rendered":"Intersezionale Otto Sicilia In Occasione Della &quot;festa D\u00e0 Muntagna &#8211; Trekking, Musica E Sapori Per Le Vie Dell&#8217;etna&quot;"},"content":{"rendered":"<p>Per il secondo anno consecutivo, l&#8217;OTTO Sicilia partecipa alla &quot;Festa d\u00e0 Muntagna &#8211; Trekking, musica e sapori per le vie dell&#8217;Etna&quot; organizzato da Pro Loco Belpasso, sezione CAI di Belpasso e con il patrocinio del Comune di Belpasso e del Parco dell&#8217;Etna. Ricco il programma della manifestazione che punta a far conoscere la montagna ad un vasto numero di escursionisti, con particolare attenzione a chi non frequenta con assiduit\u00e0 i versanti sud dell&#8217;Etna.&nbsp;<\/p>\n<p>Scenario dell&#8217;iniziativa sar\u00e0 Piano Bottara, sulla S.P. 92 &nbsp;che sale verso il piazzale Etna Sud.<\/p>\n<p>Il programma prevede escursioni di vario livello di difficolt\u00e0, una di esse sar\u00e0 riservata ai ragazzi dell&#8217;Alpinismo Giovanile con itinerario Monte Sona &#8211; Monte Manfr\u00e8.&nbsp;<\/p>\n<p>Saranno allestiti degli stand per la degustazione di prodotti tipici. La manifestazione si concluder\u00e0 con un concerto e con sorteggio di premi.<\/p>\n<p>&nbsp;<\/p>\n<p>&nbsp;<\/p>\n","protected":false},"excerpt":{"rendered":"<p>Per il secondo anno consecutivo, l&#8217;OTTO Sicilia partecipa alla &quot;Festa d\u00e0 Muntagna &#8211; Trekking, musica e sapori per le vie dell&#8217;Etna&quot; organizzato da Pro Loco Belpasso, sezione CAI di Belpasso [&hellip;]<\/p>\n","protected":false},"author":1,"featured_media":303,"comment_status":"closed","ping_status":"open","sticky":false,"template":"","format":"standard","meta":{"footnotes":""},"categories":[6],"tags":[8],"_links":{"self":[{"href":"https:\/\/organizzazione.cai.it\/commissione-centrale-alpinismo-giovanile-abruzzo\/wp-json\/wp\/v2\/posts\/302"}],"collection":[{"href":"https:\/\/organizzazione.cai.it\/commissione-centrale-alpinismo-giovanile-abruzzo\/wp-json\/wp\/v2\/posts"}],"about":[{"href":"https:\/\/organizzazione.cai.it\/commissione-centrale-alpinismo-giovanile-abruzzo\/wp-json\/wp\/v2\/types\/post"}],"author":[{"embeddable":true,"href":"https:\/\/organizzazione.cai.it\/commissione-centrale-alpinismo-giovanile-abruzzo\/wp-json\/wp\/v2\/users\/1"}],"replies":[{"embeddable":true,"href":"https:\/\/organizzazione.cai.it\/commissione-centrale-alpinismo-giovanile-abruzzo\/wp-json\/wp\/v2\/comments?post=302"}],"version-history":[{"count":0,"href":"https:\/\/organizzazione.cai.it\/commissione-centrale-alpinismo-giovanile-abruzzo\/wp-json\/wp\/v2\/posts\/302\/revisions"}],"wp:featuredmedia":[{"embeddable":true,"href":"https:\/\/organizzazione.cai.it\/commissione-centrale-alpinismo-giovanile-abruzzo\/wp-json\/wp\/v2\/media\/303"}],"wp:attachment":[{"href":"https:\/\/organizzazione.cai.it\/commissione-centrale-alpinismo-giovanile-abruzzo\/wp-json\/wp\/v2\/media?parent=302"}],"wp:term":[{"taxonomy":"category","embeddable":true,"href":"https:\/\/organizzazione.cai.it\/commissione-centrale-alpinismo-giovanile-abruzzo\/wp-json\/wp\/v2\/categories?post=302"},{"taxonomy":"post_tag","embeddable":true,"href":"https:\/\/organizzazione.cai.it\/commissione-centrale-alpinismo-giovanile-abruzzo\/wp-json\/wp\/v2\/tags?post=302"}],"curies":[{"name":"wp","href":"https:\/\/api.w.org\/{rel}","templated":true}]}}