{"id":306,"date":"2015-06-18T22:00:00","date_gmt":"2015-06-18T22:00:00","guid":{"rendered":"https:\/\/organizzazione.cai.it\/commissione-centrale-alpinismo-giovanile-abruzzo\/2015\/06\/in-montagna-con-i-cinque-sensi\/"},"modified":"2015-06-18T22:00:00","modified_gmt":"2015-06-18T22:00:00","slug":"in-montagna-con-i-cinque-sensi","status":"publish","type":"post","link":"https:\/\/organizzazione.cai.it\/commissione-centrale-alpinismo-giovanile-abruzzo\/2015\/06\/in-montagna-con-i-cinque-sensi\/","title":{"rendered":"In Montagna Con I Cinque Sensi"},"content":{"rendered":"<p>L&#8217;ATTIVITA&#8217;<\/p>\n<div>Il contatto con ognuno dei 5 sensi avviene attraverso attivit\u00e0 funzionali dirette dal giovane per creare una personale esperienza del processo percettivo.\n    <\/div>\n<div>Il bambino potr\u00e0 scoprire che nessuno dei 5 sensi \u00e8 pi\u00f9 importante dell&#8217;altro, ma che solo dalla loro azione combinata e sinergica si pu\u00f2 fare una vera<br \/>\n    esperienza nell&#8217;esplorazione percettiva di ci\u00f2 che ci circonda. <\/div>\n<div>Le attivit\u00e0 proposte mirano a coinvolgere sia gli ambiti sensoriali che quelli della sfera emotiva ed affettiva.<\/p><\/div>\n<p>OBIETTIVI<\/p>\n<div> &#8211; Favorire la capacit\u00e0 analitica nell&#8217;osservazione dell&#8217;ambiente quale strumento e luogo di relazione con la realt\u00e0 circostante, con l&#8217;altro e con se stessi.<\/div>\n<div> &#8211; Sviluppare la capacit\u00e0 di riflettere sull&#8217;esistenza di molteplici materiali le cui qualit\u00e0 e caratteristiche ne consentono un ulteriore riutilizzo<\/div>\n<div> &#8211; Accrescere l&#8217;attivit\u00e0 immaginativa<\/div>\n<div> &#8211; Incentivare la consapevolezza rispetto al proprio modo di percepire gli stimoli, alle proprie preferenze, ai propri desideri alle proprie emozioni<\/div>\n<div>\n     <\/div>\n<div>\n<div>Calendario<\/div>\n<div>Febbraio domenica 15<\/div>\n<div>Guardo e osservo l&#8217;ambiente invernale: magia e pericoli<br \/>\n         <\/div>\n<div>\n         <\/div>\n<div>Maggio domenica 24<\/div>\n<div>A caccia di profumi: le specialit\u00e0 floristiche<\/div>\n<div>\n         <\/div>\n<div>Giugno domenica 28<\/div>\n<div> Progressione su Ferrata <\/div>\n<div>\n         <\/div>\n<div>Luglio domenica 12<\/div>\n<div>Guardo e osservo l&#8217;ambiente estivo: magia e pericoli<\/div>\n<div>\n         <\/div>\n<div>Settembre sabato domenica 05\/06<\/div>\n<div>Mani sulla roccia<\/div>\n<div>Arrampicata in&hellip;<\/div>\n<div>\n         <\/div>\n<div>Ottobre domenica 18<\/div>\n<div>Legnatico per il rifugio, castagne da gustare<\/div>\n<div>\n         <\/div>\n<div>Novembre domenica 8<\/div>\n<div>Un giorno da pipistrelli, ascoltando il silenzio<\/div>\n<div>\n         <\/div>\n<div>Anche per il 2015 la CRAG Abruzzo \u00e8 aperta alla collaborazione con le altre Commissioni Tecniche e svolger\u00e0 la propria attivit\u00e0 con Cnsas-Sasa, Istruttori<br \/>\n        di Speleologia, Scuole di Alpinismo presenti in regione. <\/div>\n<div>\n         <\/div>\n<div>Inoltre il programma prevede:<\/div>\n<div>Aggiornamento tecnico: progressione e conduzione su terreno innevato.<\/div>\n<div>Corso per Accompagnatore Sezionale (data da destinarsi) <\/div>\n<div>Congresso della Commissione Regionale AG: sabato 14 novembre<\/div>\n<div>\n         <\/div>\n<div>Il Presidente Crag Abruzzo<\/div>\n<div>AAG Patrizia Tempesta<\/div>\n<\/div>\n","protected":false},"excerpt":{"rendered":"<p>L&#8217;ATTIVITA&#8217; Il contatto con ognuno dei 5 sensi avviene attraverso attivit\u00e0 funzionali dirette dal giovane per creare una personale esperienza del processo percettivo. Il bambino potr\u00e0 scoprire che nessuno dei [&hellip;]<\/p>\n","protected":false},"author":1,"featured_media":307,"comment_status":"closed","ping_status":"open","sticky":false,"template":"","format":"standard","meta":{"footnotes":""},"categories":[6],"tags":[7],"_links":{"self":[{"href":"https:\/\/organizzazione.cai.it\/commissione-centrale-alpinismo-giovanile-abruzzo\/wp-json\/wp\/v2\/posts\/306"}],"collection":[{"href":"https:\/\/organizzazione.cai.it\/commissione-centrale-alpinismo-giovanile-abruzzo\/wp-json\/wp\/v2\/posts"}],"about":[{"href":"https:\/\/organizzazione.cai.it\/commissione-centrale-alpinismo-giovanile-abruzzo\/wp-json\/wp\/v2\/types\/post"}],"author":[{"embeddable":true,"href":"https:\/\/organizzazione.cai.it\/commissione-centrale-alpinismo-giovanile-abruzzo\/wp-json\/wp\/v2\/users\/1"}],"replies":[{"embeddable":true,"href":"https:\/\/organizzazione.cai.it\/commissione-centrale-alpinismo-giovanile-abruzzo\/wp-json\/wp\/v2\/comments?post=306"}],"version-history":[{"count":0,"href":"https:\/\/organizzazione.cai.it\/commissione-centrale-alpinismo-giovanile-abruzzo\/wp-json\/wp\/v2\/posts\/306\/revisions"}],"wp:featuredmedia":[{"embeddable":true,"href":"https:\/\/organizzazione.cai.it\/commissione-centrale-alpinismo-giovanile-abruzzo\/wp-json\/wp\/v2\/media\/307"}],"wp:attachment":[{"href":"https:\/\/organizzazione.cai.it\/commissione-centrale-alpinismo-giovanile-abruzzo\/wp-json\/wp\/v2\/media?parent=306"}],"wp:term":[{"taxonomy":"category","embeddable":true,"href":"https:\/\/organizzazione.cai.it\/commissione-centrale-alpinismo-giovanile-abruzzo\/wp-json\/wp\/v2\/categories?post=306"},{"taxonomy":"post_tag","embeddable":true,"href":"https:\/\/organizzazione.cai.it\/commissione-centrale-alpinismo-giovanile-abruzzo\/wp-json\/wp\/v2\/tags?post=306"}],"curies":[{"name":"wp","href":"https:\/\/api.w.org\/{rel}","templated":true}]}}