{"id":252,"date":"2022-04-04T05:44:51","date_gmt":"2022-04-04T05:44:51","guid":{"rendered":"https:\/\/organizzazione.cai.it\/commissione-centrale-alpinismo-giovanile-alto-adige\/2022\/04\/covid-19-aggiornamento-attivita-al-chiuso-e-allaperto\/"},"modified":"2022-04-04T05:44:51","modified_gmt":"2022-04-04T05:44:51","slug":"covid-19-aggiornamento-attivita-al-chiuso-e-allaperto","status":"publish","type":"post","link":"https:\/\/organizzazione.cai.it\/commissione-centrale-alpinismo-giovanile-alto-adige\/2022\/04\/covid-19-aggiornamento-attivita-al-chiuso-e-allaperto\/","title":{"rendered":"Covid-19 &#8211; Attivit\u00e0 Cai Al Chiuso E All&#8217;aperto"},"content":{"rendered":"<p><span style=\"font-weight: 400\">Care Accompagnatrici e cari Accompagnatori,<\/span><\/p>\n<p><span style=\"font-weight: 400\">due anni fa abbiamo intrapreso un percorso difficile, complesso, durante il quale abbiamo cercato di mantenere i contatti fra noi e con i nostri ragazzi, cercando di far convergere le nostre preziose particolarit\u00e0 verso obiettivi comuni, Abbiamo riscoperto, se ce ne fosse stato bisogno, che la salute \u00e8 un bene prezioso, e noi tutte e tutti abbiamo accettato le limitazioni pur di salvaguardare la nostra, quella dei nostri cari e delle persone che accompagniamo.<\/span><\/p>\n<p><span style=\"font-weight: 400\">Dopo un periodo di blocco totale e un successivo tempo dedicato ad un parziale riavvio delle attivit\u00e0 e dei corsi, ora, a seguito dell\u2019aggiornamento normativo in applicazione del D.L. n.24 del 24 marzo 2022 con validit\u00e0 dal 1\u00b0 al 30 aprile 2022, \u00e8 stata diramata una comunicazione dalla Sede Centrale del nostro Sodalizio riguardante nuove disposizioni sulla gestione delle attivit\u00e0 al chiuso e all&#8217;aperto. Disposizioni che fanno decadere tutte quelle precedentemente emanate, comprese quelle dalla nostra Commissione.<\/span><\/p>\n<p><span style=\"font-weight: 400\">La nuova comunicazione, in sintesi, stabilisce che dal 1\u00b0 al 30 aprile 2022, per le attivit\u00e0 all\u2019aperto non sono pi\u00f9 previste n\u00e9 limitazioni al numero di partecipanti, n\u00e9 limitazioni soggettive, collegate al possesso del green pass, fatto salvo l\u2019obbligo di esibire il green pass &#8220;base&#8221; nel caso di escursioni con mezzi pubblici o pullman privati. Non \u00e8 pi\u00f9 necessario, inoltre, presentare il modulo di autocertificazione al momento della partenza delle attivit\u00e0. <\/span><span style=\"font-weight: 400\">Resta confermato l\u2019obbligo del green pass \u201crafforzato\u201d per tutte le attivit\u00e0, corsi compresi, svolte all\u2019interno delle sedi sociali o al chiuso, in quanto parificate a \u201ccentri ricreativi, culturali e sociali\u201d, fatti salvi i soggetti di et\u00e0 inferiore ai 12 anni e i soggetti esenti da campagna vaccinale, sulla base di idonea certificazione medica. <\/span><span style=\"font-weight: 400\">Permane l\u2019obbligo di indossare la mascherina; \u00e8 sufficiente quella chirurgica, in tutti i luoghi al chiuso, \u201ctranne quando non sia garantito in modo continuativo l\u2019isolamento da persone non conviventi\u201d.<\/span><\/p>\n<p><span style=\"font-weight: 400\">La Commissione Centrale di Alpinismo Giovanile<\/span><\/p>\n<p>&nbsp;<\/p>\n<p><strong><a href=\"https:\/\/organizzazione.cai.it\/commissione-centrale-alpinismo-giovanile-alto-adige\/wp-content\/uploads\/sites\/72\/2024\/11\/Aggiornamenti-dal-1%C2%B0-al-30-aprile-2022-per-attivit%C3%A0-al-chiuso-e-allaperto.pdf\" target=\"_blank\" rel=\"noopener\">Scarica il documento con le regole in vigore dal 1 al 30 aprile 2022<\/a><\/strong><\/p>\n<p><a href=\"https:\/\/archivio.cai.it\/covid-19\/\" target=\"_blank\" rel=\"noopener\">Tieniti aggiornato con la pagina dedicata sul sito Internet del CAI<\/a><\/p>\n<p>&nbsp;<\/p>\n","protected":false},"excerpt":{"rendered":"<p>Care Accompagnatrici e cari Accompagnatori, due anni fa abbiamo intrapreso un percorso difficile, complesso, durante il quale abbiamo cercato di mantenere i contatti fra noi e con i nostri ragazzi, [&hellip;]<\/p>\n","protected":false},"author":1,"featured_media":137,"comment_status":"closed","ping_status":"open","sticky":false,"template":"","format":"standard","meta":{"footnotes":""},"categories":[6],"tags":[7],"_links":{"self":[{"href":"https:\/\/organizzazione.cai.it\/commissione-centrale-alpinismo-giovanile-alto-adige\/wp-json\/wp\/v2\/posts\/252"}],"collection":[{"href":"https:\/\/organizzazione.cai.it\/commissione-centrale-alpinismo-giovanile-alto-adige\/wp-json\/wp\/v2\/posts"}],"about":[{"href":"https:\/\/organizzazione.cai.it\/commissione-centrale-alpinismo-giovanile-alto-adige\/wp-json\/wp\/v2\/types\/post"}],"author":[{"embeddable":true,"href":"https:\/\/organizzazione.cai.it\/commissione-centrale-alpinismo-giovanile-alto-adige\/wp-json\/wp\/v2\/users\/1"}],"replies":[{"embeddable":true,"href":"https:\/\/organizzazione.cai.it\/commissione-centrale-alpinismo-giovanile-alto-adige\/wp-json\/wp\/v2\/comments?post=252"}],"version-history":[{"count":0,"href":"https:\/\/organizzazione.cai.it\/commissione-centrale-alpinismo-giovanile-alto-adige\/wp-json\/wp\/v2\/posts\/252\/revisions"}],"wp:featuredmedia":[{"embeddable":true,"href":"https:\/\/organizzazione.cai.it\/commissione-centrale-alpinismo-giovanile-alto-adige\/wp-json\/wp\/v2\/media\/137"}],"wp:attachment":[{"href":"https:\/\/organizzazione.cai.it\/commissione-centrale-alpinismo-giovanile-alto-adige\/wp-json\/wp\/v2\/media?parent=252"}],"wp:term":[{"taxonomy":"category","embeddable":true,"href":"https:\/\/organizzazione.cai.it\/commissione-centrale-alpinismo-giovanile-alto-adige\/wp-json\/wp\/v2\/categories?post=252"},{"taxonomy":"post_tag","embeddable":true,"href":"https:\/\/organizzazione.cai.it\/commissione-centrale-alpinismo-giovanile-alto-adige\/wp-json\/wp\/v2\/tags?post=252"}],"curies":[{"name":"wp","href":"https:\/\/api.w.org\/{rel}","templated":true}]}}