{"id":253,"date":"2021-12-31T09:31:22","date_gmt":"2021-12-31T09:31:22","guid":{"rendered":"https:\/\/organizzazione.cai.it\/commissione-centrale-alpinismo-giovanile-alto-adige\/2021\/12\/novita-per-gli-accompagnatori-e-auguri-2022\/"},"modified":"2021-12-31T09:31:22","modified_gmt":"2021-12-31T09:31:22","slug":"novita-per-gli-accompagnatori-e-auguri-2022","status":"publish","type":"post","link":"https:\/\/organizzazione.cai.it\/commissione-centrale-alpinismo-giovanile-alto-adige\/2021\/12\/novita-per-gli-accompagnatori-e-auguri-2022\/","title":{"rendered":"Novit\u00e0 Per Gli Accompagnatori E Auguri 2022"},"content":{"rendered":"<p><span style=\"font-size: 10.5pt;font-family: 'Helvetica',sans-serif;color: #173b49\">Care Accompagnatrici e cari Accompagnatori,<\/span><\/p>\n<p><span style=\"font-size: 10.5pt;font-family: 'Helvetica',sans-serif;color: #173b49\">nonostante le restrizioni imposte, ci auguriamo che questa fine del 2021 sia per voi un momento di gioia e svago. Vi chiediamo di dedicarci qualche minuto per condividere qualche riflessione e aggiornamenti. Il nostro primo pensiero \u00e8 per l&#8217;impegno che avete messo nel vostro ruolo di volontari in seno al CAI, in un anno molto difficile che ha visto l\u2019alternarsi di chiusure e ripartenze delle nostre attivit\u00e0. Un anno in cui tutti avete svolto un compito importante. Se l&#8217;Alpinismo Giovanile ha avuto riconosciuti dei meriti, \u00e8 grazie e al vostro impegno di Accompagnatori. I vostri sforzi, anche innovativi, a favore dell&#8217;Alpinismo Giovanile hanno permesso di affrontare le difficolt\u00e0 legate alla pandemia e sicuramente ci porteranno ad affrontare con successo le prossime sfide. Incontrarvi numerosi in occasione del raduno nazionale che si \u00e8 svolto in Val Rendena a fine agosto 2021, \u00e8 stato motivo di orgoglio, cos\u00ec come siamo orgogliosi di come avete lavorato, collaborato fra voi e dei risultati che avete ottenuto. La dedizione da parte vostra non \u00e8 mai venuta meno, anche in quanti hanno lavorato con i Giovani in modo saltuario, data la situazione pandemica. A tutti voi la CCAG desidera dire grazie!<\/span><\/p>\n<p><span style=\"font-size: 10.5pt;font-family: 'Helvetica',sans-serif;color: #173b49\">Di seguito alcuni importanti aggiornamenti.<\/span><\/p>\n<p><span style=\"font-size: 10.5pt;font-family: 'Helvetica',sans-serif;color: #173b49\">Il prorogarsi dell\u2019emergenza Covid-19 e il susseguirsi dei decreti legge hanno costretto questa Commissione a modificare le proprie linee guida a novembre scorso, come comunicato con newsletter del 26\/11\/2021 (<a title=\"Scarica il documento\" href=\"https:\/\/organizzazione.cai.it\/commissione-centrale-alpinismo-giovanile-alto-adige\/wp-content\/uploads\/sites\/72\/2024\/11\/Linee-guida-per-la-gestione-delle-escursioni-sezionali-di-Alpinismo-Giovanile-Covid-19-Novembre-2021.pdf\" target=\"_blank\" rel=\"noopener noreferrer\">Scarica il documento<\/a>). <strong><span style=\"font-family: 'Helvetica',sans-serif\">E\u2019 invece del 28 dicembre la comunicazione della Sede Centrale che riporta l\u2019ultimo aggiornamento sulla gestione delle attivit\u00e0 al chiuso e all\u2019aperto, in seguito al D.L. 221 del 24.12.2021, che vi invitiamo a leggere<\/span><\/strong> (<a title=\"Scarica il documento\" href=\"https:\/\/organizzazione.cai.it\/commissione-centrale-alpinismo-giovanile-alto-adige\/wp-content\/uploads\/sites\/72\/2024\/11\/Aggiornamenti-dal-25.12.2021-sulla-gestione-delle-attivit%C3%A0-al-chiuso-e-allaperto_signed_signed.pdf\" target=\"_blank\" rel=\"noopener noreferrer\">Scarica il documento<\/a>).<\/span><\/p>\n<p><span style=\"font-size: 10.5pt;font-family: 'Helvetica',sans-serif;color: #173b49\">La Commissione \u00e8 stata coinvolta nella preparazione di un <strong><span style=\"font-family: 'Helvetica',sans-serif\">documento che \u00e8 stato inviato al Dipartimento dello Sport della Presidenza del Consiglio dei Ministri riguardante il D.L. 40\/2021 sulle attivit\u00e0 invernali. L\u2019indicazione della CCAG agli Accompagnatori \u00e8 che le uscite di AG in ambiente innevato si debbano svolgere in condizioni ambientali e nivometeorologiche tali da non ritenere necessari ARTVa, Pala e Sonda<\/span><\/strong> (<a title=\"Scarica il documento\" href=\"https:\/\/organizzazione.cai.it\/commissione-centrale-alpinismo-giovanile-alto-adige\/wp-content\/uploads\/sites\/72\/2024\/11\/indicazioni-CAI-legge-40-2021-su-RCT-ARTVa-16-12-21.pdf\" target=\"_blank\" rel=\"noopener noreferrer\">Scarica il documento<\/a>).<\/span><\/p>\n<p><span style=\"font-size: 10.5pt;font-family: 'Helvetica',sans-serif;color: #173b49\">Il 30 novembre la Commissione ha stilato un <strong><span style=\"font-family: 'Helvetica',sans-serif\">protocollo di intesa con la Commissione Escursionismo riguardanti le attivit\u00e0 e i corsi di cicloescursionismo, compreso quello di abilitazione per ANAG\/AAG<\/span><\/strong> (<a title=\"Scarica il documento\" href=\"https:\/\/organizzazione.cai.it\/commissione-centrale-alpinismo-giovanile-alto-adige\/wp-content\/uploads\/sites\/72\/2024\/11\/Documento-intenti-CCE-CCAG-Cicloescursionismo-2021.pdf\" target=\"_blank\" rel=\"noopener noreferrer\">Scarica il documento<\/a>).<\/span><\/p>\n<p><span style=\"font-size: 10.5pt;font-family: 'Helvetica',sans-serif;color: #173b49\">Per il periodo di vidimazione in scadenza 31\/12\/2023 \u00e8 stato ideato da parte della SCAG <strong><span style=\"font-family: 'Helvetica',sans-serif\">un aggiornamento obbligatorio, dedicato esclusivamente agli ASAG, alternativo a quello sull\u2019accompagnamento in ferrata<\/span><\/strong>, i cui contenuti saranno condivisi appena possibile.<\/span><\/p>\n<p><span style=\"font-size: 10.5pt;font-family: 'Helvetica',sans-serif;color: #173b49\">Nel 2022, la Commissione ha deciso di programmare delle <strong><span style=\"font-family: 'Helvetica',sans-serif\">attivit\u00e0 rivolte ai Giovani, mettendo in calendario per<u> il 3 e 4 settembre 2022<\/u> un raduno, da svolgersi contemporaneamente in localit\u00e0 diverse, sul tema del carsismo e della speleologia<\/span><\/strong>. Vi chiediamo gi\u00e0 di fissarlo in agenda, in attesa della diffusione del programma. Stiamo valutando, inoltre, l\u2019opportunit\u00e0 di organizzare ulteriori incontri a livello nazionale dedicati ai Giovani.<\/span><\/p>\n<p><strong><span style=\"font-size: 10.5pt;font-family: 'Helvetica',sans-serif;color: #173b49\">Il <u>5 e 6 novembre 2022<\/u><\/span><\/strong><u> <\/u><strong><span style=\"font-size: 10.5pt;font-family: 'Helvetica',sans-serif;color: #173b49\">si terr\u00e0 il Congresso Nazionale di tutti gli Accompagnatori di AG<\/span><\/strong><span style=\"font-size: 10.5pt;font-family: 'Helvetica',sans-serif;color: #173b49\"> che dovr\u00e0 vederci protagonisti attivi e a cui, ne siamo certi, porterete il vostro prezioso contributo alle tematiche che verranno discusse. nonch\u00e9 per il rinnovo della CCAG che sar\u00e0 in scadenza. Quella sar\u00e0 anche l&#8217;occasione per ringraziarvi di persona per il prezioso contributo che avete offerto e che, siamo certi, continuerete ad offrire.<\/span><\/p>\n<p><span style=\"font-size: 10.5pt;font-family: 'Helvetica',sans-serif;color: #173b49\">Ringraziandovi per l\u2019attenzione, desideriamo inviarvi i pi\u00f9 sinceri e calorosi auguri per un felice anno nuovo assieme ai vostri cari.<\/span><\/p>\n<p><span style=\"font-size: 10.5pt;font-family: 'Helvetica',sans-serif;color: #173b49\">La Commissione Centrale di Alpinismo Giovanile<\/span><\/p>\n","protected":false},"excerpt":{"rendered":"<p>Care Accompagnatrici e cari Accompagnatori, nonostante le restrizioni imposte, ci auguriamo che questa fine del 2021 sia per voi un momento di gioia e svago. Vi chiediamo di dedicarci qualche [&hellip;]<\/p>\n","protected":false},"author":1,"featured_media":139,"comment_status":"closed","ping_status":"open","sticky":false,"template":"","format":"standard","meta":{"footnotes":""},"categories":[6],"tags":[7],"_links":{"self":[{"href":"https:\/\/organizzazione.cai.it\/commissione-centrale-alpinismo-giovanile-alto-adige\/wp-json\/wp\/v2\/posts\/253"}],"collection":[{"href":"https:\/\/organizzazione.cai.it\/commissione-centrale-alpinismo-giovanile-alto-adige\/wp-json\/wp\/v2\/posts"}],"about":[{"href":"https:\/\/organizzazione.cai.it\/commissione-centrale-alpinismo-giovanile-alto-adige\/wp-json\/wp\/v2\/types\/post"}],"author":[{"embeddable":true,"href":"https:\/\/organizzazione.cai.it\/commissione-centrale-alpinismo-giovanile-alto-adige\/wp-json\/wp\/v2\/users\/1"}],"replies":[{"embeddable":true,"href":"https:\/\/organizzazione.cai.it\/commissione-centrale-alpinismo-giovanile-alto-adige\/wp-json\/wp\/v2\/comments?post=253"}],"version-history":[{"count":0,"href":"https:\/\/organizzazione.cai.it\/commissione-centrale-alpinismo-giovanile-alto-adige\/wp-json\/wp\/v2\/posts\/253\/revisions"}],"wp:featuredmedia":[{"embeddable":true,"href":"https:\/\/organizzazione.cai.it\/commissione-centrale-alpinismo-giovanile-alto-adige\/wp-json\/wp\/v2\/media\/139"}],"wp:attachment":[{"href":"https:\/\/organizzazione.cai.it\/commissione-centrale-alpinismo-giovanile-alto-adige\/wp-json\/wp\/v2\/media?parent=253"}],"wp:term":[{"taxonomy":"category","embeddable":true,"href":"https:\/\/organizzazione.cai.it\/commissione-centrale-alpinismo-giovanile-alto-adige\/wp-json\/wp\/v2\/categories?post=253"},{"taxonomy":"post_tag","embeddable":true,"href":"https:\/\/organizzazione.cai.it\/commissione-centrale-alpinismo-giovanile-alto-adige\/wp-json\/wp\/v2\/tags?post=253"}],"curies":[{"name":"wp","href":"https:\/\/api.w.org\/{rel}","templated":true}]}}