{"id":230,"date":"2020-05-03T18:57:29","date_gmt":"2020-05-03T18:57:29","guid":{"rendered":"https:\/\/organizzazione.cai.it\/commissione-centrale-alpinismo-giovanile-liguria-piemonte-val-daosta\/2020\/05\/attivita-ag-ed-emergenza-covid-19\/"},"modified":"2024-11-15T19:22:36","modified_gmt":"2024-11-15T19:22:36","slug":"attivita-ag-ed-emergenza-covid-19","status":"publish","type":"post","link":"https:\/\/organizzazione.cai.it\/commissione-centrale-alpinismo-giovanile-liguria-piemonte-valle-daosta\/2020\/05\/attivita-ag-ed-emergenza-covid-19\/","title":{"rendered":"Corsi E Attivit\u00e0 Di Ag Nel 2020"},"content":{"rendered":"<p><em>Cari Accompagnatori,<\/em><\/p>\n<p><em>vi comunichiamo che il Comitato Direttivo Centrale del CAI ha preso in esame il tema delle attivit\u00e0 in relazione all&#8217;emergenza Covid-19, decidendo di sospendere, per l&#8217;anno 2020, tutti i corsi di formazione e di aggiornamento facenti capo agli OTC e agli OTTO sia in termini di organizzazione che di rilascio di nulla osta. Ci\u00f2 \u00e8 da intendere quindi per tutti i corsi dedicati agli Accompagnatori, ma anche i corsi di Alpinismo Giovanile, per i quali il nulla osta viene rilasciato dagli OTTO.<\/em><\/p>\n<p><em>Per quanto riguarda le attivit\u00e0 organizzate in autonomia dalle Sezioni, svolte in ambiente e\/o in presenza fisica, si rimanda alle disposizioni emanate dai singoli Enti territoriali competenti.<\/em><\/p>\n<p><em>Per la valutazione delle attivit\u00e0 degli Accompagnatori, si riterranno valide solo le attivit\u00e0 svolte nel 2021 e 2022. Approfittiamo dell&#8217;occasione per segnalare che stiamo valutando nuove modalit\u00e0 per il rientro dallo stato di sospensione.<\/em><\/p>\n<p><em>Raccogliendo l&#8217;invito della Sede Centrale, vi invitiamo a rimanere in contatto con gli Accompagnatori e con i Giovani attraverso gli strumenti digitali favorendo iniziative culturali, informative ed incontri on-line.<\/em><\/p>\n<p><em><a href=\"https:\/\/organizzazione.cai.it\/commissione-centrale-alpinismo-giovanile-liguria-piemonte-valle-daosta\/wp-content\/uploads\/sites\/75\/2024\/11\/Disposizioni-OT-2020-da-CDC.pdf\" target=\"_blank\" rel=\"noopener\"><strong>Scarica il documento<\/strong><\/a><\/em><\/p>\n<p><em>Nell&#8217;attesa di potervi incontrare, vi salutiamo con amicizia.<\/em><\/p>\n<p><em>La Commissione Centrale di Alpinismo Giovanile<\/em><\/p>\n","protected":false},"excerpt":{"rendered":"<p>Cari Accompagnatori, vi comunichiamo che il Comitato Direttivo Centrale del CAI ha preso in esame il tema delle attivit\u00e0 in relazione all&#8217;emergenza Covid-19, decidendo di sospendere, per l&#8217;anno 2020, tutti [&hellip;]<\/p>\n","protected":false},"author":1,"featured_media":231,"comment_status":"closed","ping_status":"open","sticky":false,"template":"","format":"standard","meta":{"footnotes":""},"categories":[6],"tags":[],"_links":{"self":[{"href":"https:\/\/organizzazione.cai.it\/commissione-centrale-alpinismo-giovanile-liguria-piemonte-valle-daosta\/wp-json\/wp\/v2\/posts\/230"}],"collection":[{"href":"https:\/\/organizzazione.cai.it\/commissione-centrale-alpinismo-giovanile-liguria-piemonte-valle-daosta\/wp-json\/wp\/v2\/posts"}],"about":[{"href":"https:\/\/organizzazione.cai.it\/commissione-centrale-alpinismo-giovanile-liguria-piemonte-valle-daosta\/wp-json\/wp\/v2\/types\/post"}],"author":[{"embeddable":true,"href":"https:\/\/organizzazione.cai.it\/commissione-centrale-alpinismo-giovanile-liguria-piemonte-valle-daosta\/wp-json\/wp\/v2\/users\/1"}],"replies":[{"embeddable":true,"href":"https:\/\/organizzazione.cai.it\/commissione-centrale-alpinismo-giovanile-liguria-piemonte-valle-daosta\/wp-json\/wp\/v2\/comments?post=230"}],"version-history":[{"count":1,"href":"https:\/\/organizzazione.cai.it\/commissione-centrale-alpinismo-giovanile-liguria-piemonte-valle-daosta\/wp-json\/wp\/v2\/posts\/230\/revisions"}],"predecessor-version":[{"id":493,"href":"https:\/\/organizzazione.cai.it\/commissione-centrale-alpinismo-giovanile-liguria-piemonte-valle-daosta\/wp-json\/wp\/v2\/posts\/230\/revisions\/493"}],"wp:featuredmedia":[{"embeddable":true,"href":"https:\/\/organizzazione.cai.it\/commissione-centrale-alpinismo-giovanile-liguria-piemonte-valle-daosta\/wp-json\/wp\/v2\/media\/231"}],"wp:attachment":[{"href":"https:\/\/organizzazione.cai.it\/commissione-centrale-alpinismo-giovanile-liguria-piemonte-valle-daosta\/wp-json\/wp\/v2\/media?parent=230"}],"wp:term":[{"taxonomy":"category","embeddable":true,"href":"https:\/\/organizzazione.cai.it\/commissione-centrale-alpinismo-giovanile-liguria-piemonte-valle-daosta\/wp-json\/wp\/v2\/categories?post=230"},{"taxonomy":"post_tag","embeddable":true,"href":"https:\/\/organizzazione.cai.it\/commissione-centrale-alpinismo-giovanile-liguria-piemonte-valle-daosta\/wp-json\/wp\/v2\/tags?post=230"}],"curies":[{"name":"wp","href":"https:\/\/api.w.org\/{rel}","templated":true}]}}