{"id":255,"date":"2020-06-23T14:22:11","date_gmt":"2020-06-23T14:22:11","guid":{"rendered":"https:\/\/organizzazione.cai.it\/commissione-centrale-alpinismo-giovanile-lombardia\/2020\/06\/covid-19-riavvio-delle-escursioni-sezionali-di-ag\/"},"modified":"2020-06-23T14:22:11","modified_gmt":"2020-06-23T14:22:11","slug":"covid-19-riavvio-delle-escursioni-sezionali-di-ag","status":"publish","type":"post","link":"https:\/\/organizzazione.cai.it\/commissione-centrale-alpinismo-giovanile-lombardia\/2020\/06\/covid-19-riavvio-delle-escursioni-sezionali-di-ag\/","title":{"rendered":"Covid-19 &#8211; Riavvio Delle Escursioni Sezionali Di Ag"},"content":{"rendered":"<p><em>A tutte le Commissioni Sezionali\/Intersezionali di Alpinismo Giovanile<\/em><\/p>\n<p><em>Augurandoci di poter superare anche questa ulteriore fase dell&#8217;emergenza sanitaria, riportiamo di seguito il link da cui \u00e8 possibile scaricare le norme per la ripresa delle attivit\u00e0. In caso di necessit\u00e0 di chiarimento \u00e8 possibile rivolgersi all&#8217;OTTO di riferimento o alla CCAG.<\/em><\/p>\n<p><em>Un amichevole saluto<\/em><\/p>\n<p><em>La Commissione Centrale di Alpinismo Giovanile<\/em><\/p>\n<p><em><strong><a href=\"https:\/\/organizzazione.cai.it\/commissione-centrale-alpinismo-giovanile-lombardia\/wp-content\/uploads\/sites\/77\/2024\/11\/Ripartenza-AG-22-giugno-2020.pdf\" target=\"_blank\" rel=\"noopener\">Indicazioni per il riavvio delle escursioni sezionali di Alpinismo Giovanile\u00a0&#8211; 22 giugno 2020<\/a><\/strong><\/em><\/p>\n","protected":false},"excerpt":{"rendered":"<p>A tutte le Commissioni Sezionali\/Intersezionali di Alpinismo Giovanile Augurandoci di poter superare anche questa ulteriore fase dell&#8217;emergenza sanitaria, riportiamo di seguito il link da cui \u00e8 possibile scaricare le norme [&hellip;]<\/p>\n","protected":false},"author":1,"featured_media":256,"comment_status":"closed","ping_status":"open","sticky":false,"template":"","format":"standard","meta":{"footnotes":""},"categories":[6],"tags":[8],"_links":{"self":[{"href":"https:\/\/organizzazione.cai.it\/commissione-centrale-alpinismo-giovanile-lombardia\/wp-json\/wp\/v2\/posts\/255"}],"collection":[{"href":"https:\/\/organizzazione.cai.it\/commissione-centrale-alpinismo-giovanile-lombardia\/wp-json\/wp\/v2\/posts"}],"about":[{"href":"https:\/\/organizzazione.cai.it\/commissione-centrale-alpinismo-giovanile-lombardia\/wp-json\/wp\/v2\/types\/post"}],"author":[{"embeddable":true,"href":"https:\/\/organizzazione.cai.it\/commissione-centrale-alpinismo-giovanile-lombardia\/wp-json\/wp\/v2\/users\/1"}],"replies":[{"embeddable":true,"href":"https:\/\/organizzazione.cai.it\/commissione-centrale-alpinismo-giovanile-lombardia\/wp-json\/wp\/v2\/comments?post=255"}],"version-history":[{"count":0,"href":"https:\/\/organizzazione.cai.it\/commissione-centrale-alpinismo-giovanile-lombardia\/wp-json\/wp\/v2\/posts\/255\/revisions"}],"wp:featuredmedia":[{"embeddable":true,"href":"https:\/\/organizzazione.cai.it\/commissione-centrale-alpinismo-giovanile-lombardia\/wp-json\/wp\/v2\/media\/256"}],"wp:attachment":[{"href":"https:\/\/organizzazione.cai.it\/commissione-centrale-alpinismo-giovanile-lombardia\/wp-json\/wp\/v2\/media?parent=255"}],"wp:term":[{"taxonomy":"category","embeddable":true,"href":"https:\/\/organizzazione.cai.it\/commissione-centrale-alpinismo-giovanile-lombardia\/wp-json\/wp\/v2\/categories?post=255"},{"taxonomy":"post_tag","embeddable":true,"href":"https:\/\/organizzazione.cai.it\/commissione-centrale-alpinismo-giovanile-lombardia\/wp-json\/wp\/v2\/tags?post=255"}],"curies":[{"name":"wp","href":"https:\/\/api.w.org\/{rel}","templated":true}]}}