{"id":361,"date":"2021-06-19T18:52:52","date_gmt":"2021-06-19T18:52:52","guid":{"rendered":"https:\/\/organizzazione.cai.it\/commissione-centrale-alpinismo-giovanile-sicilia\/2021\/06\/modifica-triennio-di-vidimazione\/"},"modified":"2021-06-19T18:52:52","modified_gmt":"2021-06-19T18:52:52","slug":"modifica-triennio-di-vidimazione","status":"publish","type":"post","link":"https:\/\/organizzazione.cai.it\/commissione-centrale-alpinismo-giovanile-sicilia\/2021\/06\/modifica-triennio-di-vidimazione\/","title":{"rendered":"Modifica Triennio Di Vidimazione"},"content":{"rendered":"<p><span style=\"font-size: 10.5pt;font-family: 'Helvetica',sans-serif;color: #173b49\">Care Accompagnatrici e cari Accompagnatori,<\/span><\/p>\n<p><span style=\"font-size: 10.5pt;font-family: 'Helvetica',sans-serif;color: #173b49\">la pandemia Covid-19 che ha portato lutti in molte famiglie, che ha picchiato duro sulla nostra voglia e sul nostro bisogno di tornare a una vita normale, che ha accentuato le nostre insicurezze, sembra (ed il condizionale in questi momenti \u00e8 ancora d\u2019obbligo) si stia allontanando. Ci sono vaccini che rappresentano un&#8217;iniezione di speranza e che lasciano intravedere la fine di questo tempo buio e doloroso. Con la fine di questo incubo sta tornando la voglia di ripartire, di tornare nella natura a goderci i nostri boschi e le nostre montagne.<\/span><\/p>\n<p><span style=\"font-size: 10.5pt;font-family: 'Helvetica',sans-serif;color: #173b49\">Ed \u00e8 proprio in relazione alle nostre attivit\u00e0 che la Commissione Centrale, venendo incontro anche ad alcune richieste giunte dai territori, ha deliberato di apportare alcune modifiche alle norme sulle vidimazioni riferite al triennio in corso. <\/span><\/p>\n<p><strong><span style=\"font-size: 10.5pt;font-family: 'Helvetica',sans-serif;color: #173b49\">Il 2020 non verr\u00e0 conteggiato ai fini della valutazione delle attivit\u00e0 e inoltre il triennio di vidimazione sar\u00e0 il 2021-2023<\/span><\/strong><span style=\"font-size: 10.5pt;font-family: 'Helvetica',sans-serif;color: #173b49\">. <\/span><\/p>\n<p><span style=\"font-size: 10.5pt;font-family: 'Helvetica',sans-serif;color: #173b49\">I titolati e qualificati sezionali in sospensione dal 2020 avranno tempo fino al 31 dicembre 2023 per rientrare in attivit\u00e0, pena la cancellazione del titolo\/qualifica. <\/span><\/p>\n<p><span style=\"font-size: 10.5pt;font-family: 'Helvetica',sans-serif;color: #173b49\">Gli aggiornamenti obbligatori svolti nel corso del 2020 saranno ritenuti validi ai fini della vidimazione.<\/span><\/p>\n<p><strong><span style=\"font-size: 10.5pt;font-family: 'Helvetica',sans-serif;color: #173b49\">Per il solo anno 2021<\/span><\/strong><span style=\"font-size: 10.5pt;font-family: 'Helvetica',sans-serif;color: #173b49\">, tenuto conto dei ritardi nelle ripartenze e delle limitazioni governative pregresse ed in atto, <strong><span style=\"font-family: 'Helvetica',sans-serif\">sar\u00e0 sufficiente svolgere 3 giornate di AG in ambiente<\/span><\/strong>. Nel triennio si dovranno quindi svolgere almeno 3+7+7=17 giornate di attivit\u00e0 per ottenere la vidimazione. Restano valide le altre disposizioni del <strong><span style=\"font-family: 'Helvetica',sans-serif\"><a title=\"regolamento in vigore\" href=\"https:\/\/organizzazione.cai.it\/commissione-centrale-alpinismo-giovanile-sicilia\/wp-content\/uploads\/sites\/76\/2024\/11\/6095160_2_ccag-documento-vidimazioni-approvato-01-07-17.pdf\" target=\"_blank\" rel=\"noopener noreferrer\">regolamento in vigore<\/a>. <\/span><\/strong><\/span><\/p>\n<p><span style=\"font-size: 10.5pt;font-family: 'Helvetica',sans-serif;color: #173b49\">Agli OTTO \u00e8 stata\u00a0data indicazione di vagliare attentamente singole problematiche, anche personali, che potrebbero portare ad un ulteriore ritardo nella ripartenza delle attivit\u00e0.<\/span><\/p>\n<p><span style=\"font-size: 10.5pt;font-family: 'Helvetica',sans-serif;color: #173b49\">Sperando di incontrarvi presto, <\/span><\/p>\n<p><span style=\"font-size: 10.5pt;font-family: 'Helvetica',sans-serif;color: #173b49\">La Commissione Centrale di Alpinismo Giovanile<\/span><\/p>\n","protected":false},"excerpt":{"rendered":"<p>Care Accompagnatrici e cari Accompagnatori, la pandemia Covid-19 che ha portato lutti in molte famiglie, che ha picchiato duro sulla nostra voglia e sul nostro bisogno di tornare a una [&hellip;]<\/p>\n","protected":false},"author":1,"featured_media":362,"comment_status":"closed","ping_status":"open","sticky":false,"template":"","format":"standard","meta":{"footnotes":""},"categories":[8],"tags":[6],"_links":{"self":[{"href":"https:\/\/organizzazione.cai.it\/commissione-centrale-alpinismo-giovanile-sicilia\/wp-json\/wp\/v2\/posts\/361"}],"collection":[{"href":"https:\/\/organizzazione.cai.it\/commissione-centrale-alpinismo-giovanile-sicilia\/wp-json\/wp\/v2\/posts"}],"about":[{"href":"https:\/\/organizzazione.cai.it\/commissione-centrale-alpinismo-giovanile-sicilia\/wp-json\/wp\/v2\/types\/post"}],"author":[{"embeddable":true,"href":"https:\/\/organizzazione.cai.it\/commissione-centrale-alpinismo-giovanile-sicilia\/wp-json\/wp\/v2\/users\/1"}],"replies":[{"embeddable":true,"href":"https:\/\/organizzazione.cai.it\/commissione-centrale-alpinismo-giovanile-sicilia\/wp-json\/wp\/v2\/comments?post=361"}],"version-history":[{"count":0,"href":"https:\/\/organizzazione.cai.it\/commissione-centrale-alpinismo-giovanile-sicilia\/wp-json\/wp\/v2\/posts\/361\/revisions"}],"wp:featuredmedia":[{"embeddable":true,"href":"https:\/\/organizzazione.cai.it\/commissione-centrale-alpinismo-giovanile-sicilia\/wp-json\/wp\/v2\/media\/362"}],"wp:attachment":[{"href":"https:\/\/organizzazione.cai.it\/commissione-centrale-alpinismo-giovanile-sicilia\/wp-json\/wp\/v2\/media?parent=361"}],"wp:term":[{"taxonomy":"category","embeddable":true,"href":"https:\/\/organizzazione.cai.it\/commissione-centrale-alpinismo-giovanile-sicilia\/wp-json\/wp\/v2\/categories?post=361"},{"taxonomy":"post_tag","embeddable":true,"href":"https:\/\/organizzazione.cai.it\/commissione-centrale-alpinismo-giovanile-sicilia\/wp-json\/wp\/v2\/tags?post=361"}],"curies":[{"name":"wp","href":"https:\/\/api.w.org\/{rel}","templated":true}]}}