{"id":203,"date":"2020-07-27T19:17:51","date_gmt":"2020-07-27T19:17:51","guid":{"rendered":"https:\/\/organizzazione.cai.it\/commissione-centrale-alpinismo-giovanile-toscana-emilia-romagna\/2020\/07\/al-via-il-nuovo-progetto-educativo-del-cai\/"},"modified":"2020-07-27T19:17:51","modified_gmt":"2020-07-27T19:17:51","slug":"al-via-il-nuovo-progetto-educativo-del-cai","status":"publish","type":"post","link":"https:\/\/organizzazione.cai.it\/commissione-centrale-alpinismo-giovanile-toscana-emilia-romagna\/2020\/07\/al-via-il-nuovo-progetto-educativo-del-cai\/","title":{"rendered":"Al Via Il Nuovo Progetto Educativo Del Cai"},"content":{"rendered":"<p>Gentili Accompagnatrici\/Accompagnatori,<\/p>\n<p>siamo lieti di informarvi che il Club Alpino Italiano ha rinnovato il proprio Progetto Educativo, il principale documento di riferimento per l\u2019Alpinismo Giovanile. Un riferimento che ha guidato il nostro operato in pi\u00f9 di 30 anni di attivit\u00e0 con i Giovani. Anche i Temi del metodo applicativo sono stati attualizzati, per considerare l\u2019attuale contesto in cui sono inseriti i Giovani, i Gruppi di Alpinismo Giovanile e le Sezioni CAI.<\/p>\n<p>Vi invitiamo a leggere con attenzione il documento che \u00e8 stato approvato dal Comitato Centrale di Indirizzo e Controllo del CAI lo scorso 20 giugno, anche al fine di trovare spunti e stimoli nuovi per arricchire l\u2019operato dei Gruppi di Alpinismo Giovanile: <a href=\"https:\/\/organizzazione.cai.it\/commissione-centrale-alpinismo-giovanile-toscana-emilia-romagna\/wp-content\/uploads\/sites\/80\/2024\/11\/Progetto-Educativo-CAI.pdf\" target=\"_blank\" rel=\"noopener\"><strong><u>scarica il Progetto Educativo 2020<\/u><\/strong><\/a><\/p>\n<p>Il nuovo Progetto Educativo e i Temi verranno utilizzati fin dai prossimi corsi di formazione per Accompagnatori, proponendo un\u2019analisi approfondita dei 6 elementi cardine del progetto: il Giovane, l\u2019Accompagnatore, il Gruppo, le Attivit\u00e0, il Metodo e l\u2019Uniformit\u00e0.<\/p>\n<p>Nel salutarvi, vi proponiamo di seguito una riflessione del Past President Matteo Girotti su questa occasione di rinnovamento che vede tutti noi protagonisti.<\/p>\n<p>La Commissione Centrale di Alpinismo Giovanile<\/p>\n<p>&nbsp;<\/p>\n<p><em>\u201cLa rivisitazione del Progetto Educativo e dei suoi Temi \u00e8 stata portato avanti, dall\u2019attuale e dalla precedente Commissione Centrale, con la tenacia, con la mediazione e la passione che ci caratterizza. E\u2019 il risultato di un impegnativo confronto tecnico e politico di quasi due anni, partito attraverso appassionati gruppi di lavoro, con la presenza di esperti di settore, al Congresso Straordinario di Reggio Emilia del 2018, per continuare con la condivisione e la presentazione degli elaborati agli appuntamenti ufficiali dell\u2019Alpinismo Giovanile, tra cui il Congresso di Dolc\u00e9 del 2019. Ricordiamo anche i contributi\u00a0 arrivati dai territori, sia da parte di singoli accompagnatori, sia dai gruppi di AG. <\/em><\/p>\n<p><em>Si tratta di un documento che ovviamente non \u00e8 il meglio in assoluto, ma \u00e8 la dimostrazione che la\u00a0 consapevolezza del ruolo, assieme alla franchezza espositiva e la necessaria gi\u00e0 citata mediazione, possono aiutarci a costruire un Progetto Educativo condiviso con il ruolo politico del CAI. <\/em><\/p>\n<p><em>Un documento che rappresenta comunque un \u201ccambiamento\u201d e che ha l\u2019obiettivo di caratterizzare un settore troppo spesso in balia di interpretazioni personali. <\/em><\/p>\n<p><em>Il Progetto Educativo e i suoi Temi, oltre alle Linee Guida per la Formazione ed ai Piani Didattici emessi nei mesi scorsi, hanno\u00a0 l\u2019obiettivo, anche da un punto di vista formativo, di misurare consapevolezza,\u00a0 appartenenza e specificit\u00e0 di ruolo, nonch\u00e9 di riconoscibilit\u00e0 del modo di operare dell\u2019AG internamente ed esternamente al sodalizio. Tutto ci\u00f2 rafforzando la specificit\u00e0 di un settore che, diversamente da altre discipline rivolte al mondo adulto, ci deve caratterizzare verso i Giovani e le loro famiglie.<\/em><\/p>\n<p><em>Grazie a chi si \u00e8 impegnato per questo risultato. Un primo passo!<\/em><\/p>\n<p><em>Matteo Girotti\u201d<\/em><\/p>\n","protected":false},"excerpt":{"rendered":"<p>Gentili Accompagnatrici\/Accompagnatori, siamo lieti di informarvi che il Club Alpino Italiano ha rinnovato il proprio Progetto Educativo, il principale documento di riferimento per l\u2019Alpinismo Giovanile. Un riferimento che ha guidato [&hellip;]<\/p>\n","protected":false},"author":1,"featured_media":204,"comment_status":"closed","ping_status":"open","sticky":false,"template":"","format":"standard","meta":{"footnotes":""},"categories":[8],"tags":[6],"_links":{"self":[{"href":"https:\/\/organizzazione.cai.it\/commissione-centrale-alpinismo-giovanile-toscana-emilia-romagna\/wp-json\/wp\/v2\/posts\/203"}],"collection":[{"href":"https:\/\/organizzazione.cai.it\/commissione-centrale-alpinismo-giovanile-toscana-emilia-romagna\/wp-json\/wp\/v2\/posts"}],"about":[{"href":"https:\/\/organizzazione.cai.it\/commissione-centrale-alpinismo-giovanile-toscana-emilia-romagna\/wp-json\/wp\/v2\/types\/post"}],"author":[{"embeddable":true,"href":"https:\/\/organizzazione.cai.it\/commissione-centrale-alpinismo-giovanile-toscana-emilia-romagna\/wp-json\/wp\/v2\/users\/1"}],"replies":[{"embeddable":true,"href":"https:\/\/organizzazione.cai.it\/commissione-centrale-alpinismo-giovanile-toscana-emilia-romagna\/wp-json\/wp\/v2\/comments?post=203"}],"version-history":[{"count":0,"href":"https:\/\/organizzazione.cai.it\/commissione-centrale-alpinismo-giovanile-toscana-emilia-romagna\/wp-json\/wp\/v2\/posts\/203\/revisions"}],"wp:featuredmedia":[{"embeddable":true,"href":"https:\/\/organizzazione.cai.it\/commissione-centrale-alpinismo-giovanile-toscana-emilia-romagna\/wp-json\/wp\/v2\/media\/204"}],"wp:attachment":[{"href":"https:\/\/organizzazione.cai.it\/commissione-centrale-alpinismo-giovanile-toscana-emilia-romagna\/wp-json\/wp\/v2\/media?parent=203"}],"wp:term":[{"taxonomy":"category","embeddable":true,"href":"https:\/\/organizzazione.cai.it\/commissione-centrale-alpinismo-giovanile-toscana-emilia-romagna\/wp-json\/wp\/v2\/categories?post=203"},{"taxonomy":"post_tag","embeddable":true,"href":"https:\/\/organizzazione.cai.it\/commissione-centrale-alpinismo-giovanile-toscana-emilia-romagna\/wp-json\/wp\/v2\/tags?post=203"}],"curies":[{"name":"wp","href":"https:\/\/api.w.org\/{rel}","templated":true}]}}