{"id":264,"date":"2022-12-23T14:48:12","date_gmt":"2022-12-23T14:48:12","guid":{"rendered":"https:\/\/organizzazione.cai.it\/commissione-centrale-alpinismo-giovanile\/2022\/12\/64107-2\/"},"modified":"2022-12-23T14:48:12","modified_gmt":"2022-12-23T14:48:12","slug":"64107-2","status":"publish","type":"post","link":"https:\/\/organizzazione.cai.it\/commissione-centrale-alpinismo-giovanile\/2022\/12\/64107-2\/","title":{"rendered":"Natale 2022"},"content":{"rendered":"<p style=\"margin: 0cm\">Care Accompagnatrici e cari Accompagnatori,<\/p>\n<p style=\"margin: 0cm\">con il 2023 spetter\u00e0 ai componenti della nuova Commissione prendere il testimone e continuare il nostro lavoro. Desideriamo esprimere il pi\u00f9 sentito ringraziamento per vostro operato in questi anni difficili, caratterizzati da una pandemia cha ha portato anche criticit\u00e0 economiche e lavorative. Anni in cui abbiamo esplorato nuovi modi di comunicare a distanza tramite le piattaforme digitali e i social, seppur nella consapevolezza che vedersi di persona abbia sempre un valore del tutto particolare.<\/p>\n<p style=\"margin: 0cm\">In questo periodo, grazie alla vostra\u00a0collaborazione, al supporto, alle segnalazioni, ai suggerimenti e alle critiche che ci avete rivolto anche personalmente e che ci hanno permesso di intervenire con maggiore puntualit\u00e0 nella\u00a0gestione dell\u2019AG, abbiamo ultimato alcuni importanti documenti di riferimento per l\u2019AG ed abbiamo ripreso le attivit\u00e0 nazionali, sia rivolte ai Giovani sia agli Accompagnatori. E&#8217; stato organizzato e portato a termine il corso ANAG grazie ad una Scuola Centrale determinata e dotata di un qualificato organico. Il sostegno, ma anche le critiche, per noi sono state un incoraggiamento a continuare il lavoro e a migliorarci.\u00a0Siamo sicuri che il nostro operato non sarebbe stato possibile senza di voi, grazie alla comune passione che abbiamo per la montagna e alla nostra voglia di trasmetterla ai Giovani, grazie alla disponibilit\u00e0 all\u2019ascolto reciproco, alla volont\u00e0 di mettersi continuamente in discussione, senza vergognarci dei nostri limiti.<\/p>\n<p style=\"margin: 0cm\">Cosa ci resta di questi anni?\u00a0Sicuramente le serate e i fine settimana dedicati alle riunioni di Commissione o di Coordinamento e gli incontri con gli OTTO e gli Accompagnatori. Ma anche la ritrovata unit\u00e0 d\u2019intenti e il confronto aperto fra noi e le altre realt\u00e0 del CAI. E soprattutto i sorrisi dei Giovani che hanno partecipato alle attivit\u00e0, in primis quella nazionale e la loro voglia di curiosit\u00e0 e autenticit\u00e0.<\/p>\n<p>Alla nuova Commissione auguriamo un buon lavoro, certi che porter\u00e0 a termine con successo i compiti e le sfide che l\u2019attendono.<\/p>\n<p>Vi proponiamo una frase di Don Milani che racchiude un po\u2019 il senso di ci\u00f2 che deve essere il nostro impegno di volontari nell\u2019AG:\u00a0<em>\u201cPer comunicare con i ragazzi dobbiamo imparare a piegare bene le ginocchia. Dobbiamo piegarci per stare faccia a faccia con loro. Dobbiamo cercare di entrare nel loro mondo\u201d.<\/em><\/p>\n<p>Vi salutiamo cordialmente, augurando a voi e ai vostri cari un Buon Natale e un felice 2023.<\/p>\n<p style=\"margin: 0cm;background-image: initial;background-position: initial;background-size: initial\">La Commissione Centrale di Alpinismo Giovanile 2020-2022<\/p>\n","protected":false},"excerpt":{"rendered":"<p>Care Accompagnatrici e cari Accompagnatori, con il 2023 spetter\u00e0 ai componenti della nuova Commissione prendere il testimone e continuare il nostro lavoro. Desideriamo esprimere il pi\u00f9 sentito ringraziamento per vostro [&hellip;]<\/p>\n","protected":false},"author":1,"featured_media":265,"comment_status":"closed","ping_status":"open","sticky":false,"template":"","format":"standard","meta":{"footnotes":""},"categories":[6],"tags":[],"_links":{"self":[{"href":"https:\/\/organizzazione.cai.it\/commissione-centrale-alpinismo-giovanile\/wp-json\/wp\/v2\/posts\/264"}],"collection":[{"href":"https:\/\/organizzazione.cai.it\/commissione-centrale-alpinismo-giovanile\/wp-json\/wp\/v2\/posts"}],"about":[{"href":"https:\/\/organizzazione.cai.it\/commissione-centrale-alpinismo-giovanile\/wp-json\/wp\/v2\/types\/post"}],"author":[{"embeddable":true,"href":"https:\/\/organizzazione.cai.it\/commissione-centrale-alpinismo-giovanile\/wp-json\/wp\/v2\/users\/1"}],"replies":[{"embeddable":true,"href":"https:\/\/organizzazione.cai.it\/commissione-centrale-alpinismo-giovanile\/wp-json\/wp\/v2\/comments?post=264"}],"version-history":[{"count":0,"href":"https:\/\/organizzazione.cai.it\/commissione-centrale-alpinismo-giovanile\/wp-json\/wp\/v2\/posts\/264\/revisions"}],"wp:featuredmedia":[{"embeddable":true,"href":"https:\/\/organizzazione.cai.it\/commissione-centrale-alpinismo-giovanile\/wp-json\/wp\/v2\/media\/265"}],"wp:attachment":[{"href":"https:\/\/organizzazione.cai.it\/commissione-centrale-alpinismo-giovanile\/wp-json\/wp\/v2\/media?parent=264"}],"wp:term":[{"taxonomy":"category","embeddable":true,"href":"https:\/\/organizzazione.cai.it\/commissione-centrale-alpinismo-giovanile\/wp-json\/wp\/v2\/categories?post=264"},{"taxonomy":"post_tag","embeddable":true,"href":"https:\/\/organizzazione.cai.it\/commissione-centrale-alpinismo-giovanile\/wp-json\/wp\/v2\/tags?post=264"}],"curies":[{"name":"wp","href":"https:\/\/api.w.org\/{rel}","templated":true}]}}