{"id":273,"date":"2022-08-23T14:47:48","date_gmt":"2022-08-23T14:47:48","guid":{"rendered":"https:\/\/organizzazione.cai.it\/commissione-centrale-alpinismo-giovanile\/2022\/08\/giornata-della-sostenibilita-2022\/"},"modified":"2022-08-23T14:47:48","modified_gmt":"2022-08-23T14:47:48","slug":"giornata-della-sostenibilita-2022","status":"publish","type":"post","link":"https:\/\/organizzazione.cai.it\/commissione-centrale-alpinismo-giovanile\/2022\/08\/giornata-della-sostenibilita-2022\/","title":{"rendered":"Giornata Della Sostenibilit\u00e0 2022"},"content":{"rendered":"<p>Il Gruppo di Lavoro del CAI &#8220;Progetto Scuola&#8221; e l&#8217;OTCO Tutela Ambiente Montano, con la collaborazione degli OTCO Alpinismo Giovanile e Comitato Scientifico Centrale e dei Gruppi Regionali e Provinciali, propone il progetto <strong>&#8220;Giornata della Sostenibilit\u00e0&#8221;, prevista per il 5 ottobre 2022<\/strong>.<\/p>\n<p>La recente modifica dell\u2019art. 9 della Costituzione introduce, oltre alla tutela del paesaggio e del patrimonio storico\u2010artistico, il dovere per lo Stato di salvaguardare \u201cl\u2019ambiente, la biodiversit\u00e0 e gli ecosistemi, anche nell\u2019interesse delle future generazioni. La legge dello Stato disciplina i modi e le forme di tutela degli animali\u201d. Si completa quindi un percorso di crescente attenzione verso la questione ambientale.<\/p>\n<p><strong>Il CAI ha sempre dedicato attenzione e impegno per la tutela dell\u2019ambiente montano; recentemente ha assunto anche <\/strong><strong>l\u2019onere di una partecipazione attiva ad ASVIS<\/strong>, l\u2019Alleanza Italiana per lo Sviluppo Sostenibile, sia al percorso di analisi e proposizione attivo nei diversi goal, sia nelle iniziative di pratica della sostenibilit\u00e0, attuate in tutta l&#8217;Italia in occasione del Festival della Sostenibilit\u00e0.<\/p>\n<p>Il CAI e l&#8217;Alpinismo Giovanile promuovono per mercoled\u00ec 5 ottobre la Giornata della Sostenibilit\u00e0, una giornata di attivit\u00e0 e sensibilizzazione <strong>nel periodo di realizzazione del Festival dello Sviluppo Sostenibile dell&#8217;ASVIS<\/strong>, che si svolger\u00e0 dal 4 al 20 ottobre 2022.<\/p>\n<p><strong>Le Scuole secondarie di primo e secondo grado che aderiranno con una iniziativa dedicata a questo tema, potranno chiedere di entrare nell\u2019Agenda del Festival<\/strong>.<br \/>\nScopo di questa proposta del CAI \u00e8 quello di rivolgersi interattivamente ai Giovani Studenti per stimolarli a prendere conoscenza e coscienza di questi principi, sanciti da trattati internazionali, farli propri e immaginare come declinarli nella realt\u00e0 della loro vita negli anni a venire.<\/p>\n<p><a href=\"https:\/\/caiscuola.cai.it\/sustainability-day\/\" target=\"_blank\" rel=\"noopener\"><strong>Tieniti aggiornato, sul sito CAI Scuola, sulle modalit\u00e0 previste per la collaborazione con gli insegnanti ed il modello di convenzione Istituto-Sezione CAI.<\/strong><\/a><\/p>\n<p><a href=\"https:\/\/2022.festivalsvilupposostenibile.it\/#\" target=\"_blank\" rel=\"noopener\"><strong>Vedi tutte le informazioni sul Festival dello Sviluppo Sostenibile 2022.<\/strong><\/a><\/p>\n<p>Invitiamo i gruppi sezionali ad aderire all&#8217;iniziativa. Le attivit\u00e0 effettuate con le Scuole figurano tra quelle definite come promozionali per l&#8217;Alpinismo Giovanile.<\/p>\n<p>Cogliamo l&#8217;occasione per ricordare che <strong>lo Sviluppo Sostenibile in Montagna sar\u00e0 anche uno dei temi centrali del <a href=\"https:\/\/archivio.cai.it\/organo_tecnico\/commissione-centrale-alpinismo-giovanile\/eventi\/congresso-nazionale-di-alpinismo-giovanile-2022\/\" target=\"_blank\" rel=\"noopener\">Congresso Nazionale di Alpinismo Giovanile che si terr\u00e0 a Parma il 5 e 6 novembre 2022<\/a><\/strong>.<\/p>\n<p>La Commissione Centrale di Alpinismo Giovanile<\/p>\n","protected":false},"excerpt":{"rendered":"<p>Il Gruppo di Lavoro del CAI &#8220;Progetto Scuola&#8221; e l&#8217;OTCO Tutela Ambiente Montano, con la collaborazione degli OTCO Alpinismo Giovanile e Comitato Scientifico Centrale e dei Gruppi Regionali e Provinciali, [&hellip;]<\/p>\n","protected":false},"author":1,"featured_media":274,"comment_status":"closed","ping_status":"open","sticky":false,"template":"","format":"standard","meta":{"footnotes":""},"categories":[6],"tags":[],"_links":{"self":[{"href":"https:\/\/organizzazione.cai.it\/commissione-centrale-alpinismo-giovanile\/wp-json\/wp\/v2\/posts\/273"}],"collection":[{"href":"https:\/\/organizzazione.cai.it\/commissione-centrale-alpinismo-giovanile\/wp-json\/wp\/v2\/posts"}],"about":[{"href":"https:\/\/organizzazione.cai.it\/commissione-centrale-alpinismo-giovanile\/wp-json\/wp\/v2\/types\/post"}],"author":[{"embeddable":true,"href":"https:\/\/organizzazione.cai.it\/commissione-centrale-alpinismo-giovanile\/wp-json\/wp\/v2\/users\/1"}],"replies":[{"embeddable":true,"href":"https:\/\/organizzazione.cai.it\/commissione-centrale-alpinismo-giovanile\/wp-json\/wp\/v2\/comments?post=273"}],"version-history":[{"count":0,"href":"https:\/\/organizzazione.cai.it\/commissione-centrale-alpinismo-giovanile\/wp-json\/wp\/v2\/posts\/273\/revisions"}],"wp:featuredmedia":[{"embeddable":true,"href":"https:\/\/organizzazione.cai.it\/commissione-centrale-alpinismo-giovanile\/wp-json\/wp\/v2\/media\/274"}],"wp:attachment":[{"href":"https:\/\/organizzazione.cai.it\/commissione-centrale-alpinismo-giovanile\/wp-json\/wp\/v2\/media?parent=273"}],"wp:term":[{"taxonomy":"category","embeddable":true,"href":"https:\/\/organizzazione.cai.it\/commissione-centrale-alpinismo-giovanile\/wp-json\/wp\/v2\/categories?post=273"},{"taxonomy":"post_tag","embeddable":true,"href":"https:\/\/organizzazione.cai.it\/commissione-centrale-alpinismo-giovanile\/wp-json\/wp\/v2\/tags?post=273"}],"curies":[{"name":"wp","href":"https:\/\/api.w.org\/{rel}","templated":true}]}}