{"id":345,"date":"2021-04-01T19:00:27","date_gmt":"2021-04-01T19:00:27","guid":{"rendered":"https:\/\/organizzazione.cai.it\/commissione-centrale-alpinismo-giovanile\/2021\/04\/pasqua-2021\/"},"modified":"2024-11-10T17:14:09","modified_gmt":"2024-11-10T17:14:09","slug":"pasqua-2021","status":"publish","type":"post","link":"https:\/\/organizzazione.cai.it\/commissione-centrale-alpinismo-giovanile\/2021\/04\/pasqua-2021\/","title":{"rendered":"Pasqua 2021"},"content":{"rendered":"<p><img loading=\"lazy\" decoding=\"async\" class=\"alignnone size-medium wp-image-43746\" src=\"https:\/\/organizzazione.cai.it\/commissione-centrale-alpinismo-giovanile\/wp-content\/uploads\/sites\/68\/2024\/11\/Auguri-Pasqua-2021.jpg\" alt=\"- CAI\" width=\"300\" height=\"169\" title=\"\"><\/p>\n<p>Non \u00e8 un caso che la Pasqua cada in Primavera.<\/p>\n<p>\u00c8 una festivit\u00e0 che simboleggia la rinascita, esattamente come la Primavera.<\/p>\n<p>Auguriamo a tutti voi e alle vostre famiglie una Serena Pasqua che porti a riscoprire il valore delle piccole cose, come la gioia di camminare insieme ai nostri ragazzi, crescendo con loro.<\/p>\n<p>La Commissione Centrale di Alpinismo Giovanile<\/p>\n","protected":false},"excerpt":{"rendered":"<p>Non \u00e8 un caso che la Pasqua cada in Primavera. \u00c8 una festivit\u00e0 che simboleggia la rinascita, esattamente come la Primavera. Auguriamo a tutti voi e alle vostre famiglie una [&hellip;]<\/p>\n","protected":false},"author":1,"featured_media":347,"comment_status":"closed","ping_status":"open","sticky":false,"template":"","format":"standard","meta":{"footnotes":""},"categories":[6],"tags":[],"_links":{"self":[{"href":"https:\/\/organizzazione.cai.it\/commissione-centrale-alpinismo-giovanile\/wp-json\/wp\/v2\/posts\/345"}],"collection":[{"href":"https:\/\/organizzazione.cai.it\/commissione-centrale-alpinismo-giovanile\/wp-json\/wp\/v2\/posts"}],"about":[{"href":"https:\/\/organizzazione.cai.it\/commissione-centrale-alpinismo-giovanile\/wp-json\/wp\/v2\/types\/post"}],"author":[{"embeddable":true,"href":"https:\/\/organizzazione.cai.it\/commissione-centrale-alpinismo-giovanile\/wp-json\/wp\/v2\/users\/1"}],"replies":[{"embeddable":true,"href":"https:\/\/organizzazione.cai.it\/commissione-centrale-alpinismo-giovanile\/wp-json\/wp\/v2\/comments?post=345"}],"version-history":[{"count":1,"href":"https:\/\/organizzazione.cai.it\/commissione-centrale-alpinismo-giovanile\/wp-json\/wp\/v2\/posts\/345\/revisions"}],"predecessor-version":[{"id":346,"href":"https:\/\/organizzazione.cai.it\/commissione-centrale-alpinismo-giovanile\/wp-json\/wp\/v2\/posts\/345\/revisions\/346"}],"wp:featuredmedia":[{"embeddable":true,"href":"https:\/\/organizzazione.cai.it\/commissione-centrale-alpinismo-giovanile\/wp-json\/wp\/v2\/media\/347"}],"wp:attachment":[{"href":"https:\/\/organizzazione.cai.it\/commissione-centrale-alpinismo-giovanile\/wp-json\/wp\/v2\/media?parent=345"}],"wp:term":[{"taxonomy":"category","embeddable":true,"href":"https:\/\/organizzazione.cai.it\/commissione-centrale-alpinismo-giovanile\/wp-json\/wp\/v2\/categories?post=345"},{"taxonomy":"post_tag","embeddable":true,"href":"https:\/\/organizzazione.cai.it\/commissione-centrale-alpinismo-giovanile\/wp-json\/wp\/v2\/tags?post=345"}],"curies":[{"name":"wp","href":"https:\/\/api.w.org\/{rel}","templated":true}]}}