{"id":397,"date":"2020-04-17T13:46:36","date_gmt":"2020-04-17T13:46:36","guid":{"rendered":"https:\/\/organizzazione.cai.it\/commissione-centrale-alpinismo-giovanile\/2020\/04\/torneremo-in-montagna-tenendoci-per-mano\/"},"modified":"2020-04-17T13:46:36","modified_gmt":"2020-04-17T13:46:36","slug":"torneremo-in-montagna-tenendoci-per-mano","status":"publish","type":"post","link":"https:\/\/organizzazione.cai.it\/commissione-centrale-alpinismo-giovanile\/2020\/04\/torneremo-in-montagna-tenendoci-per-mano\/","title":{"rendered":"Torneremo In Montagna Tenendoci Per Mano"},"content":{"rendered":"<p><strong>Iniziativa lanciata il 23 marzo 2020<\/strong><\/p>\n<p><em>Cara Accompagnatrice e caro Accompagnatore,\u00a0<\/em><\/p>\n<p><em>speriamo che in questo momento cos\u00ec difficile tu e tutte le persone che ti sono care possiate stare bene e al sicuro. Non so chi di noi potesse immaginare un giorno di ritrovarsi in una situazione cos\u00ec surreale che sta aggredendo le nostre vite finanche negli aspetti pi\u00f9 elementari, quelli che diamo per scontati, senza pensarci mai.<\/em><\/p>\n<p><em>Stiamo tutti mordendo il freno, perch\u00e9 l\u2019inattivit\u00e0 non appartiene alle nostre abitudini e ci auguriamo di poter tornare presto alle nostre frenetiche, affollate giornate di lavoro ed alle pi\u00f9 tranquille uscite in montagna.<\/em><\/p>\n<p><em>La routine di tutti noi \u00e8 cambiata e ogni giorno che passa diventa pi\u00f9 difficile, ma chi pu\u00f2 deve restare a casa, per tutelare la nostra salute e quella degli altri.<\/em><\/p>\n<p><em>Ora pi\u00f9 che mai abbiamo bisogno di trovare nuovi modi per stare vicino a chi amiamo e di reinventare la nostra quotidianit\u00e0. Come? Ognuno ha trovato i suoi modi per superare la reclusione forzata: chi al computer, chi leggendo, chi dedicandosi alla cucina, chi ha scoperto quanto \u00e8 bello dare una mano al proprio partner nelle faccende casalinghe, chi riscoprendo come ci si possa tenere in allenamento salendo e scendendo di corsa le scale del palazzo. <\/em><\/p>\n<p><em>Ma se noi adulti riusciamo a farcene una ragione, riscoprendo nuove modalit\u00e0 di unione e di solidariet\u00e0, proprio come ci insegnano la frequentazione della montagna e la natura, che ogni giorno ci dimostra che solo se uniti possiamo affrontare questi giorni complicati, per i Giovani che accompagniamo la cosa \u00e8 pi\u00f9 difficile da comprendere; il coronavirus li costringe a dover stare distanti da amici, parenti e persone care e se noi mordiamo il freno e accettiamo l\u2019inattivit\u00e0 per dovere, immaginatevi come possono stare loro. <\/em><\/p>\n<p><em><strong>Verr\u00e0 il tempo in cui torneremo con i nostri Giovani in montagna; quella montagna che resta fondamentale per la loro crescita ed educazione, che gli aiuta ad essere liberi e felici pi\u00f9 di quanto non potranno mai immaginare.<\/strong><\/em><\/p>\n<p><em><strong>La speranza, quindi, \u00e8 di poter tornare presto alla normalit\u00e0 ma oggi, pi\u00f9 che mai, il nostro augurio \u00e8 quello di continuare a sentirci uniti a loro e alle loro famiglie, di mantenere quegli intenti di gruppo che il nostro Progetto Educativo ci ha insegnato.<\/strong><\/em><\/p>\n<p><em>Per questo molti gruppi di AG stanno cercando di coinvolgere i loro giovani in svariate attivit\u00e0 a distanza, e di questo li ringraziamo, ed anche <\/em><strong><em>la Commissione Centrale di AG ha deciso di aprire un gruppo Facebook dedicato a chi desidera pubblicare immagini, video, poesie e brevi racconti dei giovani aquilotti su come loro stessi vivono i tempi dell&#8217;emergenza Covid-19 e l\u2019impossibilit\u00e0 di andare in montagna in compagnia dei loro amici e degli accompagnatori. <\/em><\/strong><\/p>\n<p><em><strong>Il gruppo si chiama \u201cTorneremo in montagna tenendoci per mano\u201d ed \u00e8 accessibile dalla modalit\u00e0 di ricerca di Facebook o tramite il link <a href=\"http:\/\/alpinismogiovanile.cai.it\/CampaignProcess.aspx?A=Link&amp;VID=11139358&amp;KID=83748&amp;LID=333302\" target=\"_blank\" rel=\"noopener\">https:\/\/www.facebook.com\/groups\/2451462358426248\/<\/a><\/strong><\/em><\/p>\n<p><em>Una selezione di quanto postato verr\u00e0 pubblicato sul nostro sito Internet ed inviato agli organi di stampa del CAI.<\/em><\/p>\n<p><em>Si tratta di un gruppo Facebook di tipo privato che necessita di iscrizione da parte di accompagnatori, giovani o loro genitori per tutelare pi\u00f9 possibile la privacy; la registrazione verr\u00e0 effettuata solo a seguito delle domande riportate in fase di iscrizione direttamente su Facebook.<\/em><\/p>\n<p><em><strong>Ti chiediamo aiuto per pubblicizzare al massimo l\u2019iniziativa fra i Giovani della tua Sezione, certi del tuo fattivo contributo.<\/strong><\/em><\/p>\n<p><em>A te, alla tua famiglia oggi va il nostro pensiero e il nostro abbraccio virtuale, con l\u2019augurio di poterci rifarlo presto, dal vivo!<\/em><\/p>\n<p><em>La Commissione Centrale di Alpinismo Giovanile<\/em><\/p>\n","protected":false},"excerpt":{"rendered":"<p>Iniziativa lanciata il 23 marzo 2020 Cara Accompagnatrice e caro Accompagnatore,\u00a0 speriamo che in questo momento cos\u00ec difficile tu e tutte le persone che ti sono care possiate stare bene [&hellip;]<\/p>\n","protected":false},"author":1,"featured_media":398,"comment_status":"closed","ping_status":"open","sticky":false,"template":"","format":"standard","meta":{"footnotes":""},"categories":[6],"tags":[],"_links":{"self":[{"href":"https:\/\/organizzazione.cai.it\/commissione-centrale-alpinismo-giovanile\/wp-json\/wp\/v2\/posts\/397"}],"collection":[{"href":"https:\/\/organizzazione.cai.it\/commissione-centrale-alpinismo-giovanile\/wp-json\/wp\/v2\/posts"}],"about":[{"href":"https:\/\/organizzazione.cai.it\/commissione-centrale-alpinismo-giovanile\/wp-json\/wp\/v2\/types\/post"}],"author":[{"embeddable":true,"href":"https:\/\/organizzazione.cai.it\/commissione-centrale-alpinismo-giovanile\/wp-json\/wp\/v2\/users\/1"}],"replies":[{"embeddable":true,"href":"https:\/\/organizzazione.cai.it\/commissione-centrale-alpinismo-giovanile\/wp-json\/wp\/v2\/comments?post=397"}],"version-history":[{"count":0,"href":"https:\/\/organizzazione.cai.it\/commissione-centrale-alpinismo-giovanile\/wp-json\/wp\/v2\/posts\/397\/revisions"}],"wp:featuredmedia":[{"embeddable":true,"href":"https:\/\/organizzazione.cai.it\/commissione-centrale-alpinismo-giovanile\/wp-json\/wp\/v2\/media\/398"}],"wp:attachment":[{"href":"https:\/\/organizzazione.cai.it\/commissione-centrale-alpinismo-giovanile\/wp-json\/wp\/v2\/media?parent=397"}],"wp:term":[{"taxonomy":"category","embeddable":true,"href":"https:\/\/organizzazione.cai.it\/commissione-centrale-alpinismo-giovanile\/wp-json\/wp\/v2\/categories?post=397"},{"taxonomy":"post_tag","embeddable":true,"href":"https:\/\/organizzazione.cai.it\/commissione-centrale-alpinismo-giovanile\/wp-json\/wp\/v2\/tags?post=397"}],"curies":[{"name":"wp","href":"https:\/\/api.w.org\/{rel}","templated":true}]}}