{"id":439,"date":"2020-02-14T11:28:02","date_gmt":"2020-02-14T11:28:02","guid":{"rendered":"https:\/\/organizzazione.cai.it\/commissione-centrale-alpinismo-giovanile\/2020\/02\/mappatura-attivita-2018\/"},"modified":"2020-02-14T11:28:02","modified_gmt":"2020-02-14T11:28:02","slug":"mappatura-attivita-2018","status":"publish","type":"post","link":"https:\/\/organizzazione.cai.it\/commissione-centrale-alpinismo-giovanile\/2020\/02\/mappatura-attivita-2018\/","title":{"rendered":"Mappatura Attivit\u00e0 2018"},"content":{"rendered":"<p style=\"text-align: justify; font-family: Arial; font-size: 16px;\">&nbsp;<\/p>\n<p>Invitiamo tutti i gruppi\/scuole sezionali a compilare e inviare la scheda di mappatura dell&#8217;attivit\u00e0 di AG relativa all&#8217;anno 2018. <\/p>\n<p>Come gi\u00e0 avvenuto negli ultimi anni, l&#8217;invio delle schede \u00e8 da effettuarsi esclusivamente online. E&#8217; disponibile la <a href=\"http:\/\/alpinismogiovanile.cai.it\/CampaignProcess.aspx?A=Link&amp;VID=11139358&amp;KID=74907&amp;LID=289733\" target=\"_blank\" rel=\"noopener\"><strong><span>versione cartacea<\/span><\/strong><\/a>    della scheda di mappatura da utilizzare come guida per la compilazione del form online. L&#8217;invio della mappatura dovr\u00e0 essere effettuato tramite un<br \/>\n    unico invio da parte di un referente del gruppo sezionale. Una volta compilato il form non sar\u00e0 pi\u00f9 possibile effettuare modifiche.<\/p>\n<p><a href=\"http:\/\/alpinismogiovanile.cai.it\/CampaignProcess.aspx?A=Link&amp;VID=11139358&amp;KID=74907&amp;LID=289734\" target=\"_blank\" rel=\"noopener\"><strong>Accesso online alla scheda di mappatura<\/strong><\/a>,<br \/>\n    utilizzando le seguenti credenziali.<\/p>\n<p>Nome Utente: <strong>mappatura<\/strong> <\/p>\n<p>Password: <strong>schedamodulo2018<\/strong> <\/p>\n<p><strong>La scadenza per l&#8217;invio della scheda di mappatura \u00e8 posta al 10 gennaio 2019 (<u>prorogato al 17 gennaio 2018<\/u>).<\/strong> <\/p>\n<p>&nbsp;<\/p>\n<p>Ringraziamo anticipatamente per la collaborazione<\/p>\n<p><\/p>\n<p>&nbsp;<\/p>\n<p style=\"text-align: justify; font-family: Arial; font-size: 16px; color: rgb(0, 0, 0);\">&nbsp;<\/p>\n","protected":false},"excerpt":{"rendered":"<p>&nbsp; Invitiamo tutti i gruppi\/scuole sezionali a compilare e inviare la scheda di mappatura dell&#8217;attivit\u00e0 di AG relativa all&#8217;anno 2018. Come gi\u00e0 avvenuto negli ultimi anni, l&#8217;invio delle schede \u00e8 [&hellip;]<\/p>\n","protected":false},"author":1,"featured_media":440,"comment_status":"closed","ping_status":"open","sticky":false,"template":"","format":"standard","meta":{"footnotes":""},"categories":[6],"tags":[],"_links":{"self":[{"href":"https:\/\/organizzazione.cai.it\/commissione-centrale-alpinismo-giovanile\/wp-json\/wp\/v2\/posts\/439"}],"collection":[{"href":"https:\/\/organizzazione.cai.it\/commissione-centrale-alpinismo-giovanile\/wp-json\/wp\/v2\/posts"}],"about":[{"href":"https:\/\/organizzazione.cai.it\/commissione-centrale-alpinismo-giovanile\/wp-json\/wp\/v2\/types\/post"}],"author":[{"embeddable":true,"href":"https:\/\/organizzazione.cai.it\/commissione-centrale-alpinismo-giovanile\/wp-json\/wp\/v2\/users\/1"}],"replies":[{"embeddable":true,"href":"https:\/\/organizzazione.cai.it\/commissione-centrale-alpinismo-giovanile\/wp-json\/wp\/v2\/comments?post=439"}],"version-history":[{"count":0,"href":"https:\/\/organizzazione.cai.it\/commissione-centrale-alpinismo-giovanile\/wp-json\/wp\/v2\/posts\/439\/revisions"}],"wp:featuredmedia":[{"embeddable":true,"href":"https:\/\/organizzazione.cai.it\/commissione-centrale-alpinismo-giovanile\/wp-json\/wp\/v2\/media\/440"}],"wp:attachment":[{"href":"https:\/\/organizzazione.cai.it\/commissione-centrale-alpinismo-giovanile\/wp-json\/wp\/v2\/media?parent=439"}],"wp:term":[{"taxonomy":"category","embeddable":true,"href":"https:\/\/organizzazione.cai.it\/commissione-centrale-alpinismo-giovanile\/wp-json\/wp\/v2\/categories?post=439"},{"taxonomy":"post_tag","embeddable":true,"href":"https:\/\/organizzazione.cai.it\/commissione-centrale-alpinismo-giovanile\/wp-json\/wp\/v2\/tags?post=439"}],"curies":[{"name":"wp","href":"https:\/\/api.w.org\/{rel}","templated":true}]}}