{"id":446,"date":"2020-02-14T11:27:51","date_gmt":"2020-02-14T11:27:51","guid":{"rendered":"https:\/\/organizzazione.cai.it\/commissione-centrale-alpinismo-giovanile\/2020\/02\/congresso-nazionale-ag-2018\/"},"modified":"2020-02-14T11:27:51","modified_gmt":"2020-02-14T11:27:51","slug":"congresso-nazionale-ag-2018","status":"publish","type":"post","link":"https:\/\/organizzazione.cai.it\/commissione-centrale-alpinismo-giovanile\/2020\/02\/congresso-nazionale-ag-2018\/","title":{"rendered":"Congresso Nazionale Ag 2018"},"content":{"rendered":"<div>\n<div style=\"text-align:center\">&nbsp;<\/div>\n<div style=\"text-align:center\"><span style=\"font-size:28px\"><strong>Congresso 2018<\/strong><\/span><\/div>\n<div style=\"text-align:center\"><strong>Alpinismo Giovanile CAI.<\/strong><\/div>\n<\/div>\n<h2 style=\"text-align:center\">Il Progetto Educativo e l&#8217;Alpinismo Giovanile. 30 anni insieme: superare gli ostacoli per costruire il futuro.<\/h2>\n<div style=\"text-align:center\">Reggio Emilia, Fondazione Reggio Children Centro Loris Malagozzi, 11\/11\/2018<\/div>\n<hr>\n<p style=\"text-align:justify\">Ci siamo quasi&#038; con fatica, con&nbsp; impegno&#038;con disponibilit\u00e0 e molto confronto.<\/p>\n<p style=\"text-align:justify\">Ci siamo quasi&#038;. Il Congresso si apre con un portale apriprista dei lavori che caratterizzeranno un appuntamento Congressuale Straordinario. 30 anni di Progetto Educativo in Alpinismo Giovanile!!&nbsp; Un Congresso che ci auguriamo importante&#038; per tutti.<\/p>\n<p style=\"text-align:justify\">Ci arriviamo con alcune&nbsp; incomprensioni, qualche cicatrice ma con la certezza che solo insieme e con chiarezza possiamo costruire futuro: ognuno con il suo &#8220;pezzo&#8221;&nbsp; ognuno col suo compito ognuno col suo ruolo politico e tecnico; tutti per condividere &#8220;il senso e le gambe&#8221;&nbsp; del Progetto Educativo del Club Alpino Italiano.<\/p>\n<p style=\"text-align:justify\">Arriviamo ad un Congresso consapevoli che vi sono necessit\u00e0 multiple, che vi sono letture diverse, diverse come i tanti versanti&nbsp; che caratterizzano ogni montagna che cerchiamo di salire. Consapevoli anche che per essere credibili verso i Giovani dobbiamo offrire un modello di trasparenza e seriet\u00e0 e un progetto riconoscibile&#038; specifico&#038; e dobbiamo saperlo spiegare dentro e fuori dal sodalizio.<\/p>\n<p style=\"text-align:justify\">Arriviamo ad un appuntamento importante dove esserci vuol dire&nbsp; essere responsabili del ruolo e del titolo che abbiamo scelto e che ci trova impegnati a condividere molto del nostro tempo con i ragazzi che ci frequentano.<\/p>\n<p style=\"text-align:justify\">Esserci vuol dire&nbsp; definire&nbsp; il meglio possibile e rilanciare &#8220;il senso e la coerenza teorico pratica dell&#8217;essere Alpinismo Giovanile (Progetto Educativo, Attivit\u00e0, Formazione, Cornice Educativa, Abilit\u00e0, Stile, Forma, Responsabilit\u00e0, Appartenenza&#038;) del e per il Club Alpino Italiano. Dove esserci \u00e8 Essere Gruppo (come insegniamo). Un gruppo capace di mediare singole posizioni all&#8217;interno di necessit\u00e0 multiple, sia del corpo accompagnatori che di una associazione articolata e complessa come il CAI che rappresentiamo per il nostro settore. Esserci \u00e8 ribadire la nostra specificit\u00e0, ribadire che ci interessa, ribadire la centratura sul Giovane (quello di oggi non noi giovani) e continuare ad organizzare, motivando con chiarezza l&#8217;importanza del Progetto Educativo e delle necessarie cornici operative che lo devono caratterizzare e specificare.<\/p>\n<p style=\"text-align:justify\">Ma vuole dire imparare anche a relazionarsi con pari dignit\u00e0 con le altre strutture del CAI. Assieme collaborare e non temere di condividere la partecipazione dei nostri Giovani alle iniziative di altre Sezioni. II confronto \u00e8 sempre una opportunit\u00e0.<\/p>\n<p style=\"text-align:justify\">&nbsp;E infine esserci \u00e8 dire &#8220;io conto, io ci sono&#8221;. Noi ci siamo.<\/p>\n<p style=\"text-align:justify\">La commissione centrale ha dato via a gruppi di lavoro che stanno elaborando documenti per ogni singolo settore rispetto ai quali gi\u00e0 compaiono nelle pagine specifiche del portale degli abstract. Ecco i&nbsp; temi:<\/p>\n<ol>\n<li style=\"text-align:justify\"><strong>Il Progetto Educativo<\/strong>\n<\/li>\n<li style=\"text-align:justify\"><strong>I temi del metodo e gi aspetti applicativi<\/strong>\n<\/li>\n<li style=\"text-align:justify\"><strong>Figura e ruolo dell&#8217;Accompagnatore<\/strong>\n<\/li>\n<\/ol>\n<p style=\"text-align:justify\">Utilizzando il portale invitiamo ad inviare i Vostri contributi sui tali temi che faranno parte dei documenti presentati al Congresso, dove saranno arricchiti dai contributi che verranno sviluppati in brain storming attivati con i partecipanti durante i lavori congressuali&#038;<\/p>\n<p style=\"text-align:justify\">Ma \u00e8 solo l&#8217;inizio&#038;. Molto altro \u00e8 da dire con rispetto e onesta intellettuale da parte di tutti.<\/p>\n<p style=\"text-align:justify\">Vi aspettiamo con amicizia!<\/p>\n<p><a href=\"http:\/\/congressoag2018.cai.it\/home\" target=\"_blank\" rel=\"noopener noreferrer\">Info e iscrizioni&nbsp;<\/a><\/p>\n","protected":false},"excerpt":{"rendered":"<p>&nbsp; Congresso 2018 Alpinismo Giovanile CAI. Il Progetto Educativo e l&#8217;Alpinismo Giovanile. 30 anni insieme: superare gli ostacoli per costruire il futuro. Reggio Emilia, Fondazione Reggio Children Centro Loris Malagozzi, [&hellip;]<\/p>\n","protected":false},"author":1,"featured_media":447,"comment_status":"closed","ping_status":"open","sticky":false,"template":"","format":"standard","meta":{"footnotes":""},"categories":[6],"tags":[],"_links":{"self":[{"href":"https:\/\/organizzazione.cai.it\/commissione-centrale-alpinismo-giovanile\/wp-json\/wp\/v2\/posts\/446"}],"collection":[{"href":"https:\/\/organizzazione.cai.it\/commissione-centrale-alpinismo-giovanile\/wp-json\/wp\/v2\/posts"}],"about":[{"href":"https:\/\/organizzazione.cai.it\/commissione-centrale-alpinismo-giovanile\/wp-json\/wp\/v2\/types\/post"}],"author":[{"embeddable":true,"href":"https:\/\/organizzazione.cai.it\/commissione-centrale-alpinismo-giovanile\/wp-json\/wp\/v2\/users\/1"}],"replies":[{"embeddable":true,"href":"https:\/\/organizzazione.cai.it\/commissione-centrale-alpinismo-giovanile\/wp-json\/wp\/v2\/comments?post=446"}],"version-history":[{"count":0,"href":"https:\/\/organizzazione.cai.it\/commissione-centrale-alpinismo-giovanile\/wp-json\/wp\/v2\/posts\/446\/revisions"}],"wp:featuredmedia":[{"embeddable":true,"href":"https:\/\/organizzazione.cai.it\/commissione-centrale-alpinismo-giovanile\/wp-json\/wp\/v2\/media\/447"}],"wp:attachment":[{"href":"https:\/\/organizzazione.cai.it\/commissione-centrale-alpinismo-giovanile\/wp-json\/wp\/v2\/media?parent=446"}],"wp:term":[{"taxonomy":"category","embeddable":true,"href":"https:\/\/organizzazione.cai.it\/commissione-centrale-alpinismo-giovanile\/wp-json\/wp\/v2\/categories?post=446"},{"taxonomy":"post_tag","embeddable":true,"href":"https:\/\/organizzazione.cai.it\/commissione-centrale-alpinismo-giovanile\/wp-json\/wp\/v2\/tags?post=446"}],"curies":[{"name":"wp","href":"https:\/\/api.w.org\/{rel}","templated":true}]}}