{"id":495,"date":"2020-02-14T11:34:09","date_gmt":"2020-02-14T11:34:09","guid":{"rendered":"https:\/\/organizzazione.cai.it\/commissione-centrale-alpinismo-giovanile\/2020\/02\/ccag-2017-sicuri-sul-sentiero\/"},"modified":"2020-02-14T11:34:09","modified_gmt":"2020-02-14T11:34:09","slug":"ccag-2017-sicuri-sul-sentiero","status":"publish","type":"post","link":"https:\/\/organizzazione.cai.it\/commissione-centrale-alpinismo-giovanile\/2020\/02\/ccag-2017-sicuri-sul-sentiero\/","title":{"rendered":"Sicuri Sul Sentiero 2017"},"content":{"rendered":"<p style=\"text-align:justify\">P<span style=\"color:rgb(77,77,77); font-family:open sans,helvetica,arial,sans-serif; font-size:14px\">revenzione degli incidenti nella stagione estiva<\/span><\/p>\n<p style=\"text-align:justify\"><span style=\"font-size:14px\"><span style=\"font-family:arial,helvetica,sans-serif\">Cari Accompagnatori nel riaffermare la validit\u00e0 del progetto educativo e l&#8217;importanza del ruolo dell&#8217;Accompagnatore di alpinismo giovanile a tutti i suoi livelli la CCAG ricorda a tutti l&#8217;appuntamento del<\/span><\/span><\/p>\n<p style=\"text-align:justify\"><span style=\"font-size:14px\"><span style=\"font-family:arial,helvetica,sans-serif\">18 giugno con l&#8217;iniziativa Sicuri sul sentiero e vi invitiamo, nel limite delle vostre disponibilit\u00e0, a contattare le stazioni del soccorso alpino coinvolte al fine di concordare eventuali momenti specifici dedicati all&#8217;alpinismo giovanile, cos\u00ec come per esempio gi\u00e0 organizzato, anche in anni precedenti, &nbsp;in localit\u00e0<\/span><\/span><\/p>\n<p style=\"text-align:justify\"><span style=\"font-size:14px\"><span style=\"font-family:arial,helvetica,sans-serif\">Piani di Bobbio &minus; Lecco &minus; Lombardia.<\/span><\/span><\/p>\n<p style=\"text-align:justify\"><span style=\"font-size:14px\"><span style=\"font-family:arial,helvetica,sans-serif\">Riteniamo fondamentale porre attenzione all&#8217;aspetto sicurezza e consideriamo tra gli obiettivi primari l&#8217;educazione del giovane alla sicurezza.<\/span><\/span><\/p>\n<p style=\"text-align:justify\"><span style=\"font-size:14px\"><span style=\"font-family:arial,helvetica,sans-serif\">Invitiamo a segnalarci le vostre adesioni e numero partecipanti, sia come accompagnatori sia come ragazzi, unitamente ad una breve descrizione dell&#8217;attivit\u00e0 svolta, questo ci permetter\u00e0 di contribuire a migliorare la collaborazione per l&#8217;organizzazione di tali eventi.<\/span><\/span><\/p>\n<p style=\"text-align:justify\"><strong><a href=\"http:\/\/www.sicurinmontagna.it\/\" target=\"_blank\" rel=\"noopener noreferrer\"><span style=\"color:#0000CD\">sito web&nbsp;<\/span><\/a><\/strong><\/p>\n<p><strong><a href=\"https:\/\/archivio.cai.it\/alpinismogiovanile_media\/documenti\/documenti-AG\/ccag-2017-Sicuri-sul-sentiero.pdf\" target=\"_blank\" rel=\"noopener noreferrer\"><span style=\"color:#0000CD\">locandina<\/span><\/a><\/strong><\/p>\n<p><a href=\"https:\/\/archivio.cai.it\/alpinismogiovanile_media\/documenti\/documenti-AG\/ccag-2017-Sicuri-sul-sentiero-localit%C3%A0.pdf\" target=\"_blank\" rel=\"noopener noreferrer\"><strong><span style=\"color:#0000CD\">localit\u00e0<\/span><\/strong><\/a><\/p>\n","protected":false},"excerpt":{"rendered":"<p>Prevenzione degli incidenti nella stagione estiva Cari Accompagnatori nel riaffermare la validit\u00e0 del progetto educativo e l&#8217;importanza del ruolo dell&#8217;Accompagnatore di alpinismo giovanile a tutti i suoi livelli la CCAG [&hellip;]<\/p>\n","protected":false},"author":1,"featured_media":496,"comment_status":"closed","ping_status":"open","sticky":false,"template":"","format":"standard","meta":{"footnotes":""},"categories":[6],"tags":[],"_links":{"self":[{"href":"https:\/\/organizzazione.cai.it\/commissione-centrale-alpinismo-giovanile\/wp-json\/wp\/v2\/posts\/495"}],"collection":[{"href":"https:\/\/organizzazione.cai.it\/commissione-centrale-alpinismo-giovanile\/wp-json\/wp\/v2\/posts"}],"about":[{"href":"https:\/\/organizzazione.cai.it\/commissione-centrale-alpinismo-giovanile\/wp-json\/wp\/v2\/types\/post"}],"author":[{"embeddable":true,"href":"https:\/\/organizzazione.cai.it\/commissione-centrale-alpinismo-giovanile\/wp-json\/wp\/v2\/users\/1"}],"replies":[{"embeddable":true,"href":"https:\/\/organizzazione.cai.it\/commissione-centrale-alpinismo-giovanile\/wp-json\/wp\/v2\/comments?post=495"}],"version-history":[{"count":0,"href":"https:\/\/organizzazione.cai.it\/commissione-centrale-alpinismo-giovanile\/wp-json\/wp\/v2\/posts\/495\/revisions"}],"wp:featuredmedia":[{"embeddable":true,"href":"https:\/\/organizzazione.cai.it\/commissione-centrale-alpinismo-giovanile\/wp-json\/wp\/v2\/media\/496"}],"wp:attachment":[{"href":"https:\/\/organizzazione.cai.it\/commissione-centrale-alpinismo-giovanile\/wp-json\/wp\/v2\/media?parent=495"}],"wp:term":[{"taxonomy":"category","embeddable":true,"href":"https:\/\/organizzazione.cai.it\/commissione-centrale-alpinismo-giovanile\/wp-json\/wp\/v2\/categories?post=495"},{"taxonomy":"post_tag","embeddable":true,"href":"https:\/\/organizzazione.cai.it\/commissione-centrale-alpinismo-giovanile\/wp-json\/wp\/v2\/tags?post=495"}],"curies":[{"name":"wp","href":"https:\/\/api.w.org\/{rel}","templated":true}]}}