{"id":528,"date":"2020-02-14T11:28:04","date_gmt":"2020-02-14T11:28:04","guid":{"rendered":"https:\/\/organizzazione.cai.it\/commissione-centrale-alpinismo-giovanile\/2020\/02\/ostello-casa-del-parco\/"},"modified":"2020-02-14T11:28:04","modified_gmt":"2020-02-14T11:28:04","slug":"ostello-casa-del-parco","status":"publish","type":"post","link":"https:\/\/organizzazione.cai.it\/commissione-centrale-alpinismo-giovanile\/2020\/02\/ostello-casa-del-parco\/","title":{"rendered":"Ostello Casa Del Parco"},"content":{"rendered":"<p style=\"text-align:justify\"><span style=\"font-size:14px\"><span style=\"font-family:arial,helvetica,sans-serif\"><strong>La &quot;Casa del Parco dell&#8217;Adamello&quot;<\/strong>, situata a Vezza d&#8217;Oglio in Alta Valle Camonica, nella parte settentrionale del Parco dell&#8217;Adamello dove il Parco Regionale lombardo confina con il Parco Nazionale dello Stelvio, si trova in una delle zone pi\u00f9 belle dal punto di vista naturalistico e paesaggistico.&nbsp;<br \/>\nL&#8217;edificio, gestito dall&#8217;Ente Parco attraverso Alternativa Ambiente, \u00e8 adibito a<strong>&nbsp;Ostello &#8211; Foresteria, Centro di Educazione Ambientale con Museo Naturalistico e Laboratori Didattici, Biblioteca, Centro Visite e Formazione.<\/strong><br \/>\nLe camere calde ed essenziali possono ospitare persone durante tutto l&#8217;anno: nel periodo invernale, infatti, la struttura pu\u00f2 essere un ottima base di appoggio per giornate all&#8217;insegna dello sci nel comprensorio sciistico Tem\u00f9 &#8211; Ponte di Legno &#8211; Tonale &#8211; Presena (siamo a soli 7 km dalle piste da sci); nel periodo estivo, invece Vezza d&#8217;Oglio \u00e8 il punto di partenza di numerose escursioni nei due parchi naturali.&nbsp;<br \/>\nLa struttura si presta ottimamente all&#8217;accoglienza di&nbsp;<a class=\"ImLink\" href=\"http:\/\/www.alternativaambiente.com\/week-end_invernali_per_tutti.html\" title=\"\" style=\"text-decoration:none; color:rgb(192,109,57)\" target=\"_blank\" rel=\"noopener\">comitive, gruppi, scolaresche(anche persone diversamente abili), giovani e cicloturisti&nbsp;<\/a>con volont\u00e0 di passare qualche giorno in compagnia e conoscere altre persone; inoltre pu\u00f2 essere meta per famiglie che vogliono allontanarsi dalla confusione e vivere qualche giorno immerso nella natura, con soluzione di pensione completa e mezza pensione, grazie a convenzioni stipulate con ristoranti locali.&nbsp;<br \/>\nInoltre la Casa del Parco \u00e8 punto informativo per quanti, passeggiando lungo i sentieri che attraversano il Parco, desiderino approfondire la conoscenza degli ambienti, delle tradizioni e della cultura camuna.<\/span><\/span><\/p>\n<p style=\"text-align:justify\"><span style=\"font-size:14px\">per maggiori informazioni, costi e proposte per il CAI vedi sito web&nbsp;<strong><a href=\"http:\/\/www.alternativaambiente.com\/ostello__casa_del_parco.html\" target=\"_blank\" rel=\"noopener noreferrer\"><span style=\"color:#2F4F4F\">Ostello &quot;Casa del Parco&quot;<\/span><\/a><\/strong><\/span><\/p>\n<p style=\"text-align:justify\"><strong>Proposta per Sezioni CAI 2017 (per gruppi min. 12-15 persone)<\/strong><\/p>\n<p><u>Solo pernotto<\/u>: \u00ac 22.00 &#8211; <u>B&amp;B<\/u>: \u00ac 25.00 &#8211; <u>Mezza pensione<\/u>: \u00ac 35.00 (bevande incluse: acqua, vino e caff\u00e8)<\/p>\n<p style=\"text-align:justify\">A richiesta possibilit\u00e0 di pensione completa.<\/p>\n<p style=\"text-align:justify\">Ogni Ospite \u00e8 tenuto a portarsi la propria biancheria da bagno (salviette, phon, saponi ecc), mentre quella da camera \u00e8 fornita (lenzuola, federe e coperte).<\/p>\n<p style=\"text-align:justify\">Con la formula di soggiorno in pensione completa la Casa del Parco dell&#8217;Adamello offre ai propri ospiti la possibilit\u00e0 di men\u00f9 senza glutine, ed \u00e8 presente sul sito<a href=\"http:\/\/alternativaambiente.musvc5.net\/e\/t?q=4%3dJXDRJ%26I%3d9%26E%3dDa%26w%3dUKdD%26L%3dtQ22m8iG_4xaq_E8_zrew_07_4xaq_DC5N9.0mCu8k9u8.qK_4xaq_DC%26l%3dD7P44G.KmK\" target=\"_blank\" rel=\"noopener noreferrer\">www.celiachia.it<\/a>nell&#8217;elenco delle strutture aderenti al progetto &#8220;Alimentazione fuori casa&#8221;. La cucina della Casa del Parco inoltre presta particolare attenzione alle diete da rispettare sia per ragioni di salute sia per credo religioso (\u00e8 necessario effettuare la comunicazione al momento della prenotazione).&nbsp;<\/p>\n","protected":false},"excerpt":{"rendered":"<p>Struttura per gruppi nel parco dell&#8217;Adamello<\/p>\n","protected":false},"author":1,"featured_media":529,"comment_status":"closed","ping_status":"open","sticky":false,"template":"","format":"standard","meta":{"footnotes":""},"categories":[6],"tags":[],"_links":{"self":[{"href":"https:\/\/organizzazione.cai.it\/commissione-centrale-alpinismo-giovanile\/wp-json\/wp\/v2\/posts\/528"}],"collection":[{"href":"https:\/\/organizzazione.cai.it\/commissione-centrale-alpinismo-giovanile\/wp-json\/wp\/v2\/posts"}],"about":[{"href":"https:\/\/organizzazione.cai.it\/commissione-centrale-alpinismo-giovanile\/wp-json\/wp\/v2\/types\/post"}],"author":[{"embeddable":true,"href":"https:\/\/organizzazione.cai.it\/commissione-centrale-alpinismo-giovanile\/wp-json\/wp\/v2\/users\/1"}],"replies":[{"embeddable":true,"href":"https:\/\/organizzazione.cai.it\/commissione-centrale-alpinismo-giovanile\/wp-json\/wp\/v2\/comments?post=528"}],"version-history":[{"count":0,"href":"https:\/\/organizzazione.cai.it\/commissione-centrale-alpinismo-giovanile\/wp-json\/wp\/v2\/posts\/528\/revisions"}],"wp:featuredmedia":[{"embeddable":true,"href":"https:\/\/organizzazione.cai.it\/commissione-centrale-alpinismo-giovanile\/wp-json\/wp\/v2\/media\/529"}],"wp:attachment":[{"href":"https:\/\/organizzazione.cai.it\/commissione-centrale-alpinismo-giovanile\/wp-json\/wp\/v2\/media?parent=528"}],"wp:term":[{"taxonomy":"category","embeddable":true,"href":"https:\/\/organizzazione.cai.it\/commissione-centrale-alpinismo-giovanile\/wp-json\/wp\/v2\/categories?post=528"},{"taxonomy":"post_tag","embeddable":true,"href":"https:\/\/organizzazione.cai.it\/commissione-centrale-alpinismo-giovanile\/wp-json\/wp\/v2\/tags?post=528"}],"curies":[{"name":"wp","href":"https:\/\/api.w.org\/{rel}","templated":true}]}}