{"id":568,"date":"2020-02-14T11:34:14","date_gmt":"2020-02-14T11:34:14","guid":{"rendered":"https:\/\/organizzazione.cai.it\/commissione-centrale-alpinismo-giovanile\/2020\/02\/festival-delle-alpi\/"},"modified":"2020-02-14T11:34:14","modified_gmt":"2020-02-14T11:34:14","slug":"festival-delle-alpi","status":"publish","type":"post","link":"https:\/\/organizzazione.cai.it\/commissione-centrale-alpinismo-giovanile\/2020\/02\/festival-delle-alpi\/","title":{"rendered":"Festival Delle Alpi"},"content":{"rendered":"<p style=\"text-align:justify\"><strong>L&#8217;IDEA<\/strong><br \/>\nOrganizzato dall&#8217;Associazione Montagna Italia&nbsp;in collaborazione con il&nbsp;CAI-Regione Lombardia&nbsp;e diverse realt\u00e0 regionali del Club Alpino Italiano e con l&#8217;abituale patrocinio dell&#8217;Unesco, della Commissione Europea, della Presidenza del Consiglio dei Ministri, del Ministero dell&#8217;Ambiente, della Convenzione delle Alpi, il Festival delle Alpi coinvolgelocalit\u00e0\/enti facenti parte delle sette regioni che compongono l&#8217;arco alpino italiano&nbsp;e che scelgono di aderire all&#8217;iniziativa turistica organizzando&nbsp;manifestazioni legate a vario titolo alla montagna: passeggiate all&#8217;insegna della scoperta dei rifugi, dei paesi di montagna e delle loro genti, escursioni, alpinismo, agricoltura di montagna, folklore, cultura di montagna, ma anche attivit\u00e0 per favorire la valorizzazione della natura, dell&#8217;ambiente e della biodiversit\u00e0 con attenzione particolare alle foreste.<\/p>\n<p style=\"text-align:justify\">\nLe iniziative che vengono organizzate, per poter rientrare nel Festival delle Alpi, devono avvenire tutte nello stesso fine settimana che viene designato dall&#8217;Associazione Montagna Italia.<br \/>\nL&#8217;Organizzazione crea in questo modo una&nbsp;potente cartolina comunicativa&nbsp;che riunisce le sette regioni dell&#8217;arco alpino italiano: Lombardia, Piemonte, Veneto, Liguria, Friuli Venezia Giulia, Valle d&#8217;Aosta e Trentino Alto Adige.<\/p>\n<p style=\"text-align:justify\">\nViene definito dunque un&nbsp;cartellone unico&nbsp;contenente tutte le manifestazioni con il quale l&#8217;Organizzazione vuole lanciare il turismo estivo in montagna e che, in prospettiva, potr\u00e0 fungere da stimolo per avvalorare le potenzialit\u00e0 culturali, turistiche ed economiche di questo importante e vasto territorio.<\/p>\n<p style=\"text-align:justify\"><strong>GLI OBIETTIVI<\/strong><br \/>\nGli obiettivi sono tre:&nbsp;valorizzazione, promozione turistica e conoscenza delle montagne e della cultura presente su questo vasto territorio.&nbsp;<br \/>\nLo scopo principale \u00e8 quello di favorire la destagionalizzazione dei flussi turistici: la montagna va vissuta anche d&#8217;estate, non solo d&#8217;inverno e da questo concetto si promuove il territorio montano delle Alpi italiane nel mese di giugno per incentivare il turismo estivo.<\/p>\n<p style=\"text-align:justify\">\nMostrando i diversi eventi che nel fine settimana di met\u00e0 maggio verranno organizzati dagli aderenti all&#8217;iniziativa e coordinati dalla nostra Associazione, si vuole sottolineare la variet\u00e0 delle offerte turistiche che la montagna propone al turista con lo scopo di promuovere la montagna d&#8217;estate.<br \/>\nSi vuole inoltre portare attenzione alle tradizioni e alle tipicit\u00e0 locali di ogni location che aderisce e che presenta al Festival una propria iniziativa. Ci\u00f2 significa promuovere la propria realt\u00e0 ad un territorio molto vasto e di conseguenza ad un gran numero di utenti.<br \/>\nBorghi e piccole localit\u00e0 meno conosciute avrebbero cos\u00ec la possibilit\u00e0 di mostrare le proprie bellezze e di farsi conoscere.<br \/>\nNegli ultimi anni gli italiani sostengono e preferiscono il turismo ecocompatibile alla semplice vacanza, perch\u00e9 sono sempre pi\u00f9 attenti alle tematiche ambientali. Questo \u00e8 un altro tra gli obiettivi dell&#8217;iniziativa: promuovere questo nuovo tipo di turismo, far s\u00ec che si preferiscano le vacanze che rispettano ambiente e paesaggio.<\/p>\n<p style=\"text-align:justify\"><strong>DOVE<\/strong><br \/>\nIl Festival delle Alpi coinvolge localit\u00e0\/enti facenti parte delle sette regioni che compongono l&#8217;arco alpino italiano: Lombardia, Piemonte, Veneto, Liguria, Friuli Venezia Giulia, Valle d&#8217;Aosta e Trentino Alto Adige.<br \/>\nAlcuni dati che riguardano il territorio delle Alpi italiane: 1200 km di lunghezza, oltre 190.000 km quadrati di superficie, 14 milioni di persone, 120 milioni di visitatori ogni anno (dati:http:\/\/www.alpconv.org\/it\/convention\/default.html).<\/p>\n<p style=\"text-align:justify\"><a href=\"http:\/\/www.montagnaitalia.com\/FESTIVAL_ALPI16.html\" target=\"_blank\" rel=\"noopener noreferrer\">Maggiori info<\/a><\/p>\n<p style=\"text-align:justify\"><a href=\"http:\/\/www.montagnaitalia.com\/pdf_FDA\/2016\/progetto%20FDA.pdf\" target=\"_blank\" rel=\"noopener noreferrer\">Presentazione evento<\/a><\/p>\n<p style=\"text-align:justify\"><a href=\"http:\/\/Scheda di adesione\" target=\"_blank\" rel=\"noopener noreferrer\">Scheda Adesione<\/a><\/p>\n<p style=\"text-align:justify\">&nbsp;<\/p>\n","protected":false},"excerpt":{"rendered":"<p>L&#8217;IDEA Organizzato dall&#8217;Associazione Montagna Italia&nbsp;in collaborazione con il&nbsp;CAI-Regione Lombardia&nbsp;e diverse realt\u00e0 regionali del Club Alpino Italiano e con l&#8217;abituale patrocinio dell&#8217;Unesco, della Commissione Europea, della Presidenza del Consiglio dei Ministri, [&hellip;]<\/p>\n","protected":false},"author":1,"featured_media":569,"comment_status":"closed","ping_status":"open","sticky":false,"template":"","format":"standard","meta":{"footnotes":""},"categories":[6],"tags":[],"_links":{"self":[{"href":"https:\/\/organizzazione.cai.it\/commissione-centrale-alpinismo-giovanile\/wp-json\/wp\/v2\/posts\/568"}],"collection":[{"href":"https:\/\/organizzazione.cai.it\/commissione-centrale-alpinismo-giovanile\/wp-json\/wp\/v2\/posts"}],"about":[{"href":"https:\/\/organizzazione.cai.it\/commissione-centrale-alpinismo-giovanile\/wp-json\/wp\/v2\/types\/post"}],"author":[{"embeddable":true,"href":"https:\/\/organizzazione.cai.it\/commissione-centrale-alpinismo-giovanile\/wp-json\/wp\/v2\/users\/1"}],"replies":[{"embeddable":true,"href":"https:\/\/organizzazione.cai.it\/commissione-centrale-alpinismo-giovanile\/wp-json\/wp\/v2\/comments?post=568"}],"version-history":[{"count":0,"href":"https:\/\/organizzazione.cai.it\/commissione-centrale-alpinismo-giovanile\/wp-json\/wp\/v2\/posts\/568\/revisions"}],"wp:featuredmedia":[{"embeddable":true,"href":"https:\/\/organizzazione.cai.it\/commissione-centrale-alpinismo-giovanile\/wp-json\/wp\/v2\/media\/569"}],"wp:attachment":[{"href":"https:\/\/organizzazione.cai.it\/commissione-centrale-alpinismo-giovanile\/wp-json\/wp\/v2\/media?parent=568"}],"wp:term":[{"taxonomy":"category","embeddable":true,"href":"https:\/\/organizzazione.cai.it\/commissione-centrale-alpinismo-giovanile\/wp-json\/wp\/v2\/categories?post=568"},{"taxonomy":"post_tag","embeddable":true,"href":"https:\/\/organizzazione.cai.it\/commissione-centrale-alpinismo-giovanile\/wp-json\/wp\/v2\/tags?post=568"}],"curies":[{"name":"wp","href":"https:\/\/api.w.org\/{rel}","templated":true}]}}