{"id":572,"date":"2020-02-14T11:28:10","date_gmt":"2020-02-14T11:28:10","guid":{"rendered":"https:\/\/organizzazione.cai.it\/commissione-centrale-alpinismo-giovanile\/2020\/02\/summer-school-dolomiti-unesco-2016\/"},"modified":"2020-02-14T11:28:10","modified_gmt":"2020-02-14T11:28:10","slug":"summer-school-dolomiti-unesco-2016","status":"publish","type":"post","link":"https:\/\/organizzazione.cai.it\/commissione-centrale-alpinismo-giovanile\/2020\/02\/summer-school-dolomiti-unesco-2016\/","title":{"rendered":"Summer School Dolomiti Unesco 2016"},"content":{"rendered":"<h3 style=\"text-align:justify\">Laboratorio per l&#8217;apprendimento innovativo di biodiversit\u00e0, paesaggio, geologia, clima. L&#8217;esempio delle Dolomiti<\/h3>\n<p style=\"text-align:justify\">Il corso si terr\u00e0 principalmente presso il Museo Geologico delle<strong>Dolomiti di&nbsp;Predazzo (TN), dal&nbsp;25 al&nbsp;28 luglio 2016.<\/strong><\/p>\n<p style=\"text-align:justify\">L&#8217;apposito modulo&nbsp;\u00e8 da spedire e<strong>ntro il 30 giugno 2016<\/strong> all&#8217;indirizzo email&nbsp;impara@muse.it, oppure via fax al MUSE &minus; Museo delle Scienze al numero: 0461-270385.<\/p>\n<p style=\"text-align:justify\">Numerosi i sostenitori dell&#8217;iniziativa formativa oltre alla Fondazione Dolomiti UNESCO: MUSE &minus; Museo delle Scienze di Trento, Museo Geologico delle Dolomiti di Predazzo,&nbsp;Tsm &minus; STEP, Scuola per il Governo del Territorio e del Paesaggio, Comune di&nbsp;Predazzo, Fondazione Stava 1985 Onlus e FEM &minus; Fondazione Edmund Mach.<\/p>\n<h2 style=\"text-align:justify\">Presentazione della Summer School 2016 &#8220;UNESCO: educazione alla vivibilit\u00e0&#8221;<\/h2>\n<p style=\"text-align:justify\">La Summer school &#8220;UNESCO: educazione alla vivibilit\u00e0&#8221; si propone di favorire la conoscenza di contenuti aggiornati e di metodi e prassi basati sulla ricerca e sull&#8217;apprendimento, per educare alla vivibilit\u00e0 dei territori utilizzando una didattica attiva e contenuti della ricerca scientifica nelle forme pi\u00f9 aggiornate, durante&nbsp;corsi outdoor e indoor.<\/p>\n<p style=\"text-align:justify\">Il progetto didattico <strong>\u00e8 rivolto ai docenti della&nbsp;Scuola Primaria e Secondaria di I e II grado<\/strong>, per un numero massimo di&nbsp;50 docenti, mentre&nbsp;sar\u00e0 attivato solo in presenza di un numero minimo di iscritti pari a 22. Il corso \u00e8 a numero chiuso per permettere lo svolgimento di attivit\u00e0 in peer review e in gruppo.<\/p>\n<p style=\"text-align:justify\">Al suo interno, il laboratorio per&nbsp;l&#8217;<strong>apprendimento innovativo di biodiversit\u00e0, paesaggio, geologia e&nbsp;clima<\/strong> \u00e8 proposto specificamente dalla&nbsp;Rete Funzionale &#8216;Formazione e ricerca scientifica&#8217;&nbsp;della Fondazione Dolomiti UNESCO.<\/p>\n<p style=\"text-align:justify\">Particolare attenzione verr\u00e0 data alle famiglie al seguito dei corsisti, per le quali \u00e8 disponibileun&nbsp;nutrito&nbsp;Programma Family,&nbsp;con attivit\u00e0 da svolgere nella Val di Fiemme.<\/p>\n<p style=\"text-align:justify\">Ulteriori informazioni consultabili al <a href=\"http:\/\/www.dolomitiunesco.info\/summer-school-dolomiti-unesco-2016\/\" target=\"_blank\" rel=\"noopener noreferrer\">sito web<\/a> del MUSE, alla&nbsp;pagina dedicata&nbsp;alla Summer School 2016.<\/p>\n","protected":false},"excerpt":{"rendered":"<p>UNESCO: educazione alla vivibilit\u00e0 &#8211; aperte le iscrizioni per la Summer School Dolomiti UNESCO 2016 per docenti e famiglie<\/p>\n","protected":false},"author":1,"featured_media":573,"comment_status":"closed","ping_status":"open","sticky":false,"template":"","format":"standard","meta":{"footnotes":""},"categories":[6],"tags":[],"_links":{"self":[{"href":"https:\/\/organizzazione.cai.it\/commissione-centrale-alpinismo-giovanile\/wp-json\/wp\/v2\/posts\/572"}],"collection":[{"href":"https:\/\/organizzazione.cai.it\/commissione-centrale-alpinismo-giovanile\/wp-json\/wp\/v2\/posts"}],"about":[{"href":"https:\/\/organizzazione.cai.it\/commissione-centrale-alpinismo-giovanile\/wp-json\/wp\/v2\/types\/post"}],"author":[{"embeddable":true,"href":"https:\/\/organizzazione.cai.it\/commissione-centrale-alpinismo-giovanile\/wp-json\/wp\/v2\/users\/1"}],"replies":[{"embeddable":true,"href":"https:\/\/organizzazione.cai.it\/commissione-centrale-alpinismo-giovanile\/wp-json\/wp\/v2\/comments?post=572"}],"version-history":[{"count":0,"href":"https:\/\/organizzazione.cai.it\/commissione-centrale-alpinismo-giovanile\/wp-json\/wp\/v2\/posts\/572\/revisions"}],"wp:featuredmedia":[{"embeddable":true,"href":"https:\/\/organizzazione.cai.it\/commissione-centrale-alpinismo-giovanile\/wp-json\/wp\/v2\/media\/573"}],"wp:attachment":[{"href":"https:\/\/organizzazione.cai.it\/commissione-centrale-alpinismo-giovanile\/wp-json\/wp\/v2\/media?parent=572"}],"wp:term":[{"taxonomy":"category","embeddable":true,"href":"https:\/\/organizzazione.cai.it\/commissione-centrale-alpinismo-giovanile\/wp-json\/wp\/v2\/categories?post=572"},{"taxonomy":"post_tag","embeddable":true,"href":"https:\/\/organizzazione.cai.it\/commissione-centrale-alpinismo-giovanile\/wp-json\/wp\/v2\/tags?post=572"}],"curies":[{"name":"wp","href":"https:\/\/api.w.org\/{rel}","templated":true}]}}