{"id":581,"date":"2020-02-14T11:28:10","date_gmt":"2020-02-14T11:28:10","guid":{"rendered":"https:\/\/organizzazione.cai.it\/commissione-centrale-alpinismo-giovanile\/2020\/02\/uiaa-ice-climbing-camp\/"},"modified":"2020-02-14T11:28:10","modified_gmt":"2020-02-14T11:28:10","slug":"uiaa-ice-climbing-camp","status":"publish","type":"post","link":"https:\/\/organizzazione.cai.it\/commissione-centrale-alpinismo-giovanile\/2020\/02\/uiaa-ice-climbing-camp\/","title":{"rendered":"Uiaa Ice Climbing Camp"},"content":{"rendered":"<h2><span style=\"font-family:arial,helvetica,sans-serif\">Le emozioni non fanno rumore<\/span><\/h2>\n<h5><span style=\"font-family:arial,helvetica,sans-serif\">(di Francesco Abbrascato ANAG Mestre)<\/span><\/h5>\n<p style=\"text-align:justify\"><span style=\"font-family:arial,helvetica,sans-serif\">Sembra facile! Ma non \u00e8 cos\u00ec. All&#8217;inizio di qualsiasi progetto ti confronti con un foglio bianco. Certo, avere a fianco una persona come Armando Beozzo, &#8220;il Direttore&#8221; della Scuola Centrale di Alpinismo Giovanile, aiuta. Per lui \u00e8 pi\u00f9 facile. Il rapporto con la montagna lo vive quotidianamente, non ha tutte le perplessit\u00e0 e paure che ho io, alpinista di pianura. Ma si sa nell&#8217;Alpinismo Giovanile, l&#8217;entusiasmo \u00e8 inarrestabile. Di conseguenza quando nasce la proposta di portare i ragazzi dell&#8217;Alpinismo Giovanile sulle cascate di ghiaccio, la cosa si concretizza con disarmante facilit\u00e0.<\/span><\/p>\n<p style=\"text-align:justify\"><span style=\"font-family:arial,helvetica,sans-serif\">Subito viene coinvolta, tramite Rosella, l&#8217;UIAA (Unione Internazionale Associazioni Alpinistiche); da tempo, la Youth Commission porta i ragazzi dei paesi che si affacciano al di l\u00e0 delle Alpi, nelle competizioni di ice climbing. Ma non \u00e8 questo il nostro obiettivo. Quello a cui puntiamo \u00e8 il far conoscere ai nostri ragazzi un aspetto diverso della montagna invernale. Non la competizione, ma la conoscenza e consapevolezza di sapersi muovere, in sicurezza, in un ambiente che al primo impatto pu\u00f2 sembra ostile ma poi riserva occasioni di divertimento uniche. Ecco che allora, l&#8217;opportunit\u00e0 offerta da questo progetto diventa momento di collaborazione trasversale tra le Scuole di alpinismo della CNSASA e la Scuola Centrale di AG. Una collaborazione di pari dignit\u00e0, dove ognuno ci mette del suo, dove l&#8217;esperienza tecnica degli Istruttori si inquina nelle capacit\u00e0 degli Accompagnatori di gestire le dinamiche di gruppo dei ragazzi. E viceversa! Il progetto a poco a poco comincia a delinearsi e quasi senza accorgersi ci troviamo ai primi di febbraio, tutti all&#8217;imbocco della Val Varaita. Chi arriva dalla laguna, chi dalla capitale chi ha ancora addosso il sapore del mare. Rosella, rappresentante UIAA, ci raggiunge con due ragazzi stranieri: uno dalla Spagna, Jose e uno dalla Germania, Daniel. Non \u00e8 molto, ma tra un inglese un po&#8217; maccheronico e uno spagnolo con cadenze veneziane, la nostra avventura acquista un po&#8217; il fascino di internazionalismo. La stagione del ghiaccio, anche qui in Val Varaita non \u00e8 delle migliori. Ma attraverso i preziosi consigli del gestore del rifugio Savigliano, Romeo Isaia troviamo dei flussi interessanti. I ragazzi sono subito rapiti da questa particolare specialit\u00e0. Piccozze, ramponi e viti da ghiaccio diventano i nuovi strumenti per questo gioco.<\/span><\/p>\n<p style=\"text-align:justify\"><span style=\"font-family:arial,helvetica,sans-serif\">Tre giornate piene, alternando l&#8217;attivit\u00e0 in cascata alla conoscenza della valle Occitana o incontrando alla sera, in rifugio, gli amici del gestore: gli artigiani che costruiscono i nuovi prototipi di piccozze per la piolet traction. I ragazzi si sentono gi\u00e0 dei navigati iceclimbing e soppesano con disinvoltura le piccozze elogiando la presa ergonomica di una piuttosto ch\u00e9 il troppo peso dell&#8217;altra. Non ci siamo fatti mancare nulla, neanche un giro a Torino al Museo del cinema. Nonostante la sveglia suoni alle 6.30, nessuno protesta e poco prima delle 8.00 siamo gi\u00e0 gi\u00f9 per i tornanti che dal rifugio portano alla strada principale della valle per raggiungere le cascate. Chi va su &#8220;Berr\u00f2&#8221;, chi alla &#8220;Pineta Nord&#8221;. I pi\u00f9 agguerriti sono sulla &#8220;Valeria&#8221;, li ci sono da far tiri di corda, soste. Li si balla sulle punte dei ramponi per qualche ora. Quelli della Berr\u00f2 provano a calarsi in doppia su un &#8220;Abalakov&#8221; realizzato da loro. I primi metri sono di pura adrenalina, il resto \u00e8 gioia pura. \u00c8 difficile riordinare i ricordi e soprattutto le emozioni provate in questi giorni. Le immagini pi\u00f9 belle non sono durante l&#8217;attivit\u00e0, ma stanno nel rivedere i ragazzi, tutti assieme attorno al tavolo del rifugio, mentre fuori nevica, a parlare di prossime occasioni per ritrovarsi, a scherzare sulle difficolt\u00e0 incontrate durante la giornata, all&#8217;emozione della prima cascata. Il loro spontaneo entusiasmo \u00e8 commovente. I giorni passano velocemente, e mi trovo gi\u00e0 sulla strada per tornare a casa. Tante le foto, peccato non poter racchiudere le emozioni e specialmente i sorrisi. In particolar modo la gioia di Sara, Giulia e Beatrice dopo una giornata di severa tecnica sfogarsi rotolando gi\u00f9 per un pendio di neve.<\/span><\/p>\n<p style=\"text-align:justify\"><span style=\"font-family:arial,helvetica,sans-serif\">Un grazie a tutti gli Accompagnatori e Istruttori che hanno reso possibile questa esperienza, l&#8217;auguri \u00e8 che sia l&#8217;inizio di un qualcosa di nuovo, per i ragazzi ma anche per noi.<\/span><\/p>\n<p style=\"text-align:justify\"><a href=\"https:\/\/archivio.cai.it\/alpinismogiovanile_media\/documenti\/documenti-AG\/uiaa_2016_ice_climbing_articolo_abbruscato.pdf\" target=\"_blank\" rel=\"noopener noreferrer\"><span style=\"font-family:arial,helvetica,sans-serif\">scarica l&#8217;articolo<\/span><\/a><\/p>\n<h2 style=\"text-align:justify\">Relazione Evento&nbsp;&#8211;&nbsp;06 \/10 febbraio 2016 &#8211; Valle Varaita (Cuneo)<\/h2>\n<h5><span style=\"font-family:arial,helvetica,sans-serif\">(di Rosella Chinellato&nbsp;<\/span>UIAA &minus; Youth Commission<span style=\"font-family:arial,helvetica,sans-serif\">)<\/span><\/h5>\n<p style=\"text-align:justify\"><span style=\"font-family:arial,helvetica,sans-serif\">Dal 6 al 10 febbraio 2016 in Valle Varaita si \u00e8 tenuto il primo &#8220;<strong>International Youth Ice Climbing Camp<\/strong>&#8221; , approvato dalla CCAG, organizzato in collaborazione con la SCAG e la CNSASA , nell&#8217;ambito dei Global Youth Summit dell&#8217; UIAA. L&#8217;evento ha ottenuto un contributo economico dall&#8217;ARISF, (the Association of&nbsp; ecognised International Sports Federations), per lo &#8220;Sviluppo dell&#8217;Ice Climbing&#8221;. All&#8217;evento&nbsp; hanno&nbsp; partecipato&nbsp;<strong>14&nbsp; ragazzi,&nbsp; 12&nbsp; italiani&nbsp; e&nbsp; 2&nbsp; stranieri<\/strong>.&nbsp; Gli&nbsp; italiani provenivano dai seguenti convegni: 3 dal<strong>CMI<\/strong>, 4 dal<strong>VFG<\/strong>, 4 dal <strong>LPV<\/strong> e 1 dal<strong>TAA<\/strong>. I due stranieri provenivano da Spagna e Germania. La base logistica del gruppo \u00e8 stato il Rifugio&nbsp; Savigliano&nbsp; a&nbsp; Pontechianale.&nbsp; I&nbsp; responsabili&nbsp; dell&#8217;attivit\u00e0&nbsp; tecnica&nbsp; erano&nbsp; l&#8217;ANAG Armando Beozzo per la SCAG, l&#8217;INA Luciano Bosso per la CNSASA.&nbsp;<\/span><\/p>\n<p style=\"text-align:justify\"><span style=\"font-family:arial,helvetica,sans-serif\">Questa in breve la cronaca delle cinque giornate di attivit\u00e0.<\/span><\/p>\n<p style=\"text-align:justify\"><span style=\"font-family:arial,helvetica,sans-serif\"><strong>Sabato&nbsp; 6&nbsp; febbraio<\/strong>:&nbsp;&nbsp;&nbsp; giornata&nbsp; degli&nbsp; arrivi.&nbsp; I&nbsp;&nbsp;&nbsp; ragazzi,&nbsp; arrivati&nbsp; con&nbsp; mezzi&nbsp; diversi,&nbsp; si incontrano&nbsp; alle&nbsp; ore&nbsp; 16.00&nbsp; per&nbsp; le&nbsp; presentazioni&nbsp; nella&nbsp; struttura&nbsp; &#8220;Porta&nbsp; di&nbsp; Valle&#8221;&nbsp; a Brossasco,&nbsp; all&#8217;imbocco&nbsp; della&nbsp; Valle&nbsp; Varaita.&nbsp; Qui&nbsp; viene&nbsp; loro&nbsp; presentato&nbsp; il&nbsp; programma definitivo&nbsp; delle&nbsp; attivit\u00e0.&nbsp; Alle&nbsp; 16.30&nbsp; ci&nbsp; raggiunge&nbsp; il&nbsp; Presidente&nbsp; della&nbsp; &#8220;Ice&nbsp; Climbing Commission&#8221;&nbsp; dell&#8217;UIAA,&nbsp; lo&nbsp; svizzero&nbsp; Urs&nbsp; Stoecker,&nbsp; che&nbsp; porta&nbsp; il&nbsp; proprio&nbsp; saluto&nbsp; ai partecipanti. Attraverso una breve presentazione&nbsp; spiega ai ragazzi che cosa \u00e8 l&#8217;UIAA e quali sono i suoi obiettivi. Poi&nbsp; proietta alcuni video che illustrano i due mondi diversi dell&#8217;Ice&nbsp; Climbing:&nbsp; quello&nbsp; dell&#8217;arrampicata&nbsp; su&nbsp; cascate&nbsp; di&nbsp; ghiaccio&nbsp; e&nbsp; quello&nbsp; delle competizioni&nbsp; su&nbsp; pareti&nbsp; artificiali.&nbsp; Dopo&nbsp; la&nbsp; foto&nbsp; di&nbsp; rito,&nbsp; il&nbsp; gruppo&nbsp; riparte&nbsp; alla&nbsp; volta&nbsp; del Rifugio&nbsp; Savigliano.&nbsp; La&nbsp; serata&nbsp; \u00e8&nbsp;&nbsp;&nbsp; dedicata&nbsp; al&nbsp; controllo&nbsp; e&nbsp; sistemazione&nbsp; dei&nbsp; materiali tecnici di ciascun ragazzo in vista dell&#8217;attivit\u00e0 del giorno successivo.<\/span><\/p>\n<p style=\"text-align:justify\"><span style=\"font-family:arial,helvetica,sans-serif\"><strong>Domenica&nbsp; 7&nbsp; febbraio<\/strong>:&nbsp; I&nbsp; ragazzi&nbsp; vengono&nbsp; divisi&nbsp; in&nbsp; due&nbsp; gruppi.&nbsp; Il&nbsp; primo&nbsp; va&nbsp; a&nbsp; fare attivit\u00e0 didattica di base alla cascata &#8220;Castello&#8221;: tecnica di posizionamento ramponi e piccozze sul ghiaccio, progressione. Il secondo gruppo, con i ragazzi pi\u00f9 esperti, va ad arrampicare&nbsp; all'&#8221;Anfiteatro&#8221;.&nbsp; Il&nbsp; meteo&nbsp; purtroppo&nbsp; non&nbsp; \u00e8&nbsp; favorevole&nbsp; e&nbsp; siamo&nbsp; sotto&nbsp; la neve per tutta la mattinata. Alle 12.30 si parte per Torino dove visitiamo il Museo del Cinema della Mole Antonelliana. Rientro in Rifugio per cena. Dopo cena brevi relazioni del&nbsp; gestore&nbsp; sulla&nbsp; storia&nbsp; della&nbsp; valle&nbsp; e&nbsp; sullo&nbsp; sviluppo&nbsp; dell&#8217;Ice&nbsp; Climbing&nbsp; nella&nbsp; zona.&nbsp; Un interessante spazio di tempo viene dedicato all&#8217;evoluzione dei materiali tecnici specifici per questa disciplina.&nbsp;<\/span><\/p>\n<p style=\"text-align:justify\"><span style=\"font-family:arial,helvetica,sans-serif\"><strong>Luned\u00ec&nbsp; 8&nbsp; febbraio<\/strong>:&nbsp; Giornata&nbsp; magnifica.&nbsp; I&nbsp; ragazzi&nbsp; vengono&nbsp; divisi&nbsp; in&nbsp; tre&nbsp; gruppi:&nbsp; Il primo va ad arrampicare alla cascata &#8220;Valeria&#8221; sopra il paese di Chianale, il secondo va&nbsp; ad&nbsp; arrampicare&nbsp; alla&nbsp; cascata&nbsp; &#8220;Berr\u00f2&#8221;,&nbsp; nella&nbsp; stessa&nbsp; zona,&nbsp; il&nbsp; terzo&nbsp; va&nbsp; alla&nbsp; cascata &#8220;Pineta&nbsp; Nord&#8221;&nbsp; sopra&nbsp; Pontechianale.&nbsp; L&#8217;attivit\u00e0&nbsp; di&nbsp; oggi&nbsp; si&nbsp; \u00e8&nbsp; svolta&nbsp; in&nbsp; modo&nbsp; intenso&nbsp; e prolungato ed ha entusiasmato i ragazzi. Il tardo pomeriggio e la serata sono dedicati alla socializzazione.&nbsp;<\/span><\/p>\n<p style=\"text-align:justify\"><span style=\"font-family:arial,helvetica,sans-serif\"><strong>Marted\u00ec 9 febbraio<\/strong>: I ragazzi vengono divisi in due gruppi che vanno ad arrampicare alle cascate &#8220;Berr\u00f2&#8221; e &#8221; Pineta nord&#8221;. Vengono attrezzate vie nuove e si sperimentano anche percorsi su misto, a causa della scarsa copertura ghiacciata della parete. Anche questa \u00e8 una giornata di piena attivit\u00e0 che lascia i ragazzi molto soddisfatti. In serata si&nbsp; svolge&nbsp; la&nbsp; festa&nbsp; dell&#8217;addio,&nbsp; con&nbsp; consegna&nbsp; di&nbsp; omaggi&nbsp; ricordo&nbsp; ai&nbsp; ragazzi:&nbsp;maglietta dedicata all&#8217;Ice Climbing, berretto, spilla dell&#8217;UIAA.<\/span><\/p>\n<p style=\"text-align:justify\"><span style=\"font-family:arial,helvetica,sans-serif\"><strong>Mercoled\u00ec 10 febbraio<\/strong>: Entro le ore 11.00 partenze per il rientro a casa. Considerazioni Questo primo evento&nbsp; di&nbsp; Ice Climbing ha avuto una buona partecipazione di ragazzi, considerato&nbsp; che&nbsp; eravamo&nbsp; in&nbsp; periodo&nbsp; scolastico&nbsp; e&nbsp; che&nbsp; le&nbsp; vacanze&nbsp; di&nbsp; carnevale&nbsp; si facevano&nbsp; solo&nbsp; in&nbsp; alcune&nbsp; regioni.&nbsp; Questo&nbsp; pu\u00f2&nbsp; aver&nbsp; influito&nbsp; anche&nbsp; sulla&nbsp; partecipazione dei ragazzi stranieri, come pure la tardiva pubblicazione dell&#8217;evento. &nbsp;I&nbsp; partecipanti,&nbsp; compresi&nbsp; tra&nbsp; i&nbsp; 15&nbsp; e&nbsp; i&nbsp; 19&nbsp; anni,&nbsp; erano&nbsp; tutti&nbsp; motivati,&nbsp; determinati&nbsp; e fisicamente&nbsp; abbastanza&nbsp; forti.&nbsp; I&nbsp; commenti&nbsp; dei&nbsp; ragazzi&nbsp; sono&nbsp; stati&nbsp; molto&nbsp; positivi:&nbsp; alla richiesta di suggerimenti per il futuro hanno detto: &#8220;Fare pi\u00f9 giorni e arrampicare pi\u00f9 a&nbsp; lungo&nbsp; nella&nbsp; giornata&#038;&#8221;&nbsp; ;&nbsp; tutti&nbsp; sono&nbsp; rimasti&nbsp; entusiasti&nbsp; dell&#8217;attivit\u00e0&nbsp; svolta&nbsp; e&nbsp; degli insegnamenti&nbsp; ricevuti.&nbsp; Credo&nbsp; che&nbsp; questo&nbsp; per&nbsp; noi&nbsp; sia&nbsp; gi\u00e0&nbsp; un&nbsp; grande&nbsp; successo.&nbsp; Per&nbsp; il futuro occorrer\u00e0 curare maggiormente l&#8217;organizzazione delle presenze degli Istruttori, affinch\u00e9 vi sia un uguale numero di presenze per ogni giorno di attivit\u00e0.<\/span><\/p>\n<p style=\"text-align:justify\"><span style=\"font-family:arial,helvetica,sans-serif\"><strong>Per concludere<\/strong>:&nbsp; ritengo che la<strong>collaborazione tra SCAG e CNSASA<\/strong>, che abbiamo per la prima volta sperimentato, sia la strada giusta da seguire nella gestione&nbsp; degli eventi internazionali&nbsp; UIAA&nbsp; dedicati&nbsp; a&nbsp; discipline&nbsp; tecniche&nbsp; specifiche&nbsp; come&nbsp; l&#8217;Ice&nbsp; Climbing&nbsp; o&nbsp; il Rock Climbing. Sono certa che con una saggia collaborazione, nel rispetto dei ruoli di ciascuno, potremo gestire sempre meglio e con pi\u00f9 successo i futuri eventi.<\/span><\/p>\n<p style=\"text-align:justify\"><a href=\"https:\/\/archivio.cai.it\/alpinismogiovanile_media\/documenti\/documenti-AG\/uiaa_2016_ice_climbing_relazionefinale.pdf\" target=\"_blank\" rel=\"noopener noreferrer\"><span style=\"font-family:arial,helvetica,sans-serif\">scarica la relazione<\/span><\/a><\/p>\n","protected":false},"excerpt":{"rendered":"<p>Racconti di questa esperienza<\/p>\n","protected":false},"author":1,"featured_media":582,"comment_status":"closed","ping_status":"open","sticky":false,"template":"","format":"standard","meta":{"footnotes":""},"categories":[6],"tags":[],"_links":{"self":[{"href":"https:\/\/organizzazione.cai.it\/commissione-centrale-alpinismo-giovanile\/wp-json\/wp\/v2\/posts\/581"}],"collection":[{"href":"https:\/\/organizzazione.cai.it\/commissione-centrale-alpinismo-giovanile\/wp-json\/wp\/v2\/posts"}],"about":[{"href":"https:\/\/organizzazione.cai.it\/commissione-centrale-alpinismo-giovanile\/wp-json\/wp\/v2\/types\/post"}],"author":[{"embeddable":true,"href":"https:\/\/organizzazione.cai.it\/commissione-centrale-alpinismo-giovanile\/wp-json\/wp\/v2\/users\/1"}],"replies":[{"embeddable":true,"href":"https:\/\/organizzazione.cai.it\/commissione-centrale-alpinismo-giovanile\/wp-json\/wp\/v2\/comments?post=581"}],"version-history":[{"count":0,"href":"https:\/\/organizzazione.cai.it\/commissione-centrale-alpinismo-giovanile\/wp-json\/wp\/v2\/posts\/581\/revisions"}],"wp:featuredmedia":[{"embeddable":true,"href":"https:\/\/organizzazione.cai.it\/commissione-centrale-alpinismo-giovanile\/wp-json\/wp\/v2\/media\/582"}],"wp:attachment":[{"href":"https:\/\/organizzazione.cai.it\/commissione-centrale-alpinismo-giovanile\/wp-json\/wp\/v2\/media?parent=581"}],"wp:term":[{"taxonomy":"category","embeddable":true,"href":"https:\/\/organizzazione.cai.it\/commissione-centrale-alpinismo-giovanile\/wp-json\/wp\/v2\/categories?post=581"},{"taxonomy":"post_tag","embeddable":true,"href":"https:\/\/organizzazione.cai.it\/commissione-centrale-alpinismo-giovanile\/wp-json\/wp\/v2\/tags?post=581"}],"curies":[{"name":"wp","href":"https:\/\/api.w.org\/{rel}","templated":true}]}}