{"id":620,"date":"2015-08-31T22:00:00","date_gmt":"2015-08-31T22:00:00","guid":{"rendered":"https:\/\/organizzazione.cai.it\/commissione-centrale-alpinismo-giovanile\/2015\/08\/corso-asag-scuola-est-m-rosa-2015-lpv\/"},"modified":"2015-08-31T22:00:00","modified_gmt":"2015-08-31T22:00:00","slug":"corso-asag-scuola-est-m-rosa-2015-lpv","status":"publish","type":"post","link":"https:\/\/organizzazione.cai.it\/commissione-centrale-alpinismo-giovanile\/2015\/08\/corso-asag-scuola-est-m-rosa-2015-lpv\/","title":{"rendered":"Corso Asag Scuola Est M. Rosa 2015 &#8211; Lpv"},"content":{"rendered":"<p>La Scuola di Alpinismo Giovanile Sezioni Est Monte Rosa organizza<br \/>\n8\u00b0 CORSO ACCOMPAGNATORI SEZIONALI DI ALPINISMO GIOVANILE<br \/>\nIl corso \u00e8 indirizzato a tutti i soci CAI che possiedono i seguenti requisiti:<br \/>\n&bull; maggiore et\u00e0 e che non abbiano superato i 45 anni; nel caso in cui il candidato abbia un&#8217;et\u00e0 superiore ai 45 anni, la Scuola, valutato il curriculum, avvier\u00e0 motivata richiesta di deroga all&#8217;Otto LPV per l&#8217;eventuale concessione<br \/>\n&bull; essere in regola con l&#8217;iscrizione CAI con almeno 2 bollini consecutivi;<br \/>\n&bull; godimento dei diritti civili;<br \/>\n&bull; motivazione a lavorare con i giovani ed attitudine al lavoro di squadra<br \/>\n&bull; padronanza e sicurezza su percorsi di difficolt\u00e0 EE-EEA<br \/>\nI candidati si impegnano, qualora ottengano la nomina, ad operare attivamente nell&#8217;AG, ai sensi del Regolamento degli Accompagnatori di AG.<\/p>\n<p>&nbsp;<\/p>\n","protected":false},"excerpt":{"rendered":"<p>La Scuola di Alpinismo Giovanile Sezioni Est Monte Rosa organizza 8\u00b0 CORSO ACCOMPAGNATORI SEZIONALI DI ALPINISMO GIOVANILE Il corso \u00e8 indirizzato a tutti i soci CAI che possiedono i seguenti [&hellip;]<\/p>\n","protected":false},"author":1,"featured_media":621,"comment_status":"closed","ping_status":"open","sticky":false,"template":"","format":"standard","meta":{"footnotes":""},"categories":[6],"tags":[],"_links":{"self":[{"href":"https:\/\/organizzazione.cai.it\/commissione-centrale-alpinismo-giovanile\/wp-json\/wp\/v2\/posts\/620"}],"collection":[{"href":"https:\/\/organizzazione.cai.it\/commissione-centrale-alpinismo-giovanile\/wp-json\/wp\/v2\/posts"}],"about":[{"href":"https:\/\/organizzazione.cai.it\/commissione-centrale-alpinismo-giovanile\/wp-json\/wp\/v2\/types\/post"}],"author":[{"embeddable":true,"href":"https:\/\/organizzazione.cai.it\/commissione-centrale-alpinismo-giovanile\/wp-json\/wp\/v2\/users\/1"}],"replies":[{"embeddable":true,"href":"https:\/\/organizzazione.cai.it\/commissione-centrale-alpinismo-giovanile\/wp-json\/wp\/v2\/comments?post=620"}],"version-history":[{"count":0,"href":"https:\/\/organizzazione.cai.it\/commissione-centrale-alpinismo-giovanile\/wp-json\/wp\/v2\/posts\/620\/revisions"}],"wp:featuredmedia":[{"embeddable":true,"href":"https:\/\/organizzazione.cai.it\/commissione-centrale-alpinismo-giovanile\/wp-json\/wp\/v2\/media\/621"}],"wp:attachment":[{"href":"https:\/\/organizzazione.cai.it\/commissione-centrale-alpinismo-giovanile\/wp-json\/wp\/v2\/media?parent=620"}],"wp:term":[{"taxonomy":"category","embeddable":true,"href":"https:\/\/organizzazione.cai.it\/commissione-centrale-alpinismo-giovanile\/wp-json\/wp\/v2\/categories?post=620"},{"taxonomy":"post_tag","embeddable":true,"href":"https:\/\/organizzazione.cai.it\/commissione-centrale-alpinismo-giovanile\/wp-json\/wp\/v2\/tags?post=620"}],"curies":[{"name":"wp","href":"https:\/\/api.w.org\/{rel}","templated":true}]}}