{"id":994,"date":"2024-12-03T10:18:40","date_gmt":"2024-12-03T10:18:40","guid":{"rendered":"https:\/\/organizzazione.cai.it\/commissione-centrale-alpinismo-giovanile\/?p=994"},"modified":"2024-12-04T15:42:34","modified_gmt":"2024-12-04T15:42:34","slug":"2-modulo-agar","status":"publish","type":"post","link":"https:\/\/organizzazione.cai.it\/commissione-centrale-alpinismo-giovanile\/2024\/12\/2-modulo-agar\/","title":{"rendered":"2 Modulo AGAR 2025"},"content":{"rendered":"\n<p>Cari Accompagnatori,<\/p>\n\n\n\n<p>Siamo lieti comunicarvi che a seguito degli accordi fra le due Commissioni Centrali CCAG e CNSASA verr\u00e0 riproposto all\u2019inizio del prossimo anno un nuovo Modulo di abilitazione AGAR.<\/p>\n\n\n\n<p>Ricordiamo che il conseguimento di questa abilitazione \u00e8 necessario per lo svolgimento in autonomia di arrampicata in falesia e palestre indoor con i gruppi di Alpinismo Giovanile.Il nuovo Modulo si articoler\u00e0 in due periodi:\uf0fc<\/p>\n\n\n\n<p> il primo, di carattere formativo si svolger\u00e0 ad Arco (TN) nei giorni sabato e domenica 22 e 23 marzo 2025,\uf0fc <\/p>\n\n\n\n<p>il secondo, dedicato alla verifica delle competenze acquisite si svolger\u00e0 sabato 10maggio 2025.<\/p>\n\n\n\n<p>La partecipazione \u00e8 aperta a tutti gli Accompagnatori AAG e ANAG che svolgono nell\u2019ambito delle loro attivit\u00e0 personali anche l\u2019arrampicata in falesia. <\/p>\n\n\n\n<p>\u00c8 prevista una quota di partecipazione fissata in \u20ac 10,00.<\/p>\n\n\n\n<p class=\"has-text-align-left\">Nel periodo di formazione verranno analizzate tutte le tematiche connesse alla gestione del monotiro in falesia e strutture indoor ed inoltre approfondito il tema del Gioco arrampicata. Durante le prove di verifica sar\u00e0 anche richiesto ai candidati la salita a vista di monotiri con difficolt\u00e0 massima di grado 5b della scala francese di difficolt\u00e0.Sia la parte formativa che quella valutativa, cos\u00ec come avvenuto nel Modulo precedente, saranno curate dagli Istruttori della Scuola Centrale di Alpinismo e Arrampicata Libera.<\/p>\n\n\n\n<p class=\"has-text-align-left\">A questo secondo Modulo di abilitazione AGAR saranno ammessi un numero massimo di 35 Accompagnatori. Nel caso in cui le iscrizioni risultassero superiori al numero dei posti disponibili, la selezione sar\u00e0 effettuata sulla base della data di iscrizione e della provenienza geografica dei candidati.<\/p>\n\n\n\n<p>Ricordiamo che coloro che non supereranno le prove di verifica, sara&#8217; comunque riconosciuto come aggiornamento obbligatorio sul mono tiro 2024-2026<\/p>\n\n\n\n<p><a href=\"https:\/\/docs.google.com\/forms\/d\/e\/1FAIpQLSc8dWJ5LimAi56ePgxh9COo8GSJAJvBhnXT8c2_bE7H_AXKzg\/viewform\" target=\"_blank\" rel=\"noopener\">Le iscrizioni si ricevono online compilando il form <strong>QUI<\/strong><\/a><\/p>\n","protected":false},"excerpt":{"rendered":"<p>Cari Accompagnatori, Siamo lieti comunicarvi che a seguito degli accordi fra le due Commissioni Centrali CCAG e CNSASA verr\u00e0 riproposto all\u2019inizio del prossimo anno un nuovo Modulo di abilitazione AGAR. [&hellip;]<\/p>\n","protected":false},"author":157,"featured_media":664,"comment_status":"closed","ping_status":"closed","sticky":false,"template":"","format":"standard","meta":{"footnotes":""},"categories":[6,4],"tags":[],"_links":{"self":[{"href":"https:\/\/organizzazione.cai.it\/commissione-centrale-alpinismo-giovanile\/wp-json\/wp\/v2\/posts\/994"}],"collection":[{"href":"https:\/\/organizzazione.cai.it\/commissione-centrale-alpinismo-giovanile\/wp-json\/wp\/v2\/posts"}],"about":[{"href":"https:\/\/organizzazione.cai.it\/commissione-centrale-alpinismo-giovanile\/wp-json\/wp\/v2\/types\/post"}],"author":[{"embeddable":true,"href":"https:\/\/organizzazione.cai.it\/commissione-centrale-alpinismo-giovanile\/wp-json\/wp\/v2\/users\/157"}],"replies":[{"embeddable":true,"href":"https:\/\/organizzazione.cai.it\/commissione-centrale-alpinismo-giovanile\/wp-json\/wp\/v2\/comments?post=994"}],"version-history":[{"count":5,"href":"https:\/\/organizzazione.cai.it\/commissione-centrale-alpinismo-giovanile\/wp-json\/wp\/v2\/posts\/994\/revisions"}],"predecessor-version":[{"id":1160,"href":"https:\/\/organizzazione.cai.it\/commissione-centrale-alpinismo-giovanile\/wp-json\/wp\/v2\/posts\/994\/revisions\/1160"}],"wp:featuredmedia":[{"embeddable":true,"href":"https:\/\/organizzazione.cai.it\/commissione-centrale-alpinismo-giovanile\/wp-json\/wp\/v2\/media\/664"}],"wp:attachment":[{"href":"https:\/\/organizzazione.cai.it\/commissione-centrale-alpinismo-giovanile\/wp-json\/wp\/v2\/media?parent=994"}],"wp:term":[{"taxonomy":"category","embeddable":true,"href":"https:\/\/organizzazione.cai.it\/commissione-centrale-alpinismo-giovanile\/wp-json\/wp\/v2\/categories?post=994"},{"taxonomy":"post_tag","embeddable":true,"href":"https:\/\/organizzazione.cai.it\/commissione-centrale-alpinismo-giovanile\/wp-json\/wp\/v2\/tags?post=994"}],"curies":[{"name":"wp","href":"https:\/\/api.w.org\/{rel}","templated":true}]}}