{"id":997,"date":"2024-12-03T10:38:16","date_gmt":"2024-12-03T10:38:16","guid":{"rendered":"https:\/\/organizzazione.cai.it\/commissione-centrale-alpinismo-giovanile\/?p=997"},"modified":"2024-12-04T15:42:04","modified_gmt":"2024-12-04T15:42:04","slug":"2-corso-di-alpinismo-base-per-ragazzi-ag","status":"publish","type":"post","link":"https:\/\/organizzazione.cai.it\/commissione-centrale-alpinismo-giovanile\/2024\/12\/2-corso-di-alpinismo-base-per-ragazzi-ag\/","title":{"rendered":"2\u00b0 Corso di Alpinismo base per ragazzi AG"},"content":{"rendered":"\n<figure class=\"wp-block-image alignright size-full is-resized\"><img loading=\"lazy\" decoding=\"async\" width=\"1085\" height=\"757\" src=\"https:\/\/organizzazione.cai.it\/commissione-centrale-alpinismo-giovanile\/wp-content\/uploads\/sites\/68\/2024\/12\/ashampoo_snap_martedi-3-dicembre-2024_11h35m54s_006.webp\" alt=\"- CAI\" class=\"wp-image-999\" style=\"width:547px;height:auto\" title=\"\" srcset=\"https:\/\/organizzazione.cai.it\/commissione-centrale-alpinismo-giovanile\/wp-content\/uploads\/sites\/68\/2024\/12\/ashampoo_snap_martedi-3-dicembre-2024_11h35m54s_006.webp 1085w, https:\/\/organizzazione.cai.it\/commissione-centrale-alpinismo-giovanile\/wp-content\/uploads\/sites\/68\/2024\/12\/ashampoo_snap_martedi-3-dicembre-2024_11h35m54s_006-1032x720.webp 1032w, https:\/\/organizzazione.cai.it\/commissione-centrale-alpinismo-giovanile\/wp-content\/uploads\/sites\/68\/2024\/12\/ashampoo_snap_martedi-3-dicembre-2024_11h35m54s_006-768x536.webp 768w\" sizes=\"(max-width: 1085px) 100vw, 1085px\" \/><\/figure>\n\n\n\n<p>La Scuola Centrale di Alpinismo Giovanile (SCAG), su mandato della Commissione Centrale di Alpinismo Giovanile (CCAG), organizza in collaborazione con la Scuola di Alpinismo e Scialpinismo \u201cPrealpi Trentine\u201d della SAT di Arco, il 2\u00b0 Corso di Alpinismo base (A1) per ragazzi provenienti dagli OTTO AG.<\/p>\n\n\n\n<p>Il Corso \u00e8 rivolto a ragazzi di et\u00e0 compresa fra i 16 e 18 anni (non compiuti) che abbiano partecipato negli anni precedenti ad attivit\u00e0 di Alpinismo Giovanile organizzate nei territori di provenienza. Sono considerate necessarie per l\u2019accesso al Corso esperienze maturate in arrampicata, vie ferrate, escursioni su neve, pernottamenti in tenda\/rifugio.<\/p>\n\n\n\n<p>Al Corso saranno ammessi massimo 12 ragazzi provenienti dal maggior numero possibile di OTTO AG, garantendo il rispetto della parit\u00e0 di genere.Le domande di partecipazione dovranno essere inviate tramite le Scuole Regionali di AG (SRAG\/SIAG) che si occuperanno anche di valutare l\u2019idoneit\u00e0 tecnica dei ragazzi partecipanti.<\/p>\n\n\n\n<p>Ai partecipanti sar\u00e0 richiesto il versamento di una quota di partecipazione fissata in \u20ac 150,00.<\/p>\n\n\n\n<p>Il corso sar\u00e0 articolato in un fine settimana di preparazione che si svolger\u00e0 ad Arco di Trento nei giorni 21 e 22 giugno 2025 ed una successiva settimana nelle Dolomiti di Brenta dal 4 al 9 agosto 2025. <\/p>\n\n\n\n<p>Il pernottamento ad Arco sar\u00e0 effettuato in tenda presso il campeggio municipale di Prabi, mentre i pernottamenti successivi saranno presso il rifugio Silvio Agostini in Val d\u2019Ambiez.<\/p>\n\n\n\n<p>Direttore del Corso: Fabrizio Miori ANAG INA INALI nominativi dei ragazzi partecipanti al Corso dovranno essere inviati alla Segreteria SCAG <a href=\"mailto:scag@cai.it\">scag@cai.it<\/a> entro il termine massimo del 15 aprile 2025.<\/p>\n\n\n\n<p> La SCAG si riserva comunque la facolt\u00e0 di anticipare la chiusura delle iscrizioni al raggiungimento del numero massimo dei posti disponibili. <\/p>\n\n\n\n<p>A tutti i ragazzi partecipanti verr\u00e0 inviata la documentazione necessaria al completamento delle modalit\u00e0 di iscrizione, il programma dettagliato del Corso e l\u2019elenco del materiale di cui ogni partecipante dovr\u00e0 essere dotato. <\/p>\n\n\n\n<p>Ulteriori informazioni possono essere richieste alla Segreteria della SCAG (<a href=\"mailto:scag@cai.it\">scag@cai.it<\/a>).<\/p>\n","protected":false},"excerpt":{"rendered":"<p>La Scuola Centrale di Alpinismo Giovanile (SCAG), su mandato della Commissione Centrale di Alpinismo Giovanile (CCAG), organizza in collaborazione con la Scuola di Alpinismo e Scialpinismo \u201cPrealpi Trentine\u201d della SAT [&hellip;]<\/p>\n","protected":false},"author":157,"featured_media":998,"comment_status":"closed","ping_status":"closed","sticky":false,"template":"","format":"standard","meta":{"footnotes":""},"categories":[6,4],"tags":[],"_links":{"self":[{"href":"https:\/\/organizzazione.cai.it\/commissione-centrale-alpinismo-giovanile\/wp-json\/wp\/v2\/posts\/997"}],"collection":[{"href":"https:\/\/organizzazione.cai.it\/commissione-centrale-alpinismo-giovanile\/wp-json\/wp\/v2\/posts"}],"about":[{"href":"https:\/\/organizzazione.cai.it\/commissione-centrale-alpinismo-giovanile\/wp-json\/wp\/v2\/types\/post"}],"author":[{"embeddable":true,"href":"https:\/\/organizzazione.cai.it\/commissione-centrale-alpinismo-giovanile\/wp-json\/wp\/v2\/users\/157"}],"replies":[{"embeddable":true,"href":"https:\/\/organizzazione.cai.it\/commissione-centrale-alpinismo-giovanile\/wp-json\/wp\/v2\/comments?post=997"}],"version-history":[{"count":1,"href":"https:\/\/organizzazione.cai.it\/commissione-centrale-alpinismo-giovanile\/wp-json\/wp\/v2\/posts\/997\/revisions"}],"predecessor-version":[{"id":1000,"href":"https:\/\/organizzazione.cai.it\/commissione-centrale-alpinismo-giovanile\/wp-json\/wp\/v2\/posts\/997\/revisions\/1000"}],"wp:featuredmedia":[{"embeddable":true,"href":"https:\/\/organizzazione.cai.it\/commissione-centrale-alpinismo-giovanile\/wp-json\/wp\/v2\/media\/998"}],"wp:attachment":[{"href":"https:\/\/organizzazione.cai.it\/commissione-centrale-alpinismo-giovanile\/wp-json\/wp\/v2\/media?parent=997"}],"wp:term":[{"taxonomy":"category","embeddable":true,"href":"https:\/\/organizzazione.cai.it\/commissione-centrale-alpinismo-giovanile\/wp-json\/wp\/v2\/categories?post=997"},{"taxonomy":"post_tag","embeddable":true,"href":"https:\/\/organizzazione.cai.it\/commissione-centrale-alpinismo-giovanile\/wp-json\/wp\/v2\/tags?post=997"}],"curies":[{"name":"wp","href":"https:\/\/api.w.org\/{rel}","templated":true}]}}