{"id":201,"date":"2022-10-03T09:34:26","date_gmt":"2022-10-03T09:34:26","guid":{"rendered":"https:\/\/organizzazione.cai.it\/commissione-centrale-medica\/2022\/10\/congresso-internazionale-mountain-emergency-medicine-varese\/"},"modified":"2022-10-03T09:34:26","modified_gmt":"2022-10-03T09:34:26","slug":"congresso-internazionale-mountain-emergency-medicine-varese","status":"publish","type":"post","link":"https:\/\/organizzazione.cai.it\/commissione-centrale-medica\/2022\/10\/congresso-internazionale-mountain-emergency-medicine-varese\/","title":{"rendered":"Congresso Internazionale Mountain Emergency Medicine &#8211; Varese"},"content":{"rendered":"<p style=\"text-align: center\">      ottobre 2022 &#8211; Aula Magna Universit\u00e0 dell&#8217;Insubria Varese<\/p>\n<p style=\"text-align: center\">\u27a1     <span class=\"s4swhuz0 rifmn7f6\">Mountain<\/span> <span class=\"s4swhuz0 rifmn7f6\">Emergency<\/span> <span class=\"s4swhuz0 rifmn7f6\">Medicine<\/span><br \/>\ncon sessione pratica satellite all\u2019Ospedale Universitario di Circolo di Varese.<\/p>\n<p style=\"text-align: center\"><a href=\"https:\/\/www.uninsubria.it\/eventi\/mountain-emergency-medicine-congresso-internazionale-del-master-di-insubria-e-bicocca?fbclid=IwAR2MyYAi4wH_ABrX22FD6tE-EaRQIJP1kMK3mbZ9Fuzj5ClhO20UwQyp9do\" target=\"_blank\" rel=\"noopener\">https:\/\/www.uninsubria.it\/eventi\/mountain-emergency-medicine-congresso-internazionale-del-master-di-insubria-e-bicocca?fbclid=IwAR2MyYAi4wH_ABrX22FD6tE-EaRQIJP1kMK3mbZ9Fuzj5ClhO20UwQyp9do<\/a><\/p>\n<p>&nbsp;<\/p>\n<p>I <span class=\"s4swhuz0 rifmn7f6\">cambiamenticlimatici<\/span> e temperature sempre pi\u00f9 elevate causano nuovi pericoli: il rischio di incidenti aumenta e     si trova ad affrontare      \u0300      .<\/p>\n<p>Esperti internazionali provenienti da Usa ed Europa, tratteranno di <span class=\"s4swhuz0 rifmn7f6\">malattia<\/span> d\u2019<span class=\"s4swhuz0 rifmn7f6\">altaquota<\/span>, <span class=\"s4swhuz0 rifmn7f6\">ipotermia<\/span>, <span class=\"s4swhuz0 rifmn7f6\">soccorso<\/span> in <span class=\"s4swhuz0 rifmn7f6\">valanga<\/span>, nuove tecnologie, pratica sportiva in montagna e sulla necessit\u00e0 di   a questi        , creando una rete tra universit\u00e0 alpine che sia in grado di affrontare in futuro situazioni sempre pi\u00f9 complesse, difficili e pericolose.<\/p>\n<p>Organizzato nell&#8217;ambito del           (di Universit\u00e0 dell\u2019Insubria e Universit\u00e0 degli Studi di Milano-Bicocca) e in collaborazione con Institute for Regional Development &#8211; Eurac Research\/Bolzano, Air Zermatt AG ed altri enti accademici e del soccorso in Europa e Stati Uniti.<br \/>\nCon il patrocinio di Regione Lombardia.<\/p>\n<p> :<br \/>\nLuigi Festi, editor in chief<br \/>\n   , Congress President<br \/>\n   :<br \/>\nFederico Emiliano Ghio<br \/>\nGiacomo Strapazzon<br \/>\nGiulio Carcano<br \/>\nLorenza Pratali<br \/>\nPaolo Severgnini<br \/>\nGianfranco Parati<br \/>\nAlberto Zoli<\/p>\n","protected":false},"excerpt":{"rendered":"<p>ottobre 2022 &#8211; Aula Magna Universit\u00e0 dell&#8217;Insubria Varese \u27a1 Mountain Emergency Medicine con sessione pratica satellite all\u2019Ospedale Universitario di Circolo di Varese. https:\/\/www.uninsubria.it\/eventi\/mountain-emergency-medicine-congresso-internazionale-del-master-di-insubria-e-bicocca?fbclid=IwAR2MyYAi4wH_ABrX22FD6tE-EaRQIJP1kMK3mbZ9Fuzj5ClhO20UwQyp9do &nbsp; I cambiamenticlimatici e temperature sempre pi\u00f9 [&hellip;]<\/p>\n","protected":false},"author":1,"featured_media":202,"comment_status":"closed","ping_status":"open","sticky":false,"template":"","format":"standard","meta":{"footnotes":""},"categories":[6],"tags":[],"_links":{"self":[{"href":"https:\/\/organizzazione.cai.it\/commissione-centrale-medica\/wp-json\/wp\/v2\/posts\/201"}],"collection":[{"href":"https:\/\/organizzazione.cai.it\/commissione-centrale-medica\/wp-json\/wp\/v2\/posts"}],"about":[{"href":"https:\/\/organizzazione.cai.it\/commissione-centrale-medica\/wp-json\/wp\/v2\/types\/post"}],"author":[{"embeddable":true,"href":"https:\/\/organizzazione.cai.it\/commissione-centrale-medica\/wp-json\/wp\/v2\/users\/1"}],"replies":[{"embeddable":true,"href":"https:\/\/organizzazione.cai.it\/commissione-centrale-medica\/wp-json\/wp\/v2\/comments?post=201"}],"version-history":[{"count":0,"href":"https:\/\/organizzazione.cai.it\/commissione-centrale-medica\/wp-json\/wp\/v2\/posts\/201\/revisions"}],"wp:featuredmedia":[{"embeddable":true,"href":"https:\/\/organizzazione.cai.it\/commissione-centrale-medica\/wp-json\/wp\/v2\/media\/202"}],"wp:attachment":[{"href":"https:\/\/organizzazione.cai.it\/commissione-centrale-medica\/wp-json\/wp\/v2\/media?parent=201"}],"wp:term":[{"taxonomy":"category","embeddable":true,"href":"https:\/\/organizzazione.cai.it\/commissione-centrale-medica\/wp-json\/wp\/v2\/categories?post=201"},{"taxonomy":"post_tag","embeddable":true,"href":"https:\/\/organizzazione.cai.it\/commissione-centrale-medica\/wp-json\/wp\/v2\/tags?post=201"}],"curies":[{"name":"wp","href":"https:\/\/api.w.org\/{rel}","templated":true}]}}