{"id":253,"date":"2020-11-03T17:32:30","date_gmt":"2020-11-03T17:32:30","guid":{"rendered":"https:\/\/organizzazione.cai.it\/commissione-centrale-medica\/2020\/11\/avremo-tutti-bisogno-di-montagnaterapia-2\/"},"modified":"2020-11-03T17:32:30","modified_gmt":"2020-11-03T17:32:30","slug":"avremo-tutti-bisogno-di-montagnaterapia-2","status":"publish","type":"post","link":"https:\/\/organizzazione.cai.it\/commissione-centrale-medica\/2020\/11\/avremo-tutti-bisogno-di-montagnaterapia-2\/","title":{"rendered":"Avremo Tutti Bisogno Di Montagnaterapia"},"content":{"rendered":"<p style=\"text-align: center\"><strong>Avremo tutti bisogno di montagnaterapia<\/strong><\/p>\n<p style=\"text-align: center\">(Dr. Marco Battain &#8211; Commissione Centrale Medica del Club Alpino Italiano)<\/p>\n<p>La pandemia di CoViD19 nel lockdown di primavera ha generato o aggravato sia nei soggetti sani e sia nelle persone che partecipano ai progetti di montagnaterapia un vario mix di disturbi d\u2019ansia, del sonno, dell\u2019umore, ossessioni, fobie fino a quello post traumatico da stress.<\/p>\n<p>La coesione sociale generata di proposito nella montagnaterapia e la sua continuazione per via telematica anche nei momenti di isolamento fisico obbligato ci aveva aiutato a non disperdere completamente i benefici del lavoro gi\u00e0 compiuto.<\/p>\n<p>Alla fine del lockdown era stato forte il desiderio di riprendere a frequentare la montagna anche per i gruppi di montagnaterapia, sia pure su percorsi pi\u00f9 vicini, pi\u00f9 facili, pi\u00f9 brevi di quanto fatto in precedenza: il rivedersi, il raccontarsi, il riprendere le pur piccole cose che ci accomunano hanno rinsaldato sia i legami gi\u00e0 forti sia quelli ancora appena imbastiti.<\/p>\n<p>In questi giorni di risalita della curva epidemica, si sta sgretolando la fallace impressione di avere scampato il contagio e le sue conseguenze, con una nuova repentina ricaduta nella sindrome con ansia, agitazione, irritabilit\u00e0, rassegnazione.<\/p>\n<p>Il fenomeno interessa tanto i partecipanti ai gruppi di montagnaterapia quanto, ora soprattutto, coloro che non avevano aderito serenamente alle misure di contenimento del contagio e che adesso, con irritazione, rabbia, frustrazione vorrebbero rifiutare a priori e in blocco ogni ulteriore restrizione.<\/p>\n<p>In alcune Sezioni che hanno da poco riaperto le attivit\u00e0 sociali, il rispetto delle sacrosante raccomandazioni degli Organi Centrali e dei Consigli Direttivi viene adottato come contrappeso alla smania di ripartire nella intuizione ormai consolidata del potere benefico della montagna, capace di manifestarsi anche in una prudente, serena misurata frequentazione di essa.<\/p>\n<p>E ci\u00f2 potr\u00e0 avvenire in piccoli gruppi, nel rispetto degli altri, consci del piacere della compagnia e del suo effetto risocializzante, proprio come gi\u00e0 appunto avviene da tempo ormai nella classica montagnaterapia.<\/p>\n","protected":false},"excerpt":{"rendered":"<p>Avremo tutti bisogno di montagnaterapia (Dr. Marco Battain &#8211; Commissione Centrale Medica del Club Alpino Italiano) La pandemia di CoViD19 nel lockdown di primavera ha generato o aggravato sia nei [&hellip;]<\/p>\n","protected":false},"author":1,"featured_media":254,"comment_status":"closed","ping_status":"open","sticky":false,"template":"","format":"standard","meta":{"footnotes":""},"categories":[6],"tags":[],"_links":{"self":[{"href":"https:\/\/organizzazione.cai.it\/commissione-centrale-medica\/wp-json\/wp\/v2\/posts\/253"}],"collection":[{"href":"https:\/\/organizzazione.cai.it\/commissione-centrale-medica\/wp-json\/wp\/v2\/posts"}],"about":[{"href":"https:\/\/organizzazione.cai.it\/commissione-centrale-medica\/wp-json\/wp\/v2\/types\/post"}],"author":[{"embeddable":true,"href":"https:\/\/organizzazione.cai.it\/commissione-centrale-medica\/wp-json\/wp\/v2\/users\/1"}],"replies":[{"embeddable":true,"href":"https:\/\/organizzazione.cai.it\/commissione-centrale-medica\/wp-json\/wp\/v2\/comments?post=253"}],"version-history":[{"count":0,"href":"https:\/\/organizzazione.cai.it\/commissione-centrale-medica\/wp-json\/wp\/v2\/posts\/253\/revisions"}],"wp:featuredmedia":[{"embeddable":true,"href":"https:\/\/organizzazione.cai.it\/commissione-centrale-medica\/wp-json\/wp\/v2\/media\/254"}],"wp:attachment":[{"href":"https:\/\/organizzazione.cai.it\/commissione-centrale-medica\/wp-json\/wp\/v2\/media?parent=253"}],"wp:term":[{"taxonomy":"category","embeddable":true,"href":"https:\/\/organizzazione.cai.it\/commissione-centrale-medica\/wp-json\/wp\/v2\/categories?post=253"},{"taxonomy":"post_tag","embeddable":true,"href":"https:\/\/organizzazione.cai.it\/commissione-centrale-medica\/wp-json\/wp\/v2\/tags?post=253"}],"curies":[{"name":"wp","href":"https:\/\/api.w.org\/{rel}","templated":true}]}}