{"id":258,"date":"2020-10-12T14:10:58","date_gmt":"2020-10-12T14:10:58","guid":{"rendered":"https:\/\/organizzazione.cai.it\/commissione-centrale-medica\/2020\/10\/montagnaterapia-dr-franco-finelli-dr-marco-battain\/"},"modified":"2020-10-12T14:10:58","modified_gmt":"2020-10-12T14:10:58","slug":"montagnaterapia-dr-franco-finelli-dr-marco-battain","status":"publish","type":"post","link":"https:\/\/organizzazione.cai.it\/commissione-centrale-medica\/2020\/10\/montagnaterapia-dr-franco-finelli-dr-marco-battain\/","title":{"rendered":"Montagnaterapia"},"content":{"rendered":"<p style=\"text-align: center\"><strong>LE TERRE ALTE FANNO BENE<\/strong><\/p>\n<p style=\"text-align: center\"><strong>(Dr. Franco Finelli &#8211; Presidente della Commissione Centrale Medica)<\/strong><\/p>\n<p>Era il 1 giugno 2013 e la Commissione Medica LPV (Liguria \u2013Piemonte- Valle d\u2019Aosta), di concerto con la rete Oncologica, .organizzava a Lanzo Torinese il Convegno dal titolo \u201cPrevenzione dei tumori: il ruolo del CAI\u201d Dai numerosi interventi, soprattutto dai dati epidemiologici presentati dal Prof Franco Berrino dell\u2019Istituto dei tumori di Milano, si poteva affermare che alimentazione e attivit\u00e0 fisica, vale a dire lo stile di vita, possono influire nella prevenzione e nella recidiva della malattia tumorale. Quale il ruolo del Club Alpino Italiano? Verosimilmente, dopo il primo periodo, legato alla scoperta e alla ricerca scientifica, un secondo legato alla frequentazione delle montagne, espressa nelle diverse discipline del Sodalizio, un terzo, pi\u00f9 recente, caratterizzato dalla salvaguardia dell\u2019ambiente montano, si affacciava, per la nostra Associazione, un quarto scopo: la tutela del benessere fisico e psichico delle persone<br \/>\nBen pi\u00f9 di dieci anni prima, nel 1999, Giulio Scoppola, psicologo e psicoterapeuta, dalle pagine di Famiglia Cristiana, aveva coniato il termine Montagnaterapia: definizione sicuramente efficace sul piano della comunicazione.<br \/>\nIn montagna, sappiamo bene, si riducono i pregiudizi, si annullano le differenze, si crea pi\u00f9 facilmente socialit\u00e0; con l\u2019attivit\u00e0 fisica del cammino, effettuata in modo regolare, si controlla la pressione sanguigna e il peso corporeo, si contrasta la sindrome metabolica, foriera di gravi patologie; non solo, si riduce il rischio di insorgenza di insonnia, di ansia, di fenomeni regressivi o depressivi..<br \/>\nNasce cos\u00ec una rete nazionale di montagnaterapia che, a partire dal 2005, si incontra con cadenza biennale: per portare a confronto le proprie esperienze e indicare percorsi riabilitativi. Esperti qualificati, psicologi e psichiatri, fisioterapisti, educatori, infermieri vengono affiancati da \u201cesperti dell\u2019ambiente\u201d quali le Guide Alpine o gli Accompagnatori e Istruttori del Club Alpino Italiano; e Il CAI, anche tramite la modifica del suo Statuto, ha contribuito a livello nazionale e regionale, attraverso l\u2019azione delle Sezioni, a sostenere l\u2019attivit\u00e0 della rete.<br \/>\nRilevante il profilo socio-sanitario: per i pazienti inseriti nei progetti vi sono alcuni indicatori clinici, ossia la riduzione al ricorso al ricovero ospedaliero o in strutture residenziali o la riduzione delle terapie farmacologiche. Cos\u00ec pure per gli operatori, grande soddisfazione, passione nell\u2019impegno preso, aumento dell\u2019autostima. Economicamente, progetti dai costi molto contenuti.<br \/>\nSi stanno chiarendo ormai le evidenze scientifiche della montagnaterapia: le Neuroscienze hanno dimostrato che il movimento produce effetti psicologici benefici attraverso due meccanismi: la neuroplasticit\u00e0 (si pu\u00f2 rigenerare il collegamento tra i vari neuroni) e il sistema della ricompensa (liberazione di endorfine ed endocannabinoidi).<br \/>\nRecentissimi infine gli studi, in Italia, sulla concentrazione dei composti bioattivi presenti nell\u2019aria forestale emessi dalle piante e dal suolo; i composti organici volatili biogenici (oli essenziali) sono tra i principali elementi che concorrono a rendere l\u2019ambiente forestale benefico per la salute delle persone, come dimostrato da numerosi lavori scientifici. Senza contare che gli aromi sprigionati dalle foreste con l\u2019innalzamento delle temperature contribuiscono a ridurre \u201cla febbre\u201d del pianeta.<br \/>\nE dopo l\u2019insediamento, nel gennaio scorso, degli Organi Tecnici Centrali e delle Strutture Operative del CAI, per la Montagnaterapia, inserita nella Commissione Centrale Escursionismo, \u00e8 stato istituito un Gruppo di lavoro, coordinato da un Componente della Commissione Medica,<br \/>\nNel contempo \u00e8 sorta una Societ\u00e0 scientifica, la Societ\u00e0 Italiana di Montagnaterapia (SIMonT).<br \/>\nSicuramente ci troviamo di fronte ad uno straordinario evento culturale, sostenuto da studi scientifici e che raccoglie intorno a s\u00e9, per le sue diverse sfaccettature, diversi \u201cattori\u201d, ciascuno portatore della propria professionalit\u00e0 e competenza;<br \/>\nUn futuro, non troppo lontano, ci dir\u00e0 se questa \u201cnuova\u201d disciplina sapr\u00e0 e potr\u00e0 operare in modo autonomo, all\u2019interno della grande famiglia del Club Alpino Italiano.<\/p>\n<p>&nbsp;<\/p>\n<p style=\"text-align: center\"><strong>La Montagnaterapia e la Commissione Centrale Medica<\/strong><\/p>\n<p style=\"text-align: center\"><strong>(Dr. Marco Battain)<\/strong><\/p>\n<p>Da alcuni lustri, ormai, nel CAI si svolgono esperienze di Montagnaterapia: dai primi anni di questo secolo se ne occupa anche la Commissione Centrale Medica, grazie all\u2019iniziativa del dottor Sandro Carpineta (TN) prima e del dottor Paolo Di Benedetto poi. Nel corso dell\u2019attuale mandato il dottor Marco Battain ne ha assunto la delega, per la ultradecennale esperienza. Per quanto il termine terapia possa fare pensare ad un atto medico in senso stretto, nella maggior parte dei casi si tratta di attivit\u00e0 a carattere riabilitativo-rieducativo nella sfera bio-psico-sociale attuata prevalentemente, ma non solo, in ambito escursionistico. Tuttavia, esistono degli aspetti medici di questa pratica che sono e devono essere oggetto di doverose consultazioni professionali mediche, ai fini sia di ottimizzare efficienza ed efficacia del trattamento e sia di prevenire danni da scelte non appropriate: poich\u00e9 la frequentazione montana ovviamente comporta attivit\u00e0 in quota, occorrono anche le competenze di medicina di montagna necessarie a comprendere le implicazioni fisiopatologiche di tale pratica in relazione alle problematiche presentate dai fruitori della montagnaterapia. Ed ecco quindi che la CCM costituisce un punto di riferimento nazionale sia per la raccolta di casistiche, progettualit\u00e0 ed esperienze di efficacia (e\/o di insuccesso), sia per lo sviluppo scientifico della disciplina, in collaborazione anche con le societ\u00e0 scientifiche di pertinenza. La recente istituzione \/2020) di un Gruppo di Lavoro sulla montagnaterapia, che coinvolge anche un buon numero (suscettibile di ampliamento) di realt\u00e0 periferiche, consentir\u00e0 costruire un database permanente di conoscenze, convenzioni e progetti per gli utilizzi del Sodalizio e per le istituzioni interessate.<\/p>\n","protected":false},"excerpt":{"rendered":"<p>LE TERRE ALTE FANNO BENE (Dr. Franco Finelli &#8211; Presidente della Commissione Centrale Medica) Era il 1 giugno 2013 e la Commissione Medica LPV (Liguria \u2013Piemonte- Valle d\u2019Aosta), di concerto [&hellip;]<\/p>\n","protected":false},"author":1,"featured_media":259,"comment_status":"closed","ping_status":"open","sticky":false,"template":"","format":"standard","meta":{"footnotes":""},"categories":[6],"tags":[],"_links":{"self":[{"href":"https:\/\/organizzazione.cai.it\/commissione-centrale-medica\/wp-json\/wp\/v2\/posts\/258"}],"collection":[{"href":"https:\/\/organizzazione.cai.it\/commissione-centrale-medica\/wp-json\/wp\/v2\/posts"}],"about":[{"href":"https:\/\/organizzazione.cai.it\/commissione-centrale-medica\/wp-json\/wp\/v2\/types\/post"}],"author":[{"embeddable":true,"href":"https:\/\/organizzazione.cai.it\/commissione-centrale-medica\/wp-json\/wp\/v2\/users\/1"}],"replies":[{"embeddable":true,"href":"https:\/\/organizzazione.cai.it\/commissione-centrale-medica\/wp-json\/wp\/v2\/comments?post=258"}],"version-history":[{"count":0,"href":"https:\/\/organizzazione.cai.it\/commissione-centrale-medica\/wp-json\/wp\/v2\/posts\/258\/revisions"}],"wp:featuredmedia":[{"embeddable":true,"href":"https:\/\/organizzazione.cai.it\/commissione-centrale-medica\/wp-json\/wp\/v2\/media\/259"}],"wp:attachment":[{"href":"https:\/\/organizzazione.cai.it\/commissione-centrale-medica\/wp-json\/wp\/v2\/media?parent=258"}],"wp:term":[{"taxonomy":"category","embeddable":true,"href":"https:\/\/organizzazione.cai.it\/commissione-centrale-medica\/wp-json\/wp\/v2\/categories?post=258"},{"taxonomy":"post_tag","embeddable":true,"href":"https:\/\/organizzazione.cai.it\/commissione-centrale-medica\/wp-json\/wp\/v2\/tags?post=258"}],"curies":[{"name":"wp","href":"https:\/\/api.w.org\/{rel}","templated":true}]}}