{"id":1589,"date":"2023-04-24T18:58:18","date_gmt":"2023-04-24T18:58:18","guid":{"rendered":"https:\/\/organizzazione.cai.it\/commissione-centrale-tutela-ambiente-montano\/2023\/04\/cai-tam-allexpolevante-di-bari\/"},"modified":"2024-11-29T12:25:01","modified_gmt":"2024-11-29T12:25:01","slug":"cai-tam-allexpolevante-di-bari","status":"publish","type":"post","link":"https:\/\/organizzazione.cai.it\/commissione-centrale-tutela-ambiente-montano\/2023\/04\/cai-tam-allexpolevante-di-bari\/","title":{"rendered":"Cai Tam All&#8217;expolevante Di Bari 22-25 Aprile &#8217;23"},"content":{"rendered":"<figure id=\"attachment_67639\" aria-describedby=\"caption-attachment-67639\" style=\"width: 707px\" class=\"wp-caption alignnone\"><img loading=\"lazy\" decoding=\"async\" id=\"longdesc-return-67639\" class=\" wp-image-67639\" src=\"https:\/\/organizzazione.cai.it\/commissione-centrale-tutela-ambiente-montano\/wp-content\/uploads\/sites\/85\/2024\/11\/EXPOLEVANTE-1.jpg\" alt=\"EXPOLEVANTE\" width=\"707\" height=\"325\" longdesc=\"https:\/\/archicai.local?longdesc=67639&amp;referrer=0\" title=\"\"><figcaption id=\"caption-attachment-67639\" class=\"wp-caption-text\"><span style=\"font-size: 16px\">La sezione di Bari del Club Alpino Italiano \u00e8 presente <\/span><strong style=\"font-size: 16px\">dal 22 al 25 aprile 2023 ad EXPOLEVANTE FIERA INTERNAZIONALE PER IL TEMPO LIBERO<\/strong><span style=\"font-size: 16px\">, Padiglione 90 presso la Fiera del Levante di Bari.<\/span><\/figcaption><\/figure>\n<p>Significativa la presenza dei titolati sezionali facenti parte della Commissione Regionale TAM &#8211; TUTELA AMBIENTE MONTANO.<br \/>\nIl ritorno di questa importante Fiera primaverile, dopo la pandemia, \u00e8 stato un grande successo, ne \u00e8 testimone la lunga fila alle biglietterie e la presenza nei padiglioni fieristici e al nostro stand, attirati dall\u2019allestimento e spinti dalla curiosit\u00e0 per le nostre iniziative.<br \/>\nParticolarmente apprezzate le pubblicazioni CAI, in particolare il volume \u201c IL CAI E L\u2019AMBIENTE-I documenti di posizionamento\u201d e i QUADERNI TAM che raccoglievano i documenti prodotti dalla Commissione Centrale TAM, con lo scopo di attualizzare i valori del Bidecalogo del 2013. Il materiale, molto richiesto e messo a disposizione dalla CCTAM, \u00e8 andato esaurito in poco tempo. Tante le domande di natura ambientale da parte dei visitatori. L\u2019ambiente \u00e8 risultato un tema di grande attualit\u00e0 a cui gli operatori TAM della sezione di Bari hanno cercato di dare delle risposte ai vari quesiti posti, dando altres\u00ec consigli su come approcciare l\u2019ambiente montano in ragionevole sicurezza e facendo anche opera di sensibilizzazione a favore del Sodalizio.<\/p>\n<p><img loading=\"lazy\" decoding=\"async\" id=\"longdesc-return-67648\" class=\" wp-image-67648\" src=\"https:\/\/organizzazione.cai.it\/commissione-centrale-tutela-ambiente-montano\/wp-content\/uploads\/sites\/85\/2024\/11\/EXPOLEVANTE2.jpg\" alt=\"EXPOLEVANTE2\" width=\"817\" height=\"613\" longdesc=\"https:\/\/archicai.local?longdesc=67648&amp;referrer=0\" title=\"\"><\/p>\n<p>&nbsp;<\/p>\n<p>&nbsp;<\/p>\n<p>&nbsp;<\/p>\n<p>&nbsp;<\/p>\n","protected":false},"excerpt":{"rendered":"<p>Significativa la presenza dei titolati sezionali facenti parte della Commissione Regionale TAM &#8211; TUTELA AMBIENTE MONTANO. Il ritorno di questa importante Fiera primaverile, dopo la pandemia, \u00e8 stato un grande [&hellip;]<\/p>\n","protected":false},"author":1,"featured_media":1380,"comment_status":"closed","ping_status":"open","sticky":false,"template":"","format":"standard","meta":{"footnotes":""},"categories":[6],"tags":[19,20,18],"_links":{"self":[{"href":"https:\/\/organizzazione.cai.it\/commissione-centrale-tutela-ambiente-montano\/wp-json\/wp\/v2\/posts\/1589"}],"collection":[{"href":"https:\/\/organizzazione.cai.it\/commissione-centrale-tutela-ambiente-montano\/wp-json\/wp\/v2\/posts"}],"about":[{"href":"https:\/\/organizzazione.cai.it\/commissione-centrale-tutela-ambiente-montano\/wp-json\/wp\/v2\/types\/post"}],"author":[{"embeddable":true,"href":"https:\/\/organizzazione.cai.it\/commissione-centrale-tutela-ambiente-montano\/wp-json\/wp\/v2\/users\/1"}],"replies":[{"embeddable":true,"href":"https:\/\/organizzazione.cai.it\/commissione-centrale-tutela-ambiente-montano\/wp-json\/wp\/v2\/comments?post=1589"}],"version-history":[{"count":1,"href":"https:\/\/organizzazione.cai.it\/commissione-centrale-tutela-ambiente-montano\/wp-json\/wp\/v2\/posts\/1589\/revisions"}],"predecessor-version":[{"id":1590,"href":"https:\/\/organizzazione.cai.it\/commissione-centrale-tutela-ambiente-montano\/wp-json\/wp\/v2\/posts\/1589\/revisions\/1590"}],"wp:featuredmedia":[{"embeddable":true,"href":"https:\/\/organizzazione.cai.it\/commissione-centrale-tutela-ambiente-montano\/wp-json\/wp\/v2\/media\/1380"}],"wp:attachment":[{"href":"https:\/\/organizzazione.cai.it\/commissione-centrale-tutela-ambiente-montano\/wp-json\/wp\/v2\/media?parent=1589"}],"wp:term":[{"taxonomy":"category","embeddable":true,"href":"https:\/\/organizzazione.cai.it\/commissione-centrale-tutela-ambiente-montano\/wp-json\/wp\/v2\/categories?post=1589"},{"taxonomy":"post_tag","embeddable":true,"href":"https:\/\/organizzazione.cai.it\/commissione-centrale-tutela-ambiente-montano\/wp-json\/wp\/v2\/tags?post=1589"}],"curies":[{"name":"wp","href":"https:\/\/api.w.org\/{rel}","templated":true}]}}