{"id":1595,"date":"2022-10-10T08:16:43","date_gmt":"2022-10-10T08:16:43","guid":{"rendered":"https:\/\/organizzazione.cai.it\/commissione-centrale-tutela-ambiente-montano\/2022\/10\/congresso-nazionale-tam-2022\/"},"modified":"2024-11-29T12:25:06","modified_gmt":"2024-11-29T12:25:06","slug":"congresso-nazionale-tam-2022","status":"publish","type":"post","link":"https:\/\/organizzazione.cai.it\/commissione-centrale-tutela-ambiente-montano\/2022\/10\/congresso-nazionale-tam-2022\/","title":{"rendered":"Congresso Nazionale Tam 2022 &#8211; &#8220;il Ruolo Dell\u2019operatore Tam Per La Montagna Di Domani&#8221;"},"content":{"rendered":"<p>Si \u00e8 svolto il 1\u00b0 ottobre 2022 a Bologna il Congresso Nazionale TAM dal titolo &#8220;<strong>IL RUOLO DELL\u2019OPERATORE TAM<\/strong><br \/>\n<strong>PER LA MONTAGNA DI DOMANI<\/strong>&#8221; a cui hanno partecipato circa 120 soci per la massima parte Operatori TAM di vario livello in rappresentanza di 16 regioni d&#8217;Italia, ma che ha visto anche la presenza di alcune importanti figure istituzionali tra i quali il Presidente Generale CAI Antonio Montani, il Sub-Delegato del CdC all&#8217;Ambiente Mario Vaccarella, il Coordinatore del CC Fabrizio Russo, il presidente della Commissione centrale medica Franco Finelli, il presidente della Commissione centrale rifugi Riccardo Giacomelli, il componente della Commissione centrale escursionismo Luigi Mantovani, la presidente del Comitato scientifico del Gr Emilia-Romagna Milena Merlo Pich, il Consigliere centrale Angelo Soravia, il presidente del Cai Emilia-Romagna Massimo Bizzarri e il rappresentante del Cai nel Consiglio direttivo di Federparchi Filippo Di Donato. (<strong><a href=\"https:\/\/organizzazione.cai.it\/commissione-centrale-tutela-ambiente-montano\/wp-content\/uploads\/sites\/85\/2024\/11\/CCTAM-Congresso-2022-Riepiloghi-Partecipanti.pdf\" target=\"_blank\" rel=\"noopener\">guarda il riepilogo delle presenze<\/a><\/strong>).<\/p>\n<p>Congresso ricco di spunti offerti in primo luogo dall&#8217;intervento del <strong>Presidente Generale<\/strong> il quale ha dichiarato apertamente che <strong>\u00abLa protezione ambientale non \u00e8 una delle priorit\u00e0 di questa presidenza, \u00e8 LA priorit\u00e0 di questa presidenza\u00bb\u00a0<\/strong>(<strong><a href=\"https:\/\/www.loscarpone.cai.it\/centralita-tutela-ambiente-montano-club-alpino-italiano\/\" target=\"_blank\" rel=\"noopener\">continua a leggere l&#8217;articolo dedicato al Congresso su Lo Scarpone CAI<\/a><\/strong>), al quale \u00e8 seguito l&#8217;intervento del <strong>Presidente CCTAM Raffaele Marini<\/strong> che ha letto <strong><a href=\"https:\/\/organizzazione.cai.it\/commissione-centrale-tutela-ambiente-montano\/wp-content\/uploads\/sites\/85\/2024\/11\/CCTAM-Congresso-2022-Relazione-Marini.pdf\" target=\"_blank\" rel=\"noopener\">la sua relazione di mandato <\/a><\/strong>\u00a0sul lavoro svolto da CCTAM nel triennio che si sta concludendo, ed ha commentato con l&#8217;ausilio di <strong><a href=\"https:\/\/organizzazione.cai.it\/commissione-centrale-tutela-ambiente-montano\/wp-content\/uploads\/sites\/85\/2024\/11\/CCTAM-Congresso-2022-Presentazione.pdf\" target=\"_blank\" rel=\"noopener\">alcune slide<\/a><\/strong>, i contributi inviati dagli Operatori nelle scorse settimane in risposta al quesito proposto dalla CCTAM su ci\u00f2 che il Cai dovrebbe o non dovrebbe fare, a cui sono seguiti numerosi interventi dei presenti.<\/p>\n<p>Nel pomeriggio Raffaele Marini ha dialogato con Giampiero Lupatelli, autore dell&#8217;interessante saggio &#8220;La montagna del latte e le altre &#8211; Riflessioni politiche sui destini delle montagne italiane all&#8217;ombra della Pietra di Bismantova&#8221;.<\/p>\n<p>A seguire \u00e8 stato letto, commentato e votato il <strong><a href=\"https:\/\/organizzazione.cai.it\/commissione-centrale-tutela-ambiente-montano\/wp-content\/uploads\/sites\/85\/2024\/11\/CCTAM-Congresso-2022-Documento-Finale.pdf\" target=\"_blank\" rel=\"noopener\">Documento Conclusivo del Congresso<\/a><\/strong> e sono state presentate e votate le candidature dei componenti della nuova Commissione Centrale TAM che rester\u00e0 in carica dal 2023 al 2026.<\/p>\n<figure id=\"attachment_61874\" aria-describedby=\"caption-attachment-61874\" style=\"width: 715px\" class=\"wp-caption alignnone\"><img loading=\"lazy\" decoding=\"async\" id=\"longdesc-return-61874\" class=\" wp-image-61874\" src=\"https:\/\/organizzazione.cai.it\/commissione-centrale-tutela-ambiente-montano\/wp-content\/uploads\/sites\/85\/2024\/11\/IMG_20221001_102908.jpg\" alt=\"IMG 20221001 102908\" width=\"715\" height=\"536\" longdesc=\"https:\/\/archicai.local?longdesc=61874&amp;referrer=0\" title=\"\"><figcaption id=\"caption-attachment-61874\" class=\"wp-caption-text\">Un momento del Congresso durante l&#8217;intervento del Presidente Generale Antonio Montani<\/figcaption><\/figure>\n","protected":false},"excerpt":{"rendered":"<p>Si \u00e8 svolto il 1\u00b0 ottobre 2022 a Bologna il Congresso Nazionale TAM dal titolo &#8220;IL RUOLO DELL\u2019OPERATORE TAM PER LA MONTAGNA DI DOMANI&#8221; a cui hanno partecipato circa 120 [&hellip;]<\/p>\n","protected":false},"author":1,"featured_media":1390,"comment_status":"closed","ping_status":"open","sticky":false,"template":"","format":"standard","meta":{"footnotes":""},"categories":[6],"tags":[22],"_links":{"self":[{"href":"https:\/\/organizzazione.cai.it\/commissione-centrale-tutela-ambiente-montano\/wp-json\/wp\/v2\/posts\/1595"}],"collection":[{"href":"https:\/\/organizzazione.cai.it\/commissione-centrale-tutela-ambiente-montano\/wp-json\/wp\/v2\/posts"}],"about":[{"href":"https:\/\/organizzazione.cai.it\/commissione-centrale-tutela-ambiente-montano\/wp-json\/wp\/v2\/types\/post"}],"author":[{"embeddable":true,"href":"https:\/\/organizzazione.cai.it\/commissione-centrale-tutela-ambiente-montano\/wp-json\/wp\/v2\/users\/1"}],"replies":[{"embeddable":true,"href":"https:\/\/organizzazione.cai.it\/commissione-centrale-tutela-ambiente-montano\/wp-json\/wp\/v2\/comments?post=1595"}],"version-history":[{"count":1,"href":"https:\/\/organizzazione.cai.it\/commissione-centrale-tutela-ambiente-montano\/wp-json\/wp\/v2\/posts\/1595\/revisions"}],"predecessor-version":[{"id":1596,"href":"https:\/\/organizzazione.cai.it\/commissione-centrale-tutela-ambiente-montano\/wp-json\/wp\/v2\/posts\/1595\/revisions\/1596"}],"wp:featuredmedia":[{"embeddable":true,"href":"https:\/\/organizzazione.cai.it\/commissione-centrale-tutela-ambiente-montano\/wp-json\/wp\/v2\/media\/1390"}],"wp:attachment":[{"href":"https:\/\/organizzazione.cai.it\/commissione-centrale-tutela-ambiente-montano\/wp-json\/wp\/v2\/media?parent=1595"}],"wp:term":[{"taxonomy":"category","embeddable":true,"href":"https:\/\/organizzazione.cai.it\/commissione-centrale-tutela-ambiente-montano\/wp-json\/wp\/v2\/categories?post=1595"},{"taxonomy":"post_tag","embeddable":true,"href":"https:\/\/organizzazione.cai.it\/commissione-centrale-tutela-ambiente-montano\/wp-json\/wp\/v2\/tags?post=1595"}],"curies":[{"name":"wp","href":"https:\/\/api.w.org\/{rel}","templated":true}]}}