{"id":1618,"date":"2021-11-02T10:27:02","date_gmt":"2021-11-02T10:27:02","guid":{"rendered":"https:\/\/organizzazione.cai.it\/commissione-centrale-tutela-ambiente-montano\/2021\/11\/48568-2\/"},"modified":"2021-11-02T10:27:02","modified_gmt":"2021-11-02T10:27:02","slug":"48568-2","status":"publish","type":"post","link":"https:\/\/organizzazione.cai.it\/commissione-centrale-tutela-ambiente-montano\/2021\/11\/48568-2\/","title":{"rendered":"Frequentazione Responsabile Dell\u2019ambiente Montano Innevato &#8211; Il Programma"},"content":{"rendered":"<p><strong>\u201cFREQUENTAZIONE RESPONSABILE DELL\u2019AMBIENTE MONTANO INNEVATO\u201d<\/strong><\/p>\n<p><strong>CONVEGNO NAZIONALE<\/strong><\/p>\n<p><strong>2 OTTOBRE 2021 \u2013 TRENTO<\/strong><\/p>\n<p><strong>\u00a0<\/strong>SALA CONGRESSI FEDERAZIONE TRENTINA DELLE COOPERATIVE<\/p>\n<p>VIA SEGANTINI 10 &#8211; TRENTO<\/p>\n<p>(Evento CAI proposto nel FESTIVAL NAZIONALE DELLO SVILUPPO SOSTENIBILE)<\/p>\n<p><a href=\"https:\/\/organizzazione.cai.it\/commissione-centrale-tutela-ambiente-montano\/wp-content\/uploads\/sites\/85\/2024\/11\/PROGRAMMA-TRENTO_01_def-1.pdf\" target=\"_blank\" rel=\"noopener\">Clicca qui per vedere il PROGRAMMA e per REGISTRARTI al Convegno<\/a><\/p>\n<p>RAZIONALE:<\/p>\n<p><em>Le limitazioni allo sci da discesa, introdotte ai fini di garanzia della salute pubblica, causa pandemia Covid 19, unite alla necessit\u00e0 delle localit\u00e0 sciistiche di produrre un\u2019offerta turistica alternativa, hanno gi\u00e0 portato ad una ridistribuzione dei frequentatori della montagna in periodo invernale verso altre attivit\u00e0 sportive (scialpinismo, sci di fondo escursionismo, ciaspole ecc.),con conseguente maggiore frequentazione di luoghi e spazi naturali fino ad oggi con minor indice di pressione antropica.<\/em><\/p>\n<p><em>\u00a0\u00a0\u00a0\u00a0\u00a0\u00a0\u00a0\u00a0\u00a0\u00a0\u00a0 L\u2019estate appena trascorsa, ha mostrato gli effetti e le criticit\u00e0, sociali e ambientali, di una incontrollata frequentazione dell\u2019ambiente montano. Una tale frequentazione in inverno, la stagione per eccellenza della stasi nel ciclo della natura, aumenter\u00e0 esponenzialmente le fragilit\u00e0 ambientali ed esporr\u00e0 la fauna gi\u00e0 in condizioni limite per la sopravvivenza, a fattori di stress ulteriori e potenzialmente fatali.<\/em><\/p>\n<p><em>\u00a0\u00a0\u00a0\u00a0\u00a0\u00a0\u00a0\u00a0\u00a0\u00a0\u00a0 Alla luce della recente approvazione da parte degli Organi Centrali del documento di posizionamento del CAI \u201cCambiamenti climatici, neve e industria dello sci \u2013 analisi del contesto, prospettive e proposte\u201d, affrontare questa tematica con rigore scientifico e con visione prospettica rappresenta un punto strategico per dare concretezza ai principi espressi nel documento medesimo.<\/em><\/p>\n<p><em>\u00a0\u00a0\u00a0\u00a0\u00a0\u00a0\u00a0\u00a0\u00a0\u00a0\u00a0 In particolare la sensibilizzazione verso questi aspetti centrali della frequentazione responsabile dell\u2019ambiente montano innevato, non solo dei frequentatori ma anche, in maniera pi\u00f9 puntuale, dei nostri Istruttori di scialpinismo, alpinismo, arrampicata e sci di fondo escursionismo\u00a0 oltre che degli Accompagnatori di escursionismo in ambiente innevato, diventa centrale nella visione che il CAI ha in termini di ragionevolezza, responsabilit\u00e0 e autoregolamentazione, oltre che per la formazione di quella base culturale comune di cui ogni Socio CAI, a maggior ragione i propri Titolati, dovrebbe essere portavoce nonch\u00e9 esempio. <\/em><\/p>\n<p>E\u2019 ormai assodato a livello internazionale come alcune pratiche sportive svolte in ambiente innevato provochino particolari stress e cagionino disturbo ad alcune specie animali stanziali, che trascorrono il periodo invernale in attivit\u00e0 quali, in primis, i tetraonidi, ma anche alcuni ungulati (Stambecchi e camosci), nonch\u00e9 i grandi carnivori: lo scialpinismo, il sempre pi\u00f9 diffuso utilizzo delle ciaspole, lo sviluppo dell\u2019eliski, impattano su queste specie rese ancor pi\u00f9 fragili dalla stagione invernale .<\/p>\n<p>Non solo il mondo scientifico, ma anche le maggiori organizzazioni alpinistiche di oltr\u2019alpe, da tempo si interrogano e propongono soluzioni di mitigazione dell\u2019impatto; soluzioni che, partendo da una diffusa azione di sensibilizzazione, giungano alla individuazione di percorsi consigliati in quanto di basso o minore impatto, cos\u00ec come all\u2019individuazione di \u201caree di quiete o di tranquillit\u00e0\u201d da lasciare possibilmente indisturbate.<\/p>\n<p>Anche in Italia esistono alcune situazioni esperienziali che devono essere portate a conoscenza della gran massa dei frequentatori del mondo della neve, a partire dalla nostra base sociale.<\/p>\n<p>Su questo tema aveva gi\u00e0 iniziato a lavorare anche la SAT per cui il coinvolgimento diretto e paritario della SAT rappresenta l\u2019elemento fondamentale per la riuscita della iniziativa.<\/p>\n<p>La presenza come relatori o come partecipanti alla Tavola di rotonda di organismi di livello sovranazionale (Convenzione delle Alpi, Club Arc Alpin, RUS,CIPRA ecc) permette e garantisce di poter disporre di una visione complessiva e quindi di costruire una proposta di documento di posizionamento di livello ampio e completo.<\/p>\n<p>In conclusione il CAI potr\u00e0 prendere in mano la questione in modo tale che, partendo da solide evidenze scientifiche e dalla acquisizione di quelle positive esperienze gi\u00e0 in essere, venga individuato un modello di frequentazione responsabile dell\u2019ambiente montano innevato condiviso sia sulle Alpi che sugli Appennini.<\/p>\n<p>Questo convegno avr\u00e0 infine la funzione propedeutica di un nuovo momento di confronto e proposta per quanto attiene la frequentazione responsabile dell\u2019ambiente montano nel periodo estivo.<\/p>\n<p>&nbsp;<\/p>\n","protected":false},"excerpt":{"rendered":"<p>\u201cFREQUENTAZIONE RESPONSABILE DELL\u2019AMBIENTE MONTANO INNEVATO\u201d CONVEGNO NAZIONALE 2 OTTOBRE 2021 \u2013 TRENTO \u00a0SALA CONGRESSI FEDERAZIONE TRENTINA DELLE COOPERATIVE VIA SEGANTINI 10 &#8211; TRENTO (Evento CAI proposto nel FESTIVAL NAZIONALE DELLO [&hellip;]<\/p>\n","protected":false},"author":1,"featured_media":1427,"comment_status":"closed","ping_status":"open","sticky":false,"template":"","format":"standard","meta":{"footnotes":""},"categories":[6],"tags":[24,10],"_links":{"self":[{"href":"https:\/\/organizzazione.cai.it\/commissione-centrale-tutela-ambiente-montano\/wp-json\/wp\/v2\/posts\/1618"}],"collection":[{"href":"https:\/\/organizzazione.cai.it\/commissione-centrale-tutela-ambiente-montano\/wp-json\/wp\/v2\/posts"}],"about":[{"href":"https:\/\/organizzazione.cai.it\/commissione-centrale-tutela-ambiente-montano\/wp-json\/wp\/v2\/types\/post"}],"author":[{"embeddable":true,"href":"https:\/\/organizzazione.cai.it\/commissione-centrale-tutela-ambiente-montano\/wp-json\/wp\/v2\/users\/1"}],"replies":[{"embeddable":true,"href":"https:\/\/organizzazione.cai.it\/commissione-centrale-tutela-ambiente-montano\/wp-json\/wp\/v2\/comments?post=1618"}],"version-history":[{"count":0,"href":"https:\/\/organizzazione.cai.it\/commissione-centrale-tutela-ambiente-montano\/wp-json\/wp\/v2\/posts\/1618\/revisions"}],"wp:featuredmedia":[{"embeddable":true,"href":"https:\/\/organizzazione.cai.it\/commissione-centrale-tutela-ambiente-montano\/wp-json\/wp\/v2\/media\/1427"}],"wp:attachment":[{"href":"https:\/\/organizzazione.cai.it\/commissione-centrale-tutela-ambiente-montano\/wp-json\/wp\/v2\/media?parent=1618"}],"wp:term":[{"taxonomy":"category","embeddable":true,"href":"https:\/\/organizzazione.cai.it\/commissione-centrale-tutela-ambiente-montano\/wp-json\/wp\/v2\/categories?post=1618"},{"taxonomy":"post_tag","embeddable":true,"href":"https:\/\/organizzazione.cai.it\/commissione-centrale-tutela-ambiente-montano\/wp-json\/wp\/v2\/tags?post=1618"}],"curies":[{"name":"wp","href":"https:\/\/api.w.org\/{rel}","templated":true}]}}