{"id":1624,"date":"2022-03-31T16:54:48","date_gmt":"2022-03-31T16:54:48","guid":{"rendered":"https:\/\/organizzazione.cai.it\/commissione-centrale-tutela-ambiente-montano\/2022\/03\/39702-2\/"},"modified":"2024-12-01T19:00:49","modified_gmt":"2024-12-01T19:00:49","slug":"39702-2","status":"publish","type":"post","link":"https:\/\/organizzazione.cai.it\/commissione-centrale-tutela-ambiente-montano\/2022\/03\/39702-2\/","title":{"rendered":"Agenda 2030 E Unione Europea Per L&#8217;ambiente Della Montagna"},"content":{"rendered":"<h1 style=\"text-align: center;\"><strong>FORMAZIONE ON LINE PER ONTAM<\/strong><\/h1>\n<h2 style=\"text-align: center;\"><em>Agenda 2030 e Unione europea per l\u2019ambiente della montagna<\/em><\/h2>\n<p>Come noto, non potendo organizzare in presenza l\u2019annuale corso di aggiornamento, abbiamo voluto esplorare la possibilit\u00e0 di avere comunque un contatto con i Titolati di secondo livello e fornire loro alcuni spunti di riflessione e stimolo per svolgere al meglio la loro preziosa attivit\u00e0.<\/p>\n<p>I temi scelti riguardano norme e trattati che regolano la tutela dell\u2019ambiente e proiettano gli obbiettivi da raggiungere verso il 2030.<\/p>\n<p>Dieci anni cruciali per l\u2019intera Umanit\u00e0 e per i Governi che sono chiamati ad invertire alcune tendenze negative, le quali hanno determinato e determinano un progressivo depauperamento dell\u2019Ambiente in generale e del suo stato di conservazione.<\/p>\n<p>L\u2019Agenda 2030, che ricordiamo essere regolata da un accordo internazionale sottoscritto da 193 Paesi, accordo che impegna le parte contraenti al raggiungimento di obbiettivi definiti : i 17 Goal con i collegati 169 traguardi o target specifici.<\/p>\n<p>Il CAI \u00e8 molto impegnato nei percorsi di condivisione dell\u2019Agenda 2030 essendo uno dei 270 aderenti alla Alleanza per lo Sviluppo Sostenibile \u2013 ASviS.<\/p>\n<p>Pertanto una dettagliata conoscenza dei 17 obbiettivi e relativi traguardi \u00e8 necessaria per supportare e completare l\u2019azione che il CAI svolge tramite i propri rappresentanti sui vari tavoli di lavoro che ASviS ha creato per dare concretezza alla realizzazione degli obbiettivi medesimi.<\/p>\n<p>D\u2019altra parte l\u2019Unione Europea svolge un ruolo strategico con le proprie politiche ambientali e con le strategie sottese per dare concretezza alla tutela dell\u2019ambiente che, \u00e8 bene ricordarlo, viene sancita gi\u00e0 nel trattato di Maastricht che affida alla Unione Europea il compito di\u00a0<em><u>promuovere un elevato livello di protezione dell\u2019ambiente e di miglioramento di quest\u2019ultimo.<\/u><\/em><\/p>\n<p>Inoltre viene stabilito che :\u00a0<em><u>\u201cLe esigenze connesse con la tutela dell\u2019ambiente devono essere integrate nella definizione e nell\u2019attuazione delle politiche e azioni comunitarie di cui all\u2019articolo 3, in particolare nella prospettiva di promuovere lo sviluppo sostenibile.\u201d<\/u><\/em><\/p>\n<p>Con ci\u00f2 si consolida lo stretto legame che deve intercorrere fra le politiche attive dell\u2019Europa e gli obbiettivi dell\u2019Agenda 2030.<\/p>\n<p>Un focus specifico sull\u2019obbiettivo 15, la Vita sulla Terra, si rende necessario proprio per la specifica attenzione e conseguente azione che i Titolati TAM devono porre all\u2019Ambiente Montano.<\/p>\n<p>Abbiamo anche esplorato alcune connessioni funzionali tra l\u2019economia e l\u2019ambiente montano cos\u00ec come le codifica l\u2019Unione Europea.<\/p>\n<p>Nello specifico: il ruolo multifunzionale delle foreste e la Strategia forestale europea, la proposta di Green Deal per l\u2019agricoltura europea, turismo sostenibile, biodiversit\u00e0, servizi ecosistemici e servizi alla popolazione in un mondo globalizzato ed infine alcuni esempi di attivit\u00e0 economiche sostenibili nelle aree protette di montagna.<\/p>\n<p>Un quadro certamente non esaustivo ma molto utile per inquadrare correttamente l\u2019approccio che un Titolato TAM deve avere su questi temi.<\/p>\n<p>Infine la fondamentale analisi e conoscenza della Rete Natura 2000, definita\u00a0<em><u>\u201cuna rete di sicurezza\u201d<\/u><\/em>, in quanto fornisce una articolata serie di norme e regolamenti di valenza sovranazionale alla quale ogni Stato membro ha l\u2019obbligo di adeguare la propria normativa nazionale.<\/p>\n<p>Capire i presupposti, conoscere la progressione attuativa e acquisire la consapevolezza della forza e della modernit\u00e0 concettuale del sistema Rete Natura 2000, consentir\u00e0 ai Titolati TAM di analizzare ogni progettualit\u00e0 che verr\u00e0 proposta sul territorio montano con metodo e con certezza interpretativa.<\/p>\n<p>I cambiamenti climatici, che molti definiscono gi\u00e0 emergenza climatica, il progressivo e costante consumo del suolo con conseguente frammentazione degli habitat, la permanente lenta perdita di biodiversit\u00e0 nel significato pi\u00f9 ampio del termine, impongono a tutti noi una presa di coscienza e una assunzione di responsabilit\u00e0.<\/p>\n<p>La pandemia Covid sta complicando il quadro generale in maniera dirompente.<\/p>\n<p>Non a caso la Presidente dell\u2019Unione Europea, Ursula von der Leyen, nel discorso pronunciato di fronte al Parlamento Europeo afferma:<\/p>\n<p><em>\u201cMa se dobbiamo aumentare il debito che i nostri figli dovranno pagare in futuro, il minimo che possiamo fare, \u00e8 usare il denaro per investire nel loro futuro; affrontare i cambiamenti climatici e ridurre la pressione sul clima e non solo fare piccoli miglioramenti\u201d.<\/em><\/p>\n<p><em>\u00a0\u00a0\u00a0\u00a0\u00a0\u00a0\u00a0\u00a0\u00a0\u00a0\u00a0\u00a0<\/em>Di seguito per ognuno dei tre webinar troverete la\/le presentazione\/i in pdf, alcuni testi e siti internet di riferimento e l\u2019indirizzo mail dei vari relatori ai quali potrete ulteriormente chiedere approfondimenti e chiarimenti.<\/p>\n<p>Excelsior !<\/p>\n<h2 class=\"fusion-responsive-typography-calculated\" data-fontsize=\"18\" data-lineheight=\"27px\"><strong><em><u>Agenda 2030 ONU per lo sviluppo sostenibile e il goal 15<\/u><\/em><\/strong><\/h2>\n<p>Presentazione di Raffaele Marini (rafimarini@gmail.com)<\/p>\n<p><a href=\"https:\/\/archivio.cai.it\/wp-content\/uploads\/2020\/11\/AGENDA-2030.pdf\" target=\"_blank\" rel=\"noopener noreferrer\" data-btarget=\"_blank\" data-b>AGENDA 2030<\/a><\/p>\n<p>Testi collegati :<\/p>\n<p><a href=\"https:\/\/archivio.cai.it\/wp-content\/uploads\/2020\/11\/Agenda_2030_ITA.pdf\" target=\"_blank\" rel=\"noopener noreferrer\" data-btarget=\"_blank\" data-b>Documento ONU Agenda_2030_ITA<\/a><\/p>\n<p><a href=\"https:\/\/archivio.cai.it\/wp-content\/uploads\/2020\/11\/ISTAT-SDGs_2019.pdf\" target=\"_blank\" rel=\"noopener noreferrer\" data-btarget=\"_blank\" data-b>Rapporto ISTAT SDGs_2019<\/a><\/p>\n<p><a href=\"https:\/\/archivio.cai.it\/wp-content\/uploads\/2020\/11\/SDGs_2020.pdf\" target=\"_blank\" rel=\"noopener noreferrer\" data-btarget=\"_blank\" data-b>Rapporto ISTAT SDGs_2020<\/a><\/p>\n<p><a href=\"https:\/\/archivio.cai.it\/wp-content\/uploads\/2020\/11\/GOAL_E_TARGET.pdf\" target=\"_blank\" rel=\"noopener noreferrer\" data-btarget=\"_blank\" data-b>ASVIS GOAL_E_TARGET<\/a><\/p>\n<p><a href=\"https:\/\/archivio.cai.it\/wp-content\/uploads\/2020\/11\/REPORT_ASviS_2019.pdf\" target=\"_blank\" rel=\"noopener noreferrer\" data-btarget=\"_blank\" data-b>REPORT_ASviS_2019<\/a><\/p>\n<p><a href=\"https:\/\/archivio.cai.it\/wp-content\/uploads\/2020\/11\/Quaderno_Obiettivi_di_sviluppo_sostenibile_e_politiche_europee.pdf\" target=\"_blank\" rel=\"noopener noreferrer\" data-btarget=\"_blank\" data-b>Quaderno_Obiettivi_di_sviluppo_sostenibile_e_politiche_europee<\/a><\/p>\n<h2 class=\"fusion-responsive-typography-calculated\" data-fontsize=\"18\" data-lineheight=\"27px\"><strong><em><u>Unione europea: economia e ambiente montano<\/u><\/em><\/strong><\/h2>\n<p>Presentazione di Raffaella Zerbetto\u00a0 (raffaellazerbetto.tamlpv@gmail.com)<\/p>\n<p><a href=\"https:\/\/archivio.cai.it\/wp-content\/uploads\/2020\/11\/Foreste-ruolo-multifunzionale-e-SFN-br.pdf\" target=\"_blank\" rel=\"noopener noreferrer\" data-btarget=\"_blank\" data-b>Foreste ruolo multifunzionale e SFN<\/a><\/p>\n<p>Testi collegati:<\/p>\n<p><a href=\"https:\/\/archivio.cai.it\/wp-content\/uploads\/2020\/11\/Strategia_Forestale_Nazionale_2020.pdf\" target=\"_blank\" rel=\"noopener noreferrer\" data-btarget=\"_blank\" data-b>Strategia_Forestale_Nazionale_2020<\/a><\/p>\n<p><a href=\"https:\/\/archivio.cai.it\/wp-content\/uploads\/2020\/11\/The_state_of_Italian_forests__30luglio2020_.pdf\" target=\"_blank\" rel=\"noopener noreferrer\" data-btarget=\"_blank\" data-b>The_state_of_Italian_forests__30luglio2020_<\/a><\/p>\n<p>Presentazione di Federico Nogara (federico.nogara@gmail.com)<\/p>\n<p><a href=\"https:\/\/archivio.cai.it\/wp-content\/uploads\/2020\/11\/2020-09-Dal-produttore-al-consumatore-Green-Deal-europeo.pdf\" target=\"_blank\" rel=\"noopener noreferrer\" data-btarget=\"_blank\" data-b>Dal produttore al consumatore Green Deal europeo<\/a><\/p>\n<p>Testi collegati :<\/p>\n<p><a href=\"https:\/\/archivio.cai.it\/wp-content\/uploads\/2020\/11\/GREEN-DEAL-1_IT.pdf\" target=\"_blank\" rel=\"noopener noreferrer\" data-btarget=\"_blank\" data-b>GREEN DEAL 1_IT<\/a><\/p>\n<p><a href=\"https:\/\/archivio.cai.it\/wp-content\/uploads\/2020\/11\/GREEN-DEAL-2_IT.pdf\" target=\"_blank\" rel=\"noopener noreferrer\" data-btarget=\"_blank\" data-b>GREEN DEAL 2_IT<\/a><\/p>\n<p>Presentazione di Raffaele Marini (rafimarini@gmail.com)<\/p>\n<p><a href=\"https:\/\/archivio.cai.it\/wp-content\/uploads\/2020\/11\/PROPETTIVE-SERVIZI-ECOSISTEMICI-TURISMO.pdf\" target=\"_blank\" rel=\"noopener noreferrer\" data-btarget=\"_blank\" data-b>PROPETTIVE SERVIZI ECOSISTEMICI TURISMO<\/a><\/p>\n<p>Testi collegati:<\/p>\n<p><a href=\"https:\/\/archivio.cai.it\/wp-content\/uploads\/2020\/11\/Servizi-ecosistemici-Alpi_it.pdf\" target=\"_blank\" rel=\"noopener noreferrer\" data-btarget=\"_blank\" data-b>Servizi ecosistemici Alpi_it<\/a><\/p>\n<p><a href=\"https:\/\/archivio.cai.it\/wp-content\/uploads\/2020\/11\/Serv-ECO-EU.pdf\" target=\"_blank\" rel=\"noopener noreferrer\" data-btarget=\"_blank\" data-b>Serv ECO EU<\/a><\/p>\n<p>Presentazione di Elena Guella\u00a0 \u00a0(elenaguella77@gmail.com)<\/p>\n<p><a href=\"https:\/\/archivio.cai.it\/wp-content\/uploads\/2020\/11\/ECONIMIA-E-PARCHI.pdf\" target=\"_blank\" rel=\"noopener noreferrer\" data-btarget=\"_blank\" data-b>ECONOMIA E PARCHI<\/a><\/p>\n<p>Testi collegati :<\/p>\n<p><a href=\"https:\/\/archivio.cai.it\/wp-content\/uploads\/2020\/11\/GDL.Parchi-Conservazione-Sviluppo.pdf\" target=\"_blank\" rel=\"noopener noreferrer\" data-btarget=\"_blank\" data-b>GDL.Parchi-Conservazione-Sviluppo<\/a><\/p>\n<p><a href=\"https:\/\/archivio.cai.it\/wp-content\/uploads\/2020\/11\/Rapporto-Unioncamere-Economia-reale-nei-parchi-nazionali.pdf\" target=\"_blank\" rel=\"noopener noreferrer\" data-btarget=\"_blank\" data-b>Rapporto Unioncamere Economia reale nei parchi nazionali<\/a><\/p>\n<h2 class=\"fusion-responsive-typography-calculated\" data-fontsize=\"18\" data-lineheight=\"27px\"><\/h2>\n<h2 class=\"fusion-responsive-typography-calculated\" data-fontsize=\"18\" data-lineheight=\"27px\"><strong><em><u>Natura 2000: una Rete di sicurezza<\/u><\/em><\/strong><\/h2>\n<p>Presentazione di Federico Nogara (federico.nogara@gmail.com)<\/p>\n<p><a href=\"https:\/\/archivio.cai.it\/wp-content\/uploads\/2020\/11\/Rete-Natura-2000-.pdf\" target=\"_blank\" rel=\"noopener noreferrer\" data-btarget=\"_blank\" data-b>Rete Natura 2000<\/a><\/p>\n<p>Testi collegati :<\/p>\n<p><a href=\"https:\/\/archivio.cai.it\/wp-content\/uploads\/2020\/11\/Direttiva-Uccelli.pdf\" target=\"_blank\" rel=\"noopener noreferrer\" data-btarget=\"_blank\" data-b>Direttiva Uccelli<\/a><\/p>\n<p><a href=\"https:\/\/archivio.cai.it\/wp-content\/uploads\/2020\/11\/Direttiva-Habitat.pdf\" target=\"_blank\" rel=\"noopener noreferrer\" data-btarget=\"_blank\" data-b>Direttiva Habitat<\/a><\/p>\n<p><a href=\"https:\/\/archivio.cai.it\/wp-content\/uploads\/2020\/11\/Biodiversit___Natura_2000_Aree_Protette.pdf\" target=\"_blank\" rel=\"noopener noreferrer\" data-btarget=\"_blank\" data-b>Biodiversit\u00e0___Natura_2000_Aree_Protette<\/a><\/p>\n<p><a href=\"https:\/\/archivio.cai.it\/wp-content\/uploads\/2020\/11\/Guida-gestione-siti-art-6-2019.pdf\" target=\"_blank\" rel=\"noopener noreferrer\" data-btarget=\"_blank\" data-b>Guida gestione siti art 6 2019<\/a><\/p>\n","protected":false},"excerpt":{"rendered":"<p>FORMAZIONE ON LINE PER ONTAM Agenda 2030 e Unione europea per l\u2019ambiente della montagna Come noto, non potendo organizzare in presenza l\u2019annuale corso di aggiornamento, abbiamo voluto esplorare la possibilit\u00e0 [&hellip;]<\/p>\n","protected":false},"author":1,"featured_media":1442,"comment_status":"closed","ping_status":"open","sticky":false,"template":"","format":"standard","meta":{"footnotes":""},"categories":[6],"tags":[12,26,9],"_links":{"self":[{"href":"https:\/\/organizzazione.cai.it\/commissione-centrale-tutela-ambiente-montano\/wp-json\/wp\/v2\/posts\/1624"}],"collection":[{"href":"https:\/\/organizzazione.cai.it\/commissione-centrale-tutela-ambiente-montano\/wp-json\/wp\/v2\/posts"}],"about":[{"href":"https:\/\/organizzazione.cai.it\/commissione-centrale-tutela-ambiente-montano\/wp-json\/wp\/v2\/types\/post"}],"author":[{"embeddable":true,"href":"https:\/\/organizzazione.cai.it\/commissione-centrale-tutela-ambiente-montano\/wp-json\/wp\/v2\/users\/1"}],"replies":[{"embeddable":true,"href":"https:\/\/organizzazione.cai.it\/commissione-centrale-tutela-ambiente-montano\/wp-json\/wp\/v2\/comments?post=1624"}],"version-history":[{"count":1,"href":"https:\/\/organizzazione.cai.it\/commissione-centrale-tutela-ambiente-montano\/wp-json\/wp\/v2\/posts\/1624\/revisions"}],"predecessor-version":[{"id":1986,"href":"https:\/\/organizzazione.cai.it\/commissione-centrale-tutela-ambiente-montano\/wp-json\/wp\/v2\/posts\/1624\/revisions\/1986"}],"wp:featuredmedia":[{"embeddable":true,"href":"https:\/\/organizzazione.cai.it\/commissione-centrale-tutela-ambiente-montano\/wp-json\/wp\/v2\/media\/1442"}],"wp:attachment":[{"href":"https:\/\/organizzazione.cai.it\/commissione-centrale-tutela-ambiente-montano\/wp-json\/wp\/v2\/media?parent=1624"}],"wp:term":[{"taxonomy":"category","embeddable":true,"href":"https:\/\/organizzazione.cai.it\/commissione-centrale-tutela-ambiente-montano\/wp-json\/wp\/v2\/categories?post=1624"},{"taxonomy":"post_tag","embeddable":true,"href":"https:\/\/organizzazione.cai.it\/commissione-centrale-tutela-ambiente-montano\/wp-json\/wp\/v2\/tags?post=1624"}],"curies":[{"name":"wp","href":"https:\/\/api.w.org\/{rel}","templated":true}]}}