{"id":1629,"date":"2022-02-07T15:29:55","date_gmt":"2022-02-07T15:29:55","guid":{"rendered":"https:\/\/organizzazione.cai.it\/commissione-centrale-tutela-ambiente-montano\/2022\/02\/36259-2\/"},"modified":"2024-11-29T12:25:38","modified_gmt":"2024-11-29T12:25:38","slug":"36259-2","status":"publish","type":"post","link":"https:\/\/organizzazione.cai.it\/commissione-centrale-tutela-ambiente-montano\/2022\/02\/36259-2\/","title":{"rendered":"I Pantani Di Accumoli &#8211; Firma La Petizione"},"content":{"rendered":"<h1>Salviamo i Pantani di Accumoli da asfalto e cemento: on line la petizione della Crtam del Cai Lazio<\/h1>\n<h2>Il Gruppo regionale (insieme alle Sezioni di Amatrice, Ascoli, Foligno e Teramo) \u00e8 contrario alla costruzione di un nuovo rifugio che avrebbe un notevole impatto sulle bellezze naturali e non risolleverebbe l&#8217;economia locale.<\/h2>\n<div class=\"ce_text\">\n<figure class=\"image_container float_left\"><a class=\"cboxElement\" title=\"\" href=\"http:\/\/www.loscarpone.cai.it\/files\/news\/Main\/Luglio%202020\/Mosaico%20Pantani_small.jpg\" data-lightbox=\"7344ab\" target=\"_blank\" rel=\"noopener\"><img loading=\"lazy\" decoding=\"async\" class=\"aligncenter\" src=\"https:\/\/www.loscarpone.cai.it\/assets\/images\/a\/Mosaico%20Pantani_small-0c5ef0fa.jpg\" alt=\"- CAI\" width=\"290\" height=\"157\" title=\"\"><\/a><\/figure>\n<p><em>24 luglio 2020<\/em> &#8211; La<strong> Giunta regionale del Lazi<\/strong>o con la Deliberazione n. 916 del 28.12.2017 ha ratificato il Protocollo d\u2019intesa tra la Regione e il Comune di Accumoli con oggetto <strong>\u201cRealizzazione di un rifugio montano in localit\u00e0 Pantani nel Comune di Accumoli\u201d<\/strong>, sottoscritto in data 11 dicembre 2017.<\/p>\n<p>Il Protocollo, nelle premesse, individua correttamente le criticit\u00e0 di un\u2019area fortemente piagata da un costante declino socio economico cui i noti eventi sismici del 2016 hanno dato ulteriore e decisa accelerazione. Il Protocollo, giustamente, ritiene urgente <strong>rilanciare l\u2019economia della zona attraverso uno sviluppo turistico basato sulla valorizzazione di quel pregiato patrimonio ambientale<\/strong>. Tuttavia, al momento di individuare la strada per dare concreta risposta ai bisogni lucidamente delineati nelle premesse, la scelta degli Enti locali punta su una soluzione, forse la pi\u00f9 semplice, ma certamente sbagliata:<strong> la costruzione di un nuovo rifugio.<\/strong> Tale rifugio, secondo il Protocollo, verr\u00e0 collocato<strong> nel versante del comune di Accumoli,<\/strong> ad una quota pi\u00f9 alta rispetto agli esistenti, ed avr\u00e0 lo scopo di fungere da <strong>polo attrattivo per chi pratica attivit\u00e0 turistiche sia in estate che in inverno.<\/strong><\/p>\n<p>Ora, il Cai \u00e8 assolutamente consapevole che le necessarie iniziative di valorizzazione economica e turistica di queste terre, fortemente provate dagli eventi sismici degli scorsi anni, non possono non tenere in considerazione<strong> la principale ricchezza rappresentata da un ambiente naturale unico<\/strong> e, per molti tratti, ancora incontaminato. Stiamo parlando di un sito compreso tra i Parchi Nazionali dei Monti Sibillini e dei Monti della Laga, che vede la presenza di una serie di laghetti, di origine glaciale, adagiati su un pianoro a quota 1.580 m s.l.m., dove sono ospitati habitat e specie di grande valore naturalistico che rendono l\u2019area uno degli ambienti pi\u00f9 significativi dell\u2019Appennino centrale.<\/p>\n<p><strong>Il rischio di compromettere un territorio la cui sola ricchezza \u00e8 rappresentata dalla natura incontaminat<\/strong>a con la costruzione di un <strong>Rifugio Montano non necessario<\/strong>, dovrebbe far riflettere le Amministrazioni che, senz\u2019altro in buona fede, cercano di rilanciare un\u2019economia in difficolt\u00e0 con iniziative irreversibili e quasi sicuramente non idonee a sostenere uno sviluppo concreto dell\u2019area.<\/p>\n<p>Il Club Alpino torna a ribadire che<strong> la costruzione di un Rifugio che, con elevata probabilit\u00e0, sarebbe aperto solo in estate, posto a meno di 3 ore di cammino dall\u2019abitato di Accumoli, garantir\u00e0 solo un numero esiguo di posti di lavoro, generando un impatto pressoch\u00e9 nullo sull\u2019economia della zona<\/strong>. Se a questo si aggiunge il prezzo in termini di <strong>depauperamento delle ricchezze naturali<\/strong> che la costruzione di quell\u2019infrastruttura comporterebbe, appare evidente come l\u2019iniziativa in questione meriti una attenta riflessione in termine di costi\/benefici.<\/p>\n<p>Sulla base di queste considerazioni, il Cai ha presentato <strong>un appello sulla piattaforma Change.org affinch\u00e9 le scelte degli Enti locali siano riconsiderate nell\u2019ottica di favorire uno sviluppo sostenibile attraverso la valorizzazione di forme di turismo \u201cdolce\u201d e rispettose dell\u2019ambiente.<\/strong><\/p>\n<p><a href=\"https:\/\/www.change.org\/p\/regione-lazio-salviamo-i-pantani-di-accumoli-da-asfalto-e-cemento?utm_content=cl_sharecopy_23656442_it-IT%3A0&amp;recruiter=1134239157&amp;utm_source=share_petition&amp;utm_medium=copylink&amp;utm_campaign=share_petition\" target=\"_blank\" rel=\"noopener noreferrer\">Qui \u00e8 riportato il testo della petizione <\/a>affinch\u00e9 tutti coloro che amano questi luoghi possano far sentire la propria voce a difesa di un ambiente unico ed oggi in grave pericolo.<\/p>\n<p>Cai Lazio Crtam<br \/>\nSezione Cai di Amatrice<br \/>\nSezione Cai di Ascoli<br \/>\nSezione Cai di Foligno<br \/>\nSezione Cai di Teramo<\/p>\n<\/div>\n","protected":false},"excerpt":{"rendered":"<p>Salviamo i Pantani di Accumoli da asfalto e cemento: on line la petizione della Crtam del Cai Lazio Il Gruppo regionale (insieme alle Sezioni di Amatrice, Ascoli, Foligno e Teramo) [&hellip;]<\/p>\n","protected":false},"author":1,"featured_media":1452,"comment_status":"closed","ping_status":"open","sticky":false,"template":"","format":"standard","meta":{"footnotes":""},"categories":[6],"tags":[11],"_links":{"self":[{"href":"https:\/\/organizzazione.cai.it\/commissione-centrale-tutela-ambiente-montano\/wp-json\/wp\/v2\/posts\/1629"}],"collection":[{"href":"https:\/\/organizzazione.cai.it\/commissione-centrale-tutela-ambiente-montano\/wp-json\/wp\/v2\/posts"}],"about":[{"href":"https:\/\/organizzazione.cai.it\/commissione-centrale-tutela-ambiente-montano\/wp-json\/wp\/v2\/types\/post"}],"author":[{"embeddable":true,"href":"https:\/\/organizzazione.cai.it\/commissione-centrale-tutela-ambiente-montano\/wp-json\/wp\/v2\/users\/1"}],"replies":[{"embeddable":true,"href":"https:\/\/organizzazione.cai.it\/commissione-centrale-tutela-ambiente-montano\/wp-json\/wp\/v2\/comments?post=1629"}],"version-history":[{"count":1,"href":"https:\/\/organizzazione.cai.it\/commissione-centrale-tutela-ambiente-montano\/wp-json\/wp\/v2\/posts\/1629\/revisions"}],"predecessor-version":[{"id":1630,"href":"https:\/\/organizzazione.cai.it\/commissione-centrale-tutela-ambiente-montano\/wp-json\/wp\/v2\/posts\/1629\/revisions\/1630"}],"wp:featuredmedia":[{"embeddable":true,"href":"https:\/\/organizzazione.cai.it\/commissione-centrale-tutela-ambiente-montano\/wp-json\/wp\/v2\/media\/1452"}],"wp:attachment":[{"href":"https:\/\/organizzazione.cai.it\/commissione-centrale-tutela-ambiente-montano\/wp-json\/wp\/v2\/media?parent=1629"}],"wp:term":[{"taxonomy":"category","embeddable":true,"href":"https:\/\/organizzazione.cai.it\/commissione-centrale-tutela-ambiente-montano\/wp-json\/wp\/v2\/categories?post=1629"},{"taxonomy":"post_tag","embeddable":true,"href":"https:\/\/organizzazione.cai.it\/commissione-centrale-tutela-ambiente-montano\/wp-json\/wp\/v2\/tags?post=1629"}],"curies":[{"name":"wp","href":"https:\/\/api.w.org\/{rel}","templated":true}]}}