{"id":1634,"date":"2022-02-07T15:31:27","date_gmt":"2022-02-07T15:31:27","guid":{"rendered":"https:\/\/organizzazione.cai.it\/commissione-centrale-tutela-ambiente-montano\/2022\/02\/34957-2\/"},"modified":"2022-02-07T15:31:27","modified_gmt":"2022-02-07T15:31:27","slug":"34957-2","status":"publish","type":"post","link":"https:\/\/organizzazione.cai.it\/commissione-centrale-tutela-ambiente-montano\/2022\/02\/34957-2\/","title":{"rendered":"Petizione Terminillo"},"content":{"rendered":"<p>&nbsp;<\/p>\n<h1 style=\"text-align: center\">TERMINILLO<\/h1>\n<h1 style=\"text-align: center\">Il vicepresidente Quartiani sulla questione Terminillo: &#8220;Un progetto fallimentare in partenza&#8221;<\/h1>\n<p>&nbsp;<\/p>\n<p>\u201cSiamo di fronte all&#8217;ennesimo caso, questa volta in Appennino, in cui in maniera persistente alcuni operatori privati pensano che investire in impianti sciistici possa portare turismo e posti di lavoro, ma non \u00e8 affatto cos\u00ec\u201d. Questo \u00e8 il commento del vicepresidente del <strong>Cai Erminio Quartiani<\/strong> che esprime il proprio deciso dissenso &#8211;\u00a0 a nome di tutto il<strong> Club Alpino italiano<\/strong>\u00a0 &#8211; in merito all&#8217;iniziativa di ampliamento degli impianti sciistici sul monte Terminillo. Il <strong>Cai Leonessa<\/strong> ha infatti lanciato <a href=\"https:\/\/www.change.org\/p\/regione-lazio-salviamo-terminillo-fermiamo-un-progetto-inutile-e-dannoso-notsm-af051c5a-78be-43a9-be3d-9f6fe660ba08?recruiter=false&amp;utm_source=share_petition&amp;utm_medium=facebook&amp;utm_campaign=psf_combo_share_initial&amp;utm_term=psf_combo_share_abi&amp;recruited_by_id=e8b639f0-a991-11ea-ac70-63b9de26ffa7&amp;utm_content=fht-22661861-it-it%3Av4\" target=\"_blank\" rel=\"noopener\">una petizione di raccolta firme sulla piattaforma Change.org<\/a> per fermare il progetto\u00a0 a cui, naturalmente, ha aderito il Cai centrale insieme a diverse associazioni ambientaliste (<a href=\"http:\/\/www.loscarpone.cai.it\/news\/items\/terminillo-on-line-la-petizione-per-fermare-il-progetto-di-ampliamento-sciistico-dannoso-e-fallimentare.html\" target=\"_blank\" rel=\"noopener\">leggi l&#8217;articolo<\/a>).<\/p>\n<p>\u201cCostruire impianti sciistici al di sotto dei 2 mila metri significa creare un progetto fallimentare in partenza, sia in termini economici, sia ambientali\u201d, spiega Quartiani. \u201cE soprattutto la questione\u00a0 ambientale \u00e8 decisiva, perch\u00e9 la distruzione di porzioni di boschi e la conseguente movimentazione del terreno mirano a distruggere le biodiversit\u00e0 faunistiche. Il mondo va in tutt&#8217;altra direzione e la preservazione dell&#8217;ambiente e delle biodiversit\u00e0 \u00e8 un obiettivo che va sempre pi\u00f9 condiviso con chi\u00a0 frequenta la montagna e chi la abita.<\/p>\n<p>Possibile e doveroso \u00e8 trovare alternative alla monocultura dello sci e il Cai da tempo si sta muovendo in questa direzione. Per esempio attraverso il Sentiero Italia Cai, di cui si pu\u00f2 beneficiarne tutto l&#8217;anno. Stiamo lavorando al Sentiero dei Parchi, un progetto con il Ministero dell&#8217;Ambiente e di cui il Sentiero Italia Cai sar\u00e0 la spina dorsale, con una serie di bretelle che permetteranno di raggiungere altri sentieri. Per esempio dal Parco del Gargano sar\u00e0 possibile raggiungere la via della Transumanza, attivit\u00e0, insieme all&#8217;Alpinismo, inserita tra i beni immateriali patrimonio dell&#8217;Umanit\u00e0.<\/p>\n<p>Possiamo, quindi,\u00a0 creare s\u00ec un circuito virtuoso dal punto di vista economico e turistico, promuovendo una cultura della montagna e delle numerose attivit\u00e0 che si possono praticare, nel rispetto dell&#8217;ambiente, di chi la frequenta e di ci vive.<\/p>\n<p>Anche per il Terminillo potremmo lavorare verso un concetto di turismo dolce e trovare risorse necessarie che, invece di essere spese in maniera dissennata per nuovi impianti sciistici, possano convertirsi in crescita sostenibile, cultura, ricchezza.<\/p>\n<p>Non \u00e8 nostra intenzione discriminare lo sci, ma \u00e8 stato dimostrato come \u00e8 accaduto nell&#8217;arco alpino,\u00a0 anche al di sopra dei 2 mila metri, che gli impianti sciistici richiedono ingenti investimenti economici di cui gli operatori privati non riescono a farsi carico totalmente.\u00a0\u00a0 Infatti a causa dello scarso innevamento si fa ricorso alla produzione di neve artificiale e questo implica un costo economico ma anche ambientale, cos\u00ec come per la riduzione dei periodi della stagione invernale a causa dei cambiamenti climatici e dell&#8217;innalzamento della temperatura. Tutto ci\u00f2 suggerisce di destinare in altra direzione le risorse pubbliche e private disponibili per lo sviluppo in montagna, con l&#8217;obiettivo di renderlo pi\u00f9 sostenibile e meno aggressivo per la natura.<\/p>\n<p>Gli esempi del Trentino dove la Provincia ha dovuto rilevare e gestire anche in perdita gli impianti di risalita, o della Valle d&#8217;Aosta, dove sempre pi\u00f9 ingenti somme pubbliche della Regione sono destinate a mantenere in vita impianti ormai non pi\u00f9 concorrenziali in molte vallate, dimostrano che non e&#8217; pi\u00f9 il tempo di nuove avventure senza sbocco utile nemmeno per i residenti in montagna.<\/p>\n<p>In sintesi \u2013 conclude Quartiani \u2013 dobbiamo ripensare al futuro della montagna in modo alternativo. Abbiamo il dovere il farlo e le proposte del Cai sono numerose\u201d.<\/p>\n<h5><em>Laura Polverari<\/em><\/h5>\n","protected":false},"excerpt":{"rendered":"<p>&nbsp; TERMINILLO Il vicepresidente Quartiani sulla questione Terminillo: &#8220;Un progetto fallimentare in partenza&#8221; &nbsp; \u201cSiamo di fronte all&#8217;ennesimo caso, questa volta in Appennino, in cui in maniera persistente alcuni operatori [&hellip;]<\/p>\n","protected":false},"author":1,"featured_media":1460,"comment_status":"closed","ping_status":"open","sticky":false,"template":"","format":"standard","meta":{"footnotes":""},"categories":[6],"tags":[11],"_links":{"self":[{"href":"https:\/\/organizzazione.cai.it\/commissione-centrale-tutela-ambiente-montano\/wp-json\/wp\/v2\/posts\/1634"}],"collection":[{"href":"https:\/\/organizzazione.cai.it\/commissione-centrale-tutela-ambiente-montano\/wp-json\/wp\/v2\/posts"}],"about":[{"href":"https:\/\/organizzazione.cai.it\/commissione-centrale-tutela-ambiente-montano\/wp-json\/wp\/v2\/types\/post"}],"author":[{"embeddable":true,"href":"https:\/\/organizzazione.cai.it\/commissione-centrale-tutela-ambiente-montano\/wp-json\/wp\/v2\/users\/1"}],"replies":[{"embeddable":true,"href":"https:\/\/organizzazione.cai.it\/commissione-centrale-tutela-ambiente-montano\/wp-json\/wp\/v2\/comments?post=1634"}],"version-history":[{"count":0,"href":"https:\/\/organizzazione.cai.it\/commissione-centrale-tutela-ambiente-montano\/wp-json\/wp\/v2\/posts\/1634\/revisions"}],"wp:featuredmedia":[{"embeddable":true,"href":"https:\/\/organizzazione.cai.it\/commissione-centrale-tutela-ambiente-montano\/wp-json\/wp\/v2\/media\/1460"}],"wp:attachment":[{"href":"https:\/\/organizzazione.cai.it\/commissione-centrale-tutela-ambiente-montano\/wp-json\/wp\/v2\/media?parent=1634"}],"wp:term":[{"taxonomy":"category","embeddable":true,"href":"https:\/\/organizzazione.cai.it\/commissione-centrale-tutela-ambiente-montano\/wp-json\/wp\/v2\/categories?post=1634"},{"taxonomy":"post_tag","embeddable":true,"href":"https:\/\/organizzazione.cai.it\/commissione-centrale-tutela-ambiente-montano\/wp-json\/wp\/v2\/tags?post=1634"}],"curies":[{"name":"wp","href":"https:\/\/api.w.org\/{rel}","templated":true}]}}