{"id":1645,"date":"2020-06-13T20:26:55","date_gmt":"2020-06-13T20:26:55","guid":{"rendered":"https:\/\/organizzazione.cai.it\/commissione-centrale-tutela-ambiente-montano\/2020\/06\/corsi-formativi-2020-commissioni-cai-tam\/"},"modified":"2020-06-13T20:26:55","modified_gmt":"2020-06-13T20:26:55","slug":"corsi-formativi-2020-commissioni-cai-tam","status":"publish","type":"post","link":"https:\/\/organizzazione.cai.it\/commissione-centrale-tutela-ambiente-montano\/2020\/06\/corsi-formativi-2020-commissioni-cai-tam\/","title":{"rendered":"Corsi Formativi\u00a0 2020 Commissioni Cai Tam"},"content":{"rendered":"<p><strong><u>CORSI FORMATIVI\u00a0 2020 COMMISSIONI CAI TAM<\/u><\/strong><\/p>\n<p><strong><u>Formazione, informazione, educazione<\/u> &#8211;<u> Bidecalogo<\/u><\/strong><\/p>\n<p>La formazione \u00e8 elemento strategico del Sodalizio (insieme a informazione ed educazione), tale da consolidare identit\u00e0 e finalit\u00e0 del Cai nell&#8217;impegno etico dell&#8217;insegnamento, attento a educazione, conservazione e promozione secondo i dettami Statutari e del <u>Bidecalogo<\/u>\u00a0 (approvato dal Cai nel 1981 e attualizzato nel 2013) che fissa le <u>linee di indirizzo e di autoregolamentazione del Cai in materia di ambiente e tutela del paesaggio<\/u>.<\/p>\n<p><a href=\"https:\/\/organizzazione.cai.it\/commissione-centrale-tutela-ambiente-montano\/wp-content\/uploads\/sites\/85\/2024\/11\/2020.01-formazione.pdf\" target=\"_blank\" rel=\"noopener\">CORSI FORMATIVI 2020 COMMISSIONI CAI TAM<\/a><\/p>\n<p>&nbsp;<\/p>\n<p><strong>\u00a0<\/strong><\/p>\n","protected":false},"excerpt":{"rendered":"<p>CORSI FORMATIVI\u00a0 2020 COMMISSIONI CAI TAM Formazione, informazione, educazione &#8211; Bidecalogo La formazione \u00e8 elemento strategico del Sodalizio (insieme a informazione ed educazione), tale da consolidare identit\u00e0 e finalit\u00e0 del [&hellip;]<\/p>\n","protected":false},"author":1,"featured_media":1479,"comment_status":"closed","ping_status":"open","sticky":false,"template":"","format":"standard","meta":{"footnotes":""},"categories":[6],"tags":[],"_links":{"self":[{"href":"https:\/\/organizzazione.cai.it\/commissione-centrale-tutela-ambiente-montano\/wp-json\/wp\/v2\/posts\/1645"}],"collection":[{"href":"https:\/\/organizzazione.cai.it\/commissione-centrale-tutela-ambiente-montano\/wp-json\/wp\/v2\/posts"}],"about":[{"href":"https:\/\/organizzazione.cai.it\/commissione-centrale-tutela-ambiente-montano\/wp-json\/wp\/v2\/types\/post"}],"author":[{"embeddable":true,"href":"https:\/\/organizzazione.cai.it\/commissione-centrale-tutela-ambiente-montano\/wp-json\/wp\/v2\/users\/1"}],"replies":[{"embeddable":true,"href":"https:\/\/organizzazione.cai.it\/commissione-centrale-tutela-ambiente-montano\/wp-json\/wp\/v2\/comments?post=1645"}],"version-history":[{"count":0,"href":"https:\/\/organizzazione.cai.it\/commissione-centrale-tutela-ambiente-montano\/wp-json\/wp\/v2\/posts\/1645\/revisions"}],"wp:featuredmedia":[{"embeddable":true,"href":"https:\/\/organizzazione.cai.it\/commissione-centrale-tutela-ambiente-montano\/wp-json\/wp\/v2\/media\/1479"}],"wp:attachment":[{"href":"https:\/\/organizzazione.cai.it\/commissione-centrale-tutela-ambiente-montano\/wp-json\/wp\/v2\/media?parent=1645"}],"wp:term":[{"taxonomy":"category","embeddable":true,"href":"https:\/\/organizzazione.cai.it\/commissione-centrale-tutela-ambiente-montano\/wp-json\/wp\/v2\/categories?post=1645"},{"taxonomy":"post_tag","embeddable":true,"href":"https:\/\/organizzazione.cai.it\/commissione-centrale-tutela-ambiente-montano\/wp-json\/wp\/v2\/tags?post=1645"}],"curies":[{"name":"wp","href":"https:\/\/api.w.org\/{rel}","templated":true}]}}