{"id":1660,"date":"2020-01-08T15:07:22","date_gmt":"2020-01-08T15:07:22","guid":{"rendered":"https:\/\/organizzazione.cai.it\/commissione-centrale-tutela-ambiente-montano\/2020\/01\/cai-parchi-2018-insieme-per-la-montagna\/"},"modified":"2024-11-29T12:26:03","modified_gmt":"2024-11-29T12:26:03","slug":"cai-parchi-2018-insieme-per-la-montagna","status":"publish","type":"post","link":"https:\/\/organizzazione.cai.it\/commissione-centrale-tutela-ambiente-montano\/2020\/01\/cai-parchi-2018-insieme-per-la-montagna\/","title":{"rendered":"Cai-parchi 2018, Insieme Per La Montagna"},"content":{"rendered":"<h3><img loading=\"lazy\" decoding=\"async\" class=\"size-full wp-image-28366 alignleft\" src=\"https:\/\/organizzazione.cai.it\/commissione-centrale-tutela-ambiente-montano\/wp-content\/uploads\/sites\/85\/2024\/11\/2018_10_26_articolo_riepilogo_cai_parchi_settembre_ottobre.jpg\" alt=\"- CAI\" width=\"110\" height=\"76\" title=\"\">CAI-PARCHI 2018, insieme per la montagna<\/h3>\n<p>Il Cai si prende cura della montagna e tutela l&#8217;ambiente con attenzione a territori, popolazione e visitatori corretti, diverso invece e l&#8217;atteggiamento nei confronti di persone prive di adeguata sensibilit\u00e0, preparazione ed educazione. Molte proposte del Club Alpino italiano sono condivise con il sistema delle aree protette.<\/p>\n<p>A Manarola nel Parco Nazionale delle 5 Terre, gioved\u00ec 5 settembre il Cai ha organizzato un partecipato Convegno su turismo e sostenibilit\u00e0. Sabato 8 settembre a Milano si \u00e8 svolto l&#8217;incontro con i rappresentanti Cai nei consigli direttivi dei parchi nazionali per armonizzare le azioni, condividere le esperienze e favorire la circolazione delle informazioni. Sulla stessa<br \/>\nscia le giornate CAI Tam in Calabria con il Corso Tam (26 iscritti) e l&#8217;incontro con tutti i Presidenti delle Sezioni Cai. A seguire nelle giornate del 2\u00b0 Congresso nazionale CAI Tam a Fermo del 20 e 21 ottobre (celebrativo dei 50 anni Cai Tam, 1968-2018) sono state ribadite efficacia e importanza dei Parchi. Non \u00e8 un caso che il Cai abbia sottoscritto intese con ben 15 parchi nazionali per il raggiungimento di obiettivi comuni coerenti anche con la CETS e AGENDA 2030<\/p>\n<p><img loading=\"lazy\" decoding=\"async\" class=\"alignnone size-full wp-image-27808\" src=\"https:\/\/organizzazione.cai.it\/commissione-centrale-tutela-ambiente-montano\/wp-content\/uploads\/sites\/85\/2024\/11\/pdf-1.png\" alt=\"- CAI\" width=\"24\" height=\"24\" title=\"\">\u00a0<span style=\"color: #0000ff\"><a style=\"color: #0000ff\" title=\"CAI-PARCHI 2018, insieme per la montagna\" href=\"https:\/\/organizzazione.cai.it\/commissione-centrale-tutela-ambiente-montano\/wp-content\/uploads\/sites\/85\/2024\/11\/2018_10_26_articolo_riepilogo_cai_parchi_settembre_ottobre.pdf\" target=\"_blank\" rel=\"alternate noopener\">CAI-PARCHI 2018, insieme per la montagna<\/a><\/span><\/p>\n","protected":false},"excerpt":{"rendered":"<p>CAI-PARCHI 2018, insieme per la montagna Il Cai si prende cura della montagna e tutela l&#8217;ambiente con attenzione a territori, popolazione e visitatori corretti, diverso invece e l&#8217;atteggiamento nei confronti [&hellip;]<\/p>\n","protected":false},"author":1,"featured_media":1652,"comment_status":"closed","ping_status":"open","sticky":false,"template":"","format":"standard","meta":{"footnotes":""},"categories":[6],"tags":[32,19,18],"_links":{"self":[{"href":"https:\/\/organizzazione.cai.it\/commissione-centrale-tutela-ambiente-montano\/wp-json\/wp\/v2\/posts\/1660"}],"collection":[{"href":"https:\/\/organizzazione.cai.it\/commissione-centrale-tutela-ambiente-montano\/wp-json\/wp\/v2\/posts"}],"about":[{"href":"https:\/\/organizzazione.cai.it\/commissione-centrale-tutela-ambiente-montano\/wp-json\/wp\/v2\/types\/post"}],"author":[{"embeddable":true,"href":"https:\/\/organizzazione.cai.it\/commissione-centrale-tutela-ambiente-montano\/wp-json\/wp\/v2\/users\/1"}],"replies":[{"embeddable":true,"href":"https:\/\/organizzazione.cai.it\/commissione-centrale-tutela-ambiente-montano\/wp-json\/wp\/v2\/comments?post=1660"}],"version-history":[{"count":1,"href":"https:\/\/organizzazione.cai.it\/commissione-centrale-tutela-ambiente-montano\/wp-json\/wp\/v2\/posts\/1660\/revisions"}],"predecessor-version":[{"id":1661,"href":"https:\/\/organizzazione.cai.it\/commissione-centrale-tutela-ambiente-montano\/wp-json\/wp\/v2\/posts\/1660\/revisions\/1661"}],"wp:featuredmedia":[{"embeddable":true,"href":"https:\/\/organizzazione.cai.it\/commissione-centrale-tutela-ambiente-montano\/wp-json\/wp\/v2\/media\/1652"}],"wp:attachment":[{"href":"https:\/\/organizzazione.cai.it\/commissione-centrale-tutela-ambiente-montano\/wp-json\/wp\/v2\/media?parent=1660"}],"wp:term":[{"taxonomy":"category","embeddable":true,"href":"https:\/\/organizzazione.cai.it\/commissione-centrale-tutela-ambiente-montano\/wp-json\/wp\/v2\/categories?post=1660"},{"taxonomy":"post_tag","embeddable":true,"href":"https:\/\/organizzazione.cai.it\/commissione-centrale-tutela-ambiente-montano\/wp-json\/wp\/v2\/tags?post=1660"}],"curies":[{"name":"wp","href":"https:\/\/api.w.org\/{rel}","templated":true}]}}