{"id":1676,"date":"2020-01-08T14:42:08","date_gmt":"2020-01-08T14:42:08","guid":{"rendered":"https:\/\/organizzazione.cai.it\/commissione-centrale-tutela-ambiente-montano\/2020\/01\/19-novembre-2017-chiusura-3-corso-per-operatori-tam-dabruzzo\/"},"modified":"2024-11-29T12:26:14","modified_gmt":"2024-11-29T12:26:14","slug":"19-novembre-2017-chiusura-3-corso-per-operatori-tam-dabruzzo","status":"publish","type":"post","link":"https:\/\/organizzazione.cai.it\/commissione-centrale-tutela-ambiente-montano\/2020\/01\/19-novembre-2017-chiusura-3-corso-per-operatori-tam-dabruzzo\/","title":{"rendered":"19 Novembre 2017 &#8211; Chiusura 3\u00b0 Corso Per Operatori Tam D&#8217;abruzzo"},"content":{"rendered":"<h3><img loading=\"lazy\" decoding=\"async\" class=\"size-full wp-image-28330 alignleft\" src=\"https:\/\/organizzazione.cai.it\/commissione-centrale-tutela-ambiente-montano\/wp-content\/uploads\/sites\/85\/2024\/11\/2017_11_19_corso_ostam_rifugio_faiani_enrico_cai_castelli.jpg\" alt=\"- CAI\" width=\"110\" height=\"76\" title=\"\">19 novembre 2017 &#8211; Chiusura 3\u00b0 Corso per operatori TAM d&#8217;Abruzzo<\/h3>\n<p>I corsisti si ritroveranno al Rifugio Cai Enrico Faiani, inaugurato lo scorso luglio, presidio naturalistico e culturale del Comune di Castelli e del Parco nazionale del Gran Sasso e Monti della Laga.<\/p>\n<hr id=\"system-readmore\" class=\"mceItemReadMore\" \/>\n<p>Le precedenti giornate del Corso si sono tenute negli altri Parchi d&#8217;Abruzzo e questa volta sar\u00e0 la volta della zona pedemontana del Gran Sasso d&#8217;Italia, ai piedi della poderosa Parete Nord del Monte Camicia. Le attivit\u00e0 del Corso Tam sono in linea con le finalit\u00e0 del Rifugio Enrico Faiani, sede del Centro di Educazione Ambientale &#8220;gli aquilotti&#8221; del Cai Abruzzo, voluto dai soci per l&#8217;accoglienza e per svolgere attivit\u00e0 educative e di tutela, ricreative del tempo libero, per la promozione e l&#8217;aggregazione sociale di ogni appassionato, di ogni et\u00e0. La presentazione della giornata sar\u00e0 dedicata all&#8217;impegno e alla speranza, perch\u00e9 la realizzazione del Rifugio \u00e8 un esempio di tenacia in risposta a terremoto e abbandono.<\/p>\n<p><img loading=\"lazy\" decoding=\"async\" class=\"alignnone size-full wp-image-27808\" src=\"https:\/\/organizzazione.cai.it\/commissione-centrale-tutela-ambiente-montano\/wp-content\/uploads\/sites\/85\/2024\/11\/pdf-1.png\" alt=\"- CAI\" width=\"24\" height=\"24\" title=\"\">\u00a0<a title=\"19 novembre 2017 - Locandina - 3\u00b0 Corso per operatori TAM d'Abruzzo\" href=\"https:\/\/organizzazione.cai.it\/commissione-centrale-tutela-ambiente-montano\/wp-content\/uploads\/sites\/85\/2024\/11\/2017_11_19_corso_ostam_chiusura_cai_castelli_sede.pdf\" target=\"_blank\" rel=\"noopener\">19 novembre 2017 &#8211; Locandina &#8211; 3\u00b0 Corso per operatori TAM d&#8217;Abruzzo<\/a><\/p>\n<p><img loading=\"lazy\" decoding=\"async\" class=\"alignnone size-full wp-image-27808\" src=\"https:\/\/organizzazione.cai.it\/commissione-centrale-tutela-ambiente-montano\/wp-content\/uploads\/sites\/85\/2024\/11\/pdf-1.png\" alt=\"- CAI\" width=\"24\" height=\"24\" title=\"\">\u00a0<a title=\"19 novembre 2017 - Chiusura 3\u00b0 Corso per operatori TAM d'Abruzzo\" href=\"https:\/\/organizzazione.cai.it\/commissione-centrale-tutela-ambiente-montano\/wp-content\/uploads\/sites\/85\/2024\/11\/2017_11_16_articolo_chiusura_corso_tam_a_castelli.pdf\" target=\"_blank\" rel=\"noopener\">19 novembre 2017 &#8211; Articoli &#8211; Chiusura 3\u00b0 Corso per operatori TAM d&#8217;Abruzzo<\/a><\/p>\n<p><img loading=\"lazy\" decoding=\"async\" class=\"alignnone  wp-image-27897\" src=\"https:\/\/organizzazione.cai.it\/commissione-centrale-tutela-ambiente-montano\/wp-content\/uploads\/sites\/85\/2024\/11\/link.png\" alt=\"- CAI\" width=\"31\" height=\"31\" title=\"\">\u00a0<a href=\"https:\/\/drive.google.com\/drive\/folders\/1PitZB_nX16tcvNlZrZXuOmEhgcaw7oWQ?usp=sharing\" target=\"_blank\" rel=\"noopener\">Presentazione e materiale corsisti<\/a><\/p>\n","protected":false},"excerpt":{"rendered":"<p>19 novembre 2017 &#8211; Chiusura 3\u00b0 Corso per operatori TAM d&#8217;Abruzzo I corsisti si ritroveranno al Rifugio Cai Enrico Faiani, inaugurato lo scorso luglio, presidio naturalistico e culturale del Comune [&hellip;]<\/p>\n","protected":false},"author":1,"featured_media":1652,"comment_status":"closed","ping_status":"open","sticky":false,"template":"","format":"standard","meta":{"footnotes":""},"categories":[6],"tags":[32,19,18],"_links":{"self":[{"href":"https:\/\/organizzazione.cai.it\/commissione-centrale-tutela-ambiente-montano\/wp-json\/wp\/v2\/posts\/1676"}],"collection":[{"href":"https:\/\/organizzazione.cai.it\/commissione-centrale-tutela-ambiente-montano\/wp-json\/wp\/v2\/posts"}],"about":[{"href":"https:\/\/organizzazione.cai.it\/commissione-centrale-tutela-ambiente-montano\/wp-json\/wp\/v2\/types\/post"}],"author":[{"embeddable":true,"href":"https:\/\/organizzazione.cai.it\/commissione-centrale-tutela-ambiente-montano\/wp-json\/wp\/v2\/users\/1"}],"replies":[{"embeddable":true,"href":"https:\/\/organizzazione.cai.it\/commissione-centrale-tutela-ambiente-montano\/wp-json\/wp\/v2\/comments?post=1676"}],"version-history":[{"count":1,"href":"https:\/\/organizzazione.cai.it\/commissione-centrale-tutela-ambiente-montano\/wp-json\/wp\/v2\/posts\/1676\/revisions"}],"predecessor-version":[{"id":1677,"href":"https:\/\/organizzazione.cai.it\/commissione-centrale-tutela-ambiente-montano\/wp-json\/wp\/v2\/posts\/1676\/revisions\/1677"}],"wp:featuredmedia":[{"embeddable":true,"href":"https:\/\/organizzazione.cai.it\/commissione-centrale-tutela-ambiente-montano\/wp-json\/wp\/v2\/media\/1652"}],"wp:attachment":[{"href":"https:\/\/organizzazione.cai.it\/commissione-centrale-tutela-ambiente-montano\/wp-json\/wp\/v2\/media?parent=1676"}],"wp:term":[{"taxonomy":"category","embeddable":true,"href":"https:\/\/organizzazione.cai.it\/commissione-centrale-tutela-ambiente-montano\/wp-json\/wp\/v2\/categories?post=1676"},{"taxonomy":"post_tag","embeddable":true,"href":"https:\/\/organizzazione.cai.it\/commissione-centrale-tutela-ambiente-montano\/wp-json\/wp\/v2\/tags?post=1676"}],"curies":[{"name":"wp","href":"https:\/\/api.w.org\/{rel}","templated":true}]}}