{"id":1759,"date":"2020-01-07T11:16:46","date_gmt":"2020-01-07T11:16:46","guid":{"rendered":"https:\/\/organizzazione.cai.it\/commissione-centrale-tutela-ambiente-montano\/2020\/01\/operatori-tam-cosa-possiamo-fare-per-la-biodiversita-uno-scaldacollo-un-impegno\/"},"modified":"2024-12-01T18:52:30","modified_gmt":"2024-12-01T18:52:30","slug":"operatori-tam-cosa-possiamo-fare-per-la-biodiversita-uno-scaldacollo-un-impegno","status":"publish","type":"post","link":"https:\/\/organizzazione.cai.it\/commissione-centrale-tutela-ambiente-montano\/2020\/01\/operatori-tam-cosa-possiamo-fare-per-la-biodiversita-uno-scaldacollo-un-impegno\/","title":{"rendered":"Operatori Tam: Cosa Possiamo Fare Per La Biodiversit\u00e0? Uno Scaldacollo, Un Impegno"},"content":{"rendered":"<h3><img loading=\"lazy\" decoding=\"async\" class=\"size-thumbnail wp-image-28036 alignleft\" src=\"https:\/\/organizzazione.cai.it\/commissione-centrale-tutela-ambiente-montano\/wp-content\/uploads\/sites\/85\/2024\/11\/Rosalia_alpina.jpg\" alt=\"- CAI\" width=\"150\" height=\"150\" title=\"\">Operatori TAM: Cosa possiamo fare per la Biodiversit\u00e0? Uno scaldacollo, un impegno<\/h3>\n<p style=\"text-align: justify;\">Il\u00a0<strong>territorio montano<\/strong>\u00a0\u00e8 ricco di piante e animali, di rocce e altre risorse naturali. Come operatori e soci siamo in grado di trasmettere l&#8217;importanza della biodiversit\u00e0 e far cogliere a chi cammina con noi questo importante aspetto che oggi \u00e8 sempre pi\u00f9 minacciato?<\/p>\n<hr id=\"system-readmore\" class=\"mceItemReadMore\" \/>\n<p>A questa domanda e ad altre hanno tentato di rispondere a Cimolais durante un corso di aggiornamento TAM sul tema della biodiversit\u00e0. E&#8217; stata l&#8217;occasione per approfondire la relazione fra cultura e natura. Si \u00e8 parlato di biodiversit\u00e0 e stabilit\u00e0 degli ecosistemi, di dinamiche antropologiche nelle aree alpine, del ruolo dei Parchi per la tutela del territorio, dell\u2019importanza della messa in rete degli enti di tutela e della normativa di riferimento<\/p>\n<p style=\"text-align: justify;\">Storia, tradizioni, economia delle terre alte, vale a dire di quei contenuti creati dall\u2019uomo nel tempo.Tante risorse che vanno a comporre il <strong>mosaico della biodiversit\u00e0<\/strong> del territorio montano. Alcune di queste risorse sono presenti solo in piccoli areali. In alcuni casi la loro presenza \u00e8 a rischio di scomparsa, sia per cause naturali come pure per effetto di interventi antropici. E la loro vitalit\u00e0 pu\u00f2 essere garantita solo attraverso<strong> azioni di tutela pianificate<\/strong>.<\/p>\n<p style=\"text-align: justify;\">Le <strong>aree protette<\/strong> nascono proprio con questo obiettivo: salvaguardare la biodiversit\u00e0 per garantire la stabilit\u00e0 degli ecosistemi, sostenendo azioni di valorizzazione territorio in tutte le sue dimensioni ambientali, economiche e sociali. Le aree protette sono, infatti, porzioni di territorio che la <strong>normativa<\/strong> (europea, nazionale, regionale) tutela per il loro particolare interesse naturalistico e storico-culturale, al fine di garantire la loro conservazione anche per le future generazioni e lo sviluppo sostenibile delle comunit\u00e0 locali.\u00a0Sono intervenuti:<\/p>\n<p>Dott. <strong>Graziano Danelin<\/strong>, Direttore del Parco Naturale Dolomiti Friulane<br \/>\nDott. <strong>Stefano Santi<\/strong>, Direttore del Parco Naturale Prealpi Giulie<br \/>\nDott.ssa. <strong>Marcella Morandini<\/strong>, Direttore della Fondazione Dolomiti UNESCO<br \/>\nProf. <strong>Dario Gasparo<\/strong>, ONC, CAI XXX Ottobre Trieste, vincitore del primo premio del Concorso Bidecalogo 2016<br \/>\nProf. <strong>Annibale Salsa<\/strong>, Antropologo, Presidente generale del Club Alpino Italiano dal 2004 al 2010<\/p>\n<p>La domenica con <strong>Moreno Baccichet<\/strong>, architetto del paesaggio si sono affrontati i temi dei delicati equilibri uomo-natura nei luoghi del disastro\u00a0 del Vajont.<\/p>\n<p style=\"text-align: center;\"><strong>\u00a0SCARICA MATERIALI DELLE RELAZIONI E FOTO DELL\u2019EVENTO<\/strong><\/p>\n<p style=\"text-align: center;\"><a href=\"https:\/\/archivio.cai.it\/wp-content\/uploads\/2020\/01\/1.-Lezioni-sabato.zip\" target=\"_blank\" rel=\"noopener\">1. Lezioni sabato<\/a>\u00a0\u2013\u00a0<a href=\"https:\/\/archivio.cai.it\/wp-content\/uploads\/2020\/01\/2.-Escursione-domenica-Baccichet.zip\" target=\"_blank\" rel=\"noopener\">2. Escursione domenica<\/a>\u00a0\u2013\u00a0<a href=\"https:\/\/archivio.cai.it\/wp-content\/uploads\/2020\/01\/3.-Foto.zip\" target=\"_blank\" rel=\"noopener\">3. Foto\u00a0<\/a><\/p>\n<p style=\"text-align: center;\">LINK MATERIALI PRE-EVENTO:\u00a0\u00a0\u00a0<a title=\"Programma\" href=\"https:\/\/archivio.cai.it\/wp-content\/uploads\/2020\/01\/2017_AggTAM_Programma.pdf\" target=\"_blank\" rel=\"noopener\">Programma<\/a>\u00a0 \u00a0&gt;&gt;\u00a0<a title=\"ModIscrizAgg2017VFG\" href=\"https:\/\/archivio.cai.it\/wp-content\/uploads\/2020\/01\/2017_AggTAM_ModIscrizioneN.pdf\" target=\"_blank\" rel=\"noopener noreferrer\" data-btarget=\"_blank\" data-b>Modulo di iscrizione<\/a>\u00a0\u00a0&gt;&gt;\u00a0<a title=\"Google_viaRoma-Cimolais\" href=\"https:\/\/goo.gl\/maps\/xDjtSNqyfL42\" target=\"_blank\" rel=\"noopener noreferrer\" data-btarget=\"_blank\" data-b>Sede del corso<\/a>\u00a0\u00a0&gt;&gt;\u00a0<a title=\"Relazione conclusiva\" href=\"https:\/\/archivio.cai.it\/wp-content\/uploads\/2020\/01\/2017_10_07_08_relazione_conclusiva_corso.pdf\" target=\"_blank\" rel=\"noopener noreferrer\" data-btarget=\"_blank\" data-b>Relazione conclusiva<\/a><\/p>\n<h1 style=\"text-align: center;\">LO SCALDACOLLO PER L&#8217;OPERATORE TAM<\/h1>\n<p>Durante l&#8217;incontro la Commissione Centrale TAM ha distribuito uno scaldacollo con un messaggio personalizzato che rappresenta l&#8217;impegno che ogni operatore si \u00e8 preso per promuovere la conoscenza e la difesa della biodiversit\u00e0. Per informazioni in merito \u00e8 possibile contattare Valeria Ferioli (ref.te CCTAM per Biodiversit\u00e0) alla mail <a href=\"mailto:v.ferioli@gmail.com\">v.ferioli@gmail.com<\/a>.<\/p>\n<p style=\"text-align: center;\"><img loading=\"lazy\" decoding=\"async\" class=\"alignnone size-600 wp-image-28037\" src=\"https:\/\/organizzazione.cai.it\/commissione-centrale-tutela-ambiente-montano\/wp-content\/uploads\/sites\/85\/2024\/11\/scaldacollo.jpg\" alt=\"- CAI\" width=\"600\" height=\"450\" title=\"\"><\/p>\n","protected":false},"excerpt":{"rendered":"<p>Operatori TAM: Cosa possiamo fare per la Biodiversit\u00e0? Uno scaldacollo, un impegno Il\u00a0territorio montano\u00a0\u00e8 ricco di piante e animali, di rocce e altre risorse naturali. Come operatori e soci siamo [&hellip;]<\/p>\n","protected":false},"author":1,"featured_media":36,"comment_status":"closed","ping_status":"open","sticky":false,"template":"","format":"standard","meta":{"footnotes":""},"categories":[6],"tags":[34,19,18],"_links":{"self":[{"href":"https:\/\/organizzazione.cai.it\/commissione-centrale-tutela-ambiente-montano\/wp-json\/wp\/v2\/posts\/1759"}],"collection":[{"href":"https:\/\/organizzazione.cai.it\/commissione-centrale-tutela-ambiente-montano\/wp-json\/wp\/v2\/posts"}],"about":[{"href":"https:\/\/organizzazione.cai.it\/commissione-centrale-tutela-ambiente-montano\/wp-json\/wp\/v2\/types\/post"}],"author":[{"embeddable":true,"href":"https:\/\/organizzazione.cai.it\/commissione-centrale-tutela-ambiente-montano\/wp-json\/wp\/v2\/users\/1"}],"replies":[{"embeddable":true,"href":"https:\/\/organizzazione.cai.it\/commissione-centrale-tutela-ambiente-montano\/wp-json\/wp\/v2\/comments?post=1759"}],"version-history":[{"count":2,"href":"https:\/\/organizzazione.cai.it\/commissione-centrale-tutela-ambiente-montano\/wp-json\/wp\/v2\/posts\/1759\/revisions"}],"predecessor-version":[{"id":1985,"href":"https:\/\/organizzazione.cai.it\/commissione-centrale-tutela-ambiente-montano\/wp-json\/wp\/v2\/posts\/1759\/revisions\/1985"}],"wp:featuredmedia":[{"embeddable":true,"href":"https:\/\/organizzazione.cai.it\/commissione-centrale-tutela-ambiente-montano\/wp-json\/wp\/v2\/media\/36"}],"wp:attachment":[{"href":"https:\/\/organizzazione.cai.it\/commissione-centrale-tutela-ambiente-montano\/wp-json\/wp\/v2\/media?parent=1759"}],"wp:term":[{"taxonomy":"category","embeddable":true,"href":"https:\/\/organizzazione.cai.it\/commissione-centrale-tutela-ambiente-montano\/wp-json\/wp\/v2\/categories?post=1759"},{"taxonomy":"post_tag","embeddable":true,"href":"https:\/\/organizzazione.cai.it\/commissione-centrale-tutela-ambiente-montano\/wp-json\/wp\/v2\/tags?post=1759"}],"curies":[{"name":"wp","href":"https:\/\/api.w.org\/{rel}","templated":true}]}}