{"id":1768,"date":"2020-01-07T09:58:04","date_gmt":"2020-01-07T09:58:04","guid":{"rendered":"https:\/\/organizzazione.cai.it\/commissione-centrale-tutela-ambiente-montano\/2020\/01\/sat-cai-e-lalpenverein-sudtirol-no-a-nuovi-impianti-in-marmolada\/"},"modified":"2024-11-29T12:27:19","modified_gmt":"2024-11-29T12:27:19","slug":"sat-cai-e-lalpenverein-sudtirol-no-a-nuovi-impianti-in-marmolada","status":"publish","type":"post","link":"https:\/\/organizzazione.cai.it\/commissione-centrale-tutela-ambiente-montano\/2020\/01\/sat-cai-e-lalpenverein-sudtirol-no-a-nuovi-impianti-in-marmolada\/","title":{"rendered":"Sat, Cai E L&#8217;alpenverein S\u00fcdtirol: No A Nuovi Impianti In Marmolada"},"content":{"rendered":"<h1>\u00a0<img loading=\"lazy\" decoding=\"async\" class=\"size-thumbnail wp-image-28011 alignleft\" src=\"https:\/\/organizzazione.cai.it\/commissione-centrale-tutela-ambiente-montano\/wp-content\/uploads\/sites\/85\/2024\/11\/2016_01_29_marmolada_grande.jpg\" alt=\"- CAI\" width=\"150\" height=\"150\" title=\"\">19 gennaio 2016 &#8211; Sat, Cai e l&#8217;Alpenverein S\u00fcdtirol: No a nuovi impianti in Marmolada<\/h1>\n<p>I presidenti della SAT (Bassetti) e del CAI FVG (Zambon):\u00a0a rischio la permanenza nell&#8217;Unesco. Il giorno 19 gennaio 2016 si \u00a0\u00e8 tenuta\u00a0nella sede centrale di \u00a0SAT la conferenza stampa sulla Marmolada.<\/p>\n<div>Erano presenti gli esponenti\u00a0della SAT, con il\u00a0presidente Claudio Bassetti, ed\u00a0Antonio Zambon, presidente del CAI Friuli Venezia Giulia.<\/div>\n<div>La conferenza si \u00e8 tenuta alla presenza delle testate provinciali L&#8217;Adige, Il Trentino, Il Corriere del Trentino dell&#8217;edizione\u00a0locale del Corriere della sera e di\u00a0tutte le televisioni locali con la RAI che ha fatto riprese di carattere generale, in quanto l&#8217;intervista sar\u00e0 inserita in Ambiente Italia, che andr\u00e0 in onda sabato 6 febbraio intorno alle 13.<\/div>\n<div>In premessa sono stati letti\u00a0i messaggi dei Presidenti Simeoni, Carrer e Sartori ed \u00e8 stato sottolineato il carattere\u00a0collegiale\u00a0della\u00a0presa di posizione, espressa in un documento frutto della elaborazione congiunta dei TAM satino e veneto-friulano che hanno fornito un apporto decisivo.<\/div>\n<div>Si\u00a0sono spiegate le caratteristiche della Marmolada, i pronunciamenti, le raccomandazioni cogenti \u00a0che devono informare la gestione del bene, e la incoerenza della scelta della Provincia di Trento che sceglie una strada che pone forti criticit\u00e0.<\/div>\n<div>L&#8217;accento \u00e8 andato in particolare sulla assegnazione del riconoscimento Unesco\u00a0e sul fatto che tale assegnazione pu\u00f2 essere messa in discussione da scelte errate.<\/div>\n<div>Antonio Zambon ha sottolineato come le aree meno frequentate (in particolare le\u00a0Dolomiti Friulane) godono del traino Unesco esercitato da siti pi\u00f9 noti e che la messa in discussione del patrimonio mondiale avrebbe effetti negativi proprio sulle zone meno turistiche, meno avvantaggiate, dentro e fuori dai siti riconosciuti.<\/div>\n<h3>La dichiarazione del Presidente del CAI Veneto (Carrer)<\/h3>\n<p>Il CAI del Veneto \u00e8 al fianco della SAT e degli altri Club Alpini della Regione Dolomitica (CARD) nel sostenere di fronte alla stampa e, di conseguenza, all&#8217;opinione pubblica intera quali siano i convincimenti delle nostre associazioni che, fatti i debiti calcoli, rappresentano oltre 150.000 associati. Desideriamo manifestare le pi\u00f9 vive preoccupazioni circa l&#8217;evidente incompatibilit\u00e0 tra piani di sviluppo turistico con incremento degli impianti e delle strutture di servizio a fronte del riconoscimento UNESCO e dell&#8217;impegno di preservazione dell&#8217;integrit\u00e0 di un patrimonio di valenza mondiale. Il giudizio di contrariet\u00e0 a tale contraddittoria e deleteria pianificazione, gi\u00e0 espresso ufficialmente alle Province di Trento e Belluno ed alla Fondazione Dolomiti UNESCO con apposita comunicazione di fine anno 2015, va ribadito con la massima fermezza e determinazione.<\/p>\n<p><img loading=\"lazy\" decoding=\"async\" class=\"alignnone wp-image-27897\" src=\"https:\/\/organizzazione.cai.it\/commissione-centrale-tutela-ambiente-montano\/wp-content\/uploads\/sites\/85\/2024\/11\/link.png\" alt=\"- CAI\" width=\"33\" height=\"33\" title=\"\">\u00a0<a title=\"ArticoloLAdige\" href=\"http:\/\/www.ladige.it\/news\/cronaca\/2016\/01\/29\/sat-cai-alpen-verein-contro-nuovi-impianti-marmolada\" target=\"_blank\" rel=\"alternate noopener noreferrer\">Articolo L&#8217;Adige.it<\/a><\/p>\n<p><a title=\"ArticoloLAdige\" href=\"http:\/\/www.ladige.it\/news\/cronaca\/2016\/01\/29\/sat-cai-alpen-verein-contro-nuovi-impianti-marmolada\" target=\"_blank\" rel=\"alternate noopener noreferrer\"><img loading=\"lazy\" decoding=\"async\" class=\"alignnone size-full wp-image-27808\" src=\"https:\/\/organizzazione.cai.it\/commissione-centrale-tutela-ambiente-montano\/wp-content\/uploads\/sites\/85\/2024\/11\/pdf-1.png\" alt=\"- CAI\" width=\"24\" height=\"24\" title=\"\"><\/a>\u00a0<a title=\"20160129_ComStampaImpiantiMarmolada\" href=\"https:\/\/organizzazione.cai.it\/commissione-centrale-tutela-ambiente-montano\/wp-content\/uploads\/sites\/85\/2024\/11\/2016gen29_comStampa_MarmoladaCAITriven.pdf\" target=\"_blank\" rel=\"alternate noopener noreferrer\">Comunicato stampa<\/a><\/p>\n","protected":false},"excerpt":{"rendered":"<p>\u00a019 gennaio 2016 &#8211; Sat, Cai e l&#8217;Alpenverein S\u00fcdtirol: No a nuovi impianti in Marmolada I presidenti della SAT (Bassetti) e del CAI FVG (Zambon):\u00a0a rischio la permanenza nell&#8217;Unesco. Il [&hellip;]<\/p>\n","protected":false},"author":1,"featured_media":1652,"comment_status":"closed","ping_status":"open","sticky":false,"template":"","format":"standard","meta":{"footnotes":""},"categories":[6],"tags":[34,19,18],"_links":{"self":[{"href":"https:\/\/organizzazione.cai.it\/commissione-centrale-tutela-ambiente-montano\/wp-json\/wp\/v2\/posts\/1768"}],"collection":[{"href":"https:\/\/organizzazione.cai.it\/commissione-centrale-tutela-ambiente-montano\/wp-json\/wp\/v2\/posts"}],"about":[{"href":"https:\/\/organizzazione.cai.it\/commissione-centrale-tutela-ambiente-montano\/wp-json\/wp\/v2\/types\/post"}],"author":[{"embeddable":true,"href":"https:\/\/organizzazione.cai.it\/commissione-centrale-tutela-ambiente-montano\/wp-json\/wp\/v2\/users\/1"}],"replies":[{"embeddable":true,"href":"https:\/\/organizzazione.cai.it\/commissione-centrale-tutela-ambiente-montano\/wp-json\/wp\/v2\/comments?post=1768"}],"version-history":[{"count":1,"href":"https:\/\/organizzazione.cai.it\/commissione-centrale-tutela-ambiente-montano\/wp-json\/wp\/v2\/posts\/1768\/revisions"}],"predecessor-version":[{"id":1769,"href":"https:\/\/organizzazione.cai.it\/commissione-centrale-tutela-ambiente-montano\/wp-json\/wp\/v2\/posts\/1768\/revisions\/1769"}],"wp:featuredmedia":[{"embeddable":true,"href":"https:\/\/organizzazione.cai.it\/commissione-centrale-tutela-ambiente-montano\/wp-json\/wp\/v2\/media\/1652"}],"wp:attachment":[{"href":"https:\/\/organizzazione.cai.it\/commissione-centrale-tutela-ambiente-montano\/wp-json\/wp\/v2\/media?parent=1768"}],"wp:term":[{"taxonomy":"category","embeddable":true,"href":"https:\/\/organizzazione.cai.it\/commissione-centrale-tutela-ambiente-montano\/wp-json\/wp\/v2\/categories?post=1768"},{"taxonomy":"post_tag","embeddable":true,"href":"https:\/\/organizzazione.cai.it\/commissione-centrale-tutela-ambiente-montano\/wp-json\/wp\/v2\/tags?post=1768"}],"curies":[{"name":"wp","href":"https:\/\/api.w.org\/{rel}","templated":true}]}}