{"id":1771,"date":"2020-01-07T10:12:35","date_gmt":"2020-01-07T10:12:35","guid":{"rendered":"https:\/\/organizzazione.cai.it\/commissione-centrale-tutela-ambiente-montano\/2020\/01\/progetto-cai-tam-vivere-lambiente-programma-2016\/"},"modified":"2024-11-29T12:27:21","modified_gmt":"2024-11-29T12:27:21","slug":"progetto-cai-tam-vivere-lambiente-programma-2016","status":"publish","type":"post","link":"https:\/\/organizzazione.cai.it\/commissione-centrale-tutela-ambiente-montano\/2020\/01\/progetto-cai-tam-vivere-lambiente-programma-2016\/","title":{"rendered":"Progetto Cai Tam \u201cvivere L&#8217;ambiente\u201d: Programma 2016"},"content":{"rendered":"<h3><img loading=\"lazy\" decoding=\"async\" class=\"size-full wp-image-28008 alignleft\" src=\"https:\/\/organizzazione.cai.it\/commissione-centrale-tutela-ambiente-montano\/wp-content\/uploads\/sites\/85\/2024\/11\/2016_vivere_l_ambienre.jpg\" alt=\"- CAI\" width=\"110\" height=\"76\" title=\"\">Progetto CAI TAM \u201cVivere l&#8217;ambiente\u201d: programma per l&#8217;anno 2016<\/h3>\n<p>E&#8217; disponibile il programma 2016 di <strong>\u201cVivere l&#8217;ambiente\u201d<\/strong>, attivit\u00e0\u00a0 organizzata da <strong>un coordinamento di\u00a0Operatori Tutela ambiente montano di varie sezioni CAI del Veneto<\/strong>. Il 2016 sar\u00e0 il <strong>20\u00b0 anno di attivit\u00e0 del progetto \u201cVivere l&#8217;ambiente\u201d<\/strong> (interrotta dal 1997) e per questo \u00e8 stato realizzato un programma speciale che comprende 4 serate e 14 uscite.<\/p>\n<hr id=\"system-readmore\" class=\"mceItemReadMore\" \/>\n<p>Il titolo dell&#8217;edizione 2016 \u00e8 \u201cCamminare nella storia sentieri e percorsi del passato\u201d: gli appuntamenti sono in programma da gennaio a dicembre in diverse regioni italiane. La prima uscita si terr\u00e0 il <strong>24 gennaio<\/strong>. Il filo conduttore saranno <strong>le strade, i percorsi storici, i sentieri dove si sono mosse le genti, le merci e le idee.<\/strong> Si tratta di un tema assai caro agli organizzatori.<\/p>\n<p>Nelle escursioni saranno percorsi vecchi o antichi tragitti per scoprire che <strong>il reticolo di sentieri su cui ci muoviamo \u00e8 la traccia tangibile della miriade di passi di chi prima di noi andava per monti per necessit\u00e0 e non per piacere. <\/strong>Questo tema offrir\u00e0 anche l\u2019opportunit\u00e0 di <strong>approfondire vicende storiche, momenti di splendore e momenti di abbandono di certi percorsi<\/strong> che furono fulcro della viabilit\u00e0 di tempi passati e anche di esplorare itinerari non ancora percorsi in questi 20 anni di attivit\u00e0. L&#8217;obiettivo \u00e8 quello di ricercare<strong> il valore culturale che questi segni dell\u2019uomo, destinati inesorabilmente a scomparire, possono tramandarci.<\/strong><\/p>\n<p>In allegato il volantino con il programma completo 2016:\u00a0<span style=\"color: #0000ff\"><a style=\"color: #0000ff\" title=\"ProgVivereAmb2016\" href=\"https:\/\/organizzazione.cai.it\/commissione-centrale-tutela-ambiente-montano\/wp-content\/uploads\/sites\/85\/2024\/11\/PieghevoleVLA2016.pdf\" target=\"_blank\" rel=\"alternate noopener noreferrer\">Programma VLA 2016<\/a><\/span><\/p>\n<p>In\u00a0allegato i volantini con il programma dettagliato delle uscite:<\/p>\n<p>5 aprile 2016 &#8211; Progetto CAI &#8211; TAM Vivere l&#8217;ambiente 2016: a Mestre una serata sulle strade romane in territorio veneto<\/p>\n<p><span style=\"color: #0000ff\">Seconda uscita del 28 febbraio<\/span><\/p>\n<p><span style=\"color: #0000ff\"><a style=\"color: #0000ff\" title=\"VLA20160124_Piovega\" href=\"https:\/\/organizzazione.cai.it\/commissione-centrale-tutela-ambiente-montano\/wp-content\/uploads\/sites\/85\/2024\/11\/VLA2016_U1_PIOVEGA.pdf\" target=\"_blank\" rel=\"alternate noopener noreferrer\">24 gennaio &#8211; La strada della Piovega<\/a><\/span><\/p>\n<p><span style=\"color: #0000ff\"><a style=\"color: #0000ff\" title=\"VLA20160228_Patriarca\" href=\"https:\/\/organizzazione.cai.it\/commissione-centrale-tutela-ambiente-montano\/wp-content\/uploads\/sites\/85\/2024\/11\/VLA2016_U2_Strada_Patriarca.pdf\" target=\"_blank\" rel=\"alternate noopener noreferrer\">28 febbraio &#8211; La strada del Patriarca<\/a><\/span><\/p>\n","protected":false},"excerpt":{"rendered":"<p>Progetto CAI TAM \u201cVivere l&#8217;ambiente\u201d: programma per l&#8217;anno 2016 E&#8217; disponibile il programma 2016 di \u201cVivere l&#8217;ambiente\u201d, attivit\u00e0\u00a0 organizzata da un coordinamento di\u00a0Operatori Tutela ambiente montano di varie sezioni CAI [&hellip;]<\/p>\n","protected":false},"author":1,"featured_media":36,"comment_status":"closed","ping_status":"open","sticky":false,"template":"","format":"standard","meta":{"footnotes":""},"categories":[6],"tags":[34,19,18],"_links":{"self":[{"href":"https:\/\/organizzazione.cai.it\/commissione-centrale-tutela-ambiente-montano\/wp-json\/wp\/v2\/posts\/1771"}],"collection":[{"href":"https:\/\/organizzazione.cai.it\/commissione-centrale-tutela-ambiente-montano\/wp-json\/wp\/v2\/posts"}],"about":[{"href":"https:\/\/organizzazione.cai.it\/commissione-centrale-tutela-ambiente-montano\/wp-json\/wp\/v2\/types\/post"}],"author":[{"embeddable":true,"href":"https:\/\/organizzazione.cai.it\/commissione-centrale-tutela-ambiente-montano\/wp-json\/wp\/v2\/users\/1"}],"replies":[{"embeddable":true,"href":"https:\/\/organizzazione.cai.it\/commissione-centrale-tutela-ambiente-montano\/wp-json\/wp\/v2\/comments?post=1771"}],"version-history":[{"count":1,"href":"https:\/\/organizzazione.cai.it\/commissione-centrale-tutela-ambiente-montano\/wp-json\/wp\/v2\/posts\/1771\/revisions"}],"predecessor-version":[{"id":1772,"href":"https:\/\/organizzazione.cai.it\/commissione-centrale-tutela-ambiente-montano\/wp-json\/wp\/v2\/posts\/1771\/revisions\/1772"}],"wp:featuredmedia":[{"embeddable":true,"href":"https:\/\/organizzazione.cai.it\/commissione-centrale-tutela-ambiente-montano\/wp-json\/wp\/v2\/media\/36"}],"wp:attachment":[{"href":"https:\/\/organizzazione.cai.it\/commissione-centrale-tutela-ambiente-montano\/wp-json\/wp\/v2\/media?parent=1771"}],"wp:term":[{"taxonomy":"category","embeddable":true,"href":"https:\/\/organizzazione.cai.it\/commissione-centrale-tutela-ambiente-montano\/wp-json\/wp\/v2\/categories?post=1771"},{"taxonomy":"post_tag","embeddable":true,"href":"https:\/\/organizzazione.cai.it\/commissione-centrale-tutela-ambiente-montano\/wp-json\/wp\/v2\/tags?post=1771"}],"curies":[{"name":"wp","href":"https:\/\/api.w.org\/{rel}","templated":true}]}}