{"id":1780,"date":"2020-01-07T09:02:46","date_gmt":"2020-01-07T09:02:46","guid":{"rendered":"https:\/\/organizzazione.cai.it\/commissione-centrale-tutela-ambiente-montano\/2020\/01\/escursione-tam-lazio-del-20-09-2015-a-leonessa\/"},"modified":"2024-11-29T12:27:29","modified_gmt":"2024-11-29T12:27:29","slug":"escursione-tam-lazio-del-20-09-2015-a-leonessa","status":"publish","type":"post","link":"https:\/\/organizzazione.cai.it\/commissione-centrale-tutela-ambiente-montano\/2020\/01\/escursione-tam-lazio-del-20-09-2015-a-leonessa\/","title":{"rendered":"Escursione Tam Lazio Del 20\/09\/2015 A Leonessa"},"content":{"rendered":"<p>LA TAM SI E\u2019 SOLTANTO POSTA IL PROBLEMA\u2026<\/p>\n<p style=\"text-align: justify\">Domenica 20 settembre, circa 70 soci appartenenti a 12 Sezioni CAI, si sono incontrati a Leonessa (RI), pittoresca cittadina posta alle pendici del Monte Terminillo, per la seconda escursione promossa dalla Commissione TAM della Regione Lazio del Club Alpino Italiano e messa in calendario\u00a0sin dall\u2019autunno 2014.<\/p>\n<p style=\"text-align: justify\">Lo scopo, analogamente a quanto fatto nell&#8217;escursione dello scorso\u00a0luglio, era quello di sensibilizzare\u00a0i nuovi titolati regionali, cos\u00ec come i soci CAI partecipanti, verso alcuni problemi che affliggono le nostre montagne. In particolare il fine dell\u2019escursione settembrina era quello di mettere in risalto il danno prodotto sui sentieri di montagna dal transito di mezzi motorizzati.<\/p>\n<p style=\"text-align: justify\">Ma raccontiamo l\u2019escursione: il gruppo, radunatosi all\u2019incontro prestabilito presso Porta Spoletina, viene a conoscenza dell\u2019ordinanza del Sindaco, emanata la sera precedente, che inibisce al transito motorizzato la Strada Provinciale SP10, di collegamento fra Leonessa e Terminillo.<\/p>\n<p style=\"text-align: justify\">Le forze dell\u2019ordine spiegano ai partecipanti che tale misura restrittiva si \u00e8 resa necessaria in quanto gli organizzatori del raduno motociclistico (Motocavalcata di Leonessa) e gli amministratori locali hanno ritenuto l\u2019escursione TAM organizzata col fine unico di ostacolare la manifestazione motoristica. Nella realt\u00e0 la Commissione TAM, pi\u00f9 di un anno fa, si \u00e8 semplicemente posta il problema di mostrare\u00a0ai propri Soci come restano vive nel terreno le ferite inflitte dalle pesanti ruote tassellate delle moto da enduro e come quei luoghi rimangono fortemente segnati anche a distanza di tempo.<br \/>\nPertanto, armato da intenzioni positive, il gruppo ha deciso di perseguire il proprio proposito didattico. Dopo un breve spostamento in macchina, ha intrapreso l\u2019escursione lungo la SP 10, percorrendo circa 3 km di asfalto fino all\u2019inizio del Vallone del Rio Fuggio.<\/p>\n<p style=\"text-align: justify\">La bellezza degli scenari del SIC IT 6020006 \u201cVallone del Rio Fuggio\u201d che si sono svelati dinanzi agli occhi dei partecipanti ha fatto dimenticare al gruppo la strada percorsa ed il senso di fastidio per essere stati considerati\u00a0dei potenziali eversivi in grado di mettere a rischio l&#8217;ordine pubblico.<\/p>\n<p style=\"text-align: justify\">Uno splendido inizio di escursione, con variet\u00e0 vegetali e animali tipiche della regione appenninica, quali \u201cFaggeti degli Appennini a Taxus e Ilex (tasso ed agrifoglio), \u201cFormazioni erbose calcicole alpine subalpine\u201d, ma anche \u201cSorgenti pietrificanti con formazioni di travertino\u201d.<br \/>\nDopo aver percorso quasi per intero il Vallone del Rio Fuggio, l\u2019escursione \u00e8 proseguita costeggiando i monti Versanello e la piana di San Bartolomeo, fino al Passo del Lupo, ridiscendendo poi per la Vallorgano.<\/p>\n<p style=\"text-align: justify\">Nel tragitto percorso i partecipanti si sono imbattuti con un pezzo di storia che caratterizza molte delle nostre montagne: i \u201ccippi\u201d o colonnette di confine, ovvero delle colonne che delimitano l\u2019antico confine tra il Regno delle Due Sicilie e lo Stato Pontificio.<\/p>\n<p style=\"text-align: justify\">La realt\u00e0 degli intenti e la correttezza dei partecipanti ha dimostrato ingiustificate le paure dell\u2019amministrazione locale che immaginava i soci CAI (nella maggior parte tranquilli signore\/i di mezza et\u00e0) come degli hooligans, pronti a mettere in opera qualche azione di ritorsione nei confronti dei motociclisti.<br \/>\nIn diverse occasioni i soci CAI si sono imbattuti nei motociclisti accorsi alla motocavalcata e in ognuna di esse si sono ordinatamente disposti sui lati del sentiero per permettere il passaggio delle moto, con anche inattesi scambi di saluti, confermando ancora una volta la natura squisitamente didattica dell\u2019escursione TAM.<\/p>\n<p style=\"text-align: justify\">\u00a0<img loading=\"lazy\" decoding=\"async\" class=\"alignnone size-thumbnail wp-image-27977\" src=\"https:\/\/organizzazione.cai.it\/commissione-centrale-tutela-ambiente-montano\/wp-content\/uploads\/sites\/85\/2024\/11\/pic26.jpg\" alt=\"- CAI\" width=\"150\" height=\"150\" title=\"\"><\/p>\n<p style=\"text-align: justify\">I soci sanno bene quale sia la posizione del CAI circa l\u2019utilizzo dei sentieri: divieto assoluto di esercitare il turismo motorizzato quale 4&#215;4, quad, enduro, trial, etc. su mulattiere, sentieri e fuori dai tracciati appositamente autorizzati, per il rispetto dell\u2019ambiente ed al fine di evitare fenomeni di dissesto e garantire la sicurezza degli utenti; questo non comporta per\u00f2 che i titolati TAM debbano tentare di bloccare in qualsiasi modo lo svolgimento di un raduno motoristico.<\/p>\n<p style=\"text-align: justify\">La TAM si \u00e8 solamente posta il problema\u2026 del resto l&#8217;uso di mezzi motorizzati sui sentieri di montagna \u00e8 sempre pi\u00f9 diffuso nonostante le denunce e le prese di posizione fatte dalle associazioni ambientaliste; escursioni mirate come quella di domenica costituiscono un opera di sensibilizzazione e di educazione ambientale per i soci e di confronto con chi ha interessi contrapposti e nel tempo potrebbero portare a trovare INSIEME il modo di coesistere, scevri da ogni pregiudizio.<\/p>\n<p style=\"text-align: right\">Monica Festuccia<\/p>\n<p style=\"text-align: left\"><a title=\"Escursione TAM Leonessa 20\/09\/2015\" href=\"https:\/\/picasaweb.google.com\/115646600644526667125\/EscursioneTAMLazioLeonessaDel20092015?authuser=0&amp;feat=directlink\" target=\"_blank\" rel=\"alternate noopener noreferrer\">Alcune foto della giornata<\/a><\/p>\n<p style=\"text-align: left\"><a title=\"Relazione di Daniele Boninsegni (ONTAM)\" href=\"https:\/\/organizzazione.cai.it\/commissione-centrale-tutela-ambiente-montano\/wp-content\/uploads\/sites\/85\/2024\/11\/2016.12.11-ARTICOLO-GIORNATA-MONTAGNE-1.docx\" target=\"_blank\" rel=\"alternate noopener noreferrer\" download>Relazione di Daniele Boninsegni (ONTAM)<\/a><\/p>\n","protected":false},"excerpt":{"rendered":"<p>LA TAM SI E\u2019 SOLTANTO POSTA IL PROBLEMA\u2026 Domenica 20 settembre, circa 70 soci appartenenti a 12 Sezioni CAI, si sono incontrati a Leonessa (RI), pittoresca cittadina posta alle pendici [&hellip;]<\/p>\n","protected":false},"author":1,"featured_media":36,"comment_status":"closed","ping_status":"open","sticky":false,"template":"","format":"standard","meta":{"footnotes":""},"categories":[6],"tags":[19,36,18],"_links":{"self":[{"href":"https:\/\/organizzazione.cai.it\/commissione-centrale-tutela-ambiente-montano\/wp-json\/wp\/v2\/posts\/1780"}],"collection":[{"href":"https:\/\/organizzazione.cai.it\/commissione-centrale-tutela-ambiente-montano\/wp-json\/wp\/v2\/posts"}],"about":[{"href":"https:\/\/organizzazione.cai.it\/commissione-centrale-tutela-ambiente-montano\/wp-json\/wp\/v2\/types\/post"}],"author":[{"embeddable":true,"href":"https:\/\/organizzazione.cai.it\/commissione-centrale-tutela-ambiente-montano\/wp-json\/wp\/v2\/users\/1"}],"replies":[{"embeddable":true,"href":"https:\/\/organizzazione.cai.it\/commissione-centrale-tutela-ambiente-montano\/wp-json\/wp\/v2\/comments?post=1780"}],"version-history":[{"count":1,"href":"https:\/\/organizzazione.cai.it\/commissione-centrale-tutela-ambiente-montano\/wp-json\/wp\/v2\/posts\/1780\/revisions"}],"predecessor-version":[{"id":1781,"href":"https:\/\/organizzazione.cai.it\/commissione-centrale-tutela-ambiente-montano\/wp-json\/wp\/v2\/posts\/1780\/revisions\/1781"}],"wp:featuredmedia":[{"embeddable":true,"href":"https:\/\/organizzazione.cai.it\/commissione-centrale-tutela-ambiente-montano\/wp-json\/wp\/v2\/media\/36"}],"wp:attachment":[{"href":"https:\/\/organizzazione.cai.it\/commissione-centrale-tutela-ambiente-montano\/wp-json\/wp\/v2\/media?parent=1780"}],"wp:term":[{"taxonomy":"category","embeddable":true,"href":"https:\/\/organizzazione.cai.it\/commissione-centrale-tutela-ambiente-montano\/wp-json\/wp\/v2\/categories?post=1780"},{"taxonomy":"post_tag","embeddable":true,"href":"https:\/\/organizzazione.cai.it\/commissione-centrale-tutela-ambiente-montano\/wp-json\/wp\/v2\/tags?post=1780"}],"curies":[{"name":"wp","href":"https:\/\/api.w.org\/{rel}","templated":true}]}}