{"id":1795,"date":"2020-01-07T08:11:58","date_gmt":"2020-01-07T08:11:58","guid":{"rendered":"https:\/\/organizzazione.cai.it\/commissione-centrale-tutela-ambiente-montano\/2020\/01\/pale-eoliche-in-appennino\/"},"modified":"2020-01-07T08:11:58","modified_gmt":"2020-01-07T08:11:58","slug":"pale-eoliche-in-appennino","status":"publish","type":"post","link":"https:\/\/organizzazione.cai.it\/commissione-centrale-tutela-ambiente-montano\/2020\/01\/pale-eoliche-in-appennino\/","title":{"rendered":"Pale Eoliche In Appennino"},"content":{"rendered":"<p>NESSUNO TOCCHI L\u2019APPENNINO!!!<\/p>\n<p>Eravamo qui nel 2008 e ora come allora diciamo NO alle 25 torri eoliche di 110 mt della Regione Marche a Monte Tolagna e Monte Trella<\/p>\n<p>Il progetto comporta una delle pi\u00f9 profonde trasformazioni antropiche che abbiano mai interessato il nostro Appennino umbro-marchigiano. Le torri saranno alte ciascuna piu\u2019 di un palazzo di 40 piani e ben visibili da ogni parte dell\u2019Appennino Centrale.<br \/>\nParagonabili alle trasformazioni operate in nome dello &#8220;sviluppo turistico&#8221; tra gli anni 60&#8242; e 70&#8242; ma, ora, vestite di verde in ossequio alla nuova religione della green economy.<br \/>\nL&#8217;area dove sorger\u00e0 il grande impianto colpisce per l&#8217;armonia del tipico paesaggio di questo settore di Appennino, per le praterie solitarie e silenziose che si aprono su orizzonti che ancora riesco ad evocare l&#8217;illusione di un pezzo di Italia miracolosamente scampato alla cementificazione e alla morsa asfissiante di infrastrutture e strutture tecnologiche.<br \/>\nL&#8217;area \u00e8 incastonata tra aree protette, (SIC e ZPS, Riserva di Torricchio, IParco Regionale di Colfiorito, Parco Nazionale dei Monti Sibillini).<br \/>\nE&#8217; luogo di migrazione di molti uccelli e habitat prioritario dell&#8217;aquila reale, del biancone, di molti altri uccelli di importanza comunitaria e del grifone, che molte segnalazioni ci fanno sperare che possa presto tornare a riprodursi anche da noi. E\u2019 ormai ben noto che molti uccelli vengono uccisi per collisione con le pale rotanti delle torri. L&#8217;impianto interromper\u00e0 questo miracolo, l&#8217;illusione di una vasta continuit\u00e0 ecologica e percettiva nel cuore dell&#8217;Italia svanir\u00e0 e per decine di chilometri, voltando lo sguardo verso questi monti, giganti d&#8217;acciao ci ricorderanno che le montagne non sono altro che supporti in attesa di essere &#8220;vantaggiosamente&#8221; sfruttati.<br \/>\nTrasformare qualcosa che riconosciamo come valore significa perdere quel valor<\/p>\n","protected":false},"excerpt":{"rendered":"<p>NESSUNO TOCCHI L\u2019APPENNINO!!! Eravamo qui nel 2008 e ora come allora diciamo NO alle 25 torri eoliche di 110 mt della Regione Marche a Monte Tolagna e Monte Trella Il [&hellip;]<\/p>\n","protected":false},"author":1,"featured_media":36,"comment_status":"closed","ping_status":"open","sticky":false,"template":"","format":"standard","meta":{"footnotes":""},"categories":[6],"tags":[38,19,18],"_links":{"self":[{"href":"https:\/\/organizzazione.cai.it\/commissione-centrale-tutela-ambiente-montano\/wp-json\/wp\/v2\/posts\/1795"}],"collection":[{"href":"https:\/\/organizzazione.cai.it\/commissione-centrale-tutela-ambiente-montano\/wp-json\/wp\/v2\/posts"}],"about":[{"href":"https:\/\/organizzazione.cai.it\/commissione-centrale-tutela-ambiente-montano\/wp-json\/wp\/v2\/types\/post"}],"author":[{"embeddable":true,"href":"https:\/\/organizzazione.cai.it\/commissione-centrale-tutela-ambiente-montano\/wp-json\/wp\/v2\/users\/1"}],"replies":[{"embeddable":true,"href":"https:\/\/organizzazione.cai.it\/commissione-centrale-tutela-ambiente-montano\/wp-json\/wp\/v2\/comments?post=1795"}],"version-history":[{"count":0,"href":"https:\/\/organizzazione.cai.it\/commissione-centrale-tutela-ambiente-montano\/wp-json\/wp\/v2\/posts\/1795\/revisions"}],"wp:featuredmedia":[{"embeddable":true,"href":"https:\/\/organizzazione.cai.it\/commissione-centrale-tutela-ambiente-montano\/wp-json\/wp\/v2\/media\/36"}],"wp:attachment":[{"href":"https:\/\/organizzazione.cai.it\/commissione-centrale-tutela-ambiente-montano\/wp-json\/wp\/v2\/media?parent=1795"}],"wp:term":[{"taxonomy":"category","embeddable":true,"href":"https:\/\/organizzazione.cai.it\/commissione-centrale-tutela-ambiente-montano\/wp-json\/wp\/v2\/categories?post=1795"},{"taxonomy":"post_tag","embeddable":true,"href":"https:\/\/organizzazione.cai.it\/commissione-centrale-tutela-ambiente-montano\/wp-json\/wp\/v2\/tags?post=1795"}],"curies":[{"name":"wp","href":"https:\/\/api.w.org\/{rel}","templated":true}]}}