{"id":1825,"date":"2020-01-07T14:23:36","date_gmt":"2020-01-07T14:23:36","guid":{"rendered":"https:\/\/organizzazione.cai.it\/commissione-centrale-tutela-ambiente-montano\/2020\/01\/attivita-anni-precedenti-marche-umbria\/"},"modified":"2020-01-07T14:23:36","modified_gmt":"2020-01-07T14:23:36","slug":"attivita-anni-precedenti-marche-umbria","status":"publish","type":"post","link":"https:\/\/organizzazione.cai.it\/commissione-centrale-tutela-ambiente-montano\/2020\/01\/attivita-anni-precedenti-marche-umbria\/","title":{"rendered":"Attivit\u00e0 Anni Precedenti Marche-umbria"},"content":{"rendered":"<h2>Iniziative 2018 CRTAM con CCTAM<strong><br \/>\n<\/strong><\/h2>\n<p style=\"text-align: justify\"><span style=\"font-size: 12pt\"><strong>Corso TAM &#8211; Corso ORTAM&#8230;..<\/strong><\/span> referente&#8230;&#8230;&#8230;&#8230;&#8230;email<\/p>\n<h2>Calendario eventi\/attivit\u00e0 2018 della CRTAM Marche-Umbria<\/h2>\n<table style=\"height: 21px;width: 85%\">\n<tbody>\n<tr>\n<td style=\"width: 120px\">Data<\/td>\n<td>Tipo evento + argomento<\/td>\n<td style=\"width: 120px\">Luogo<\/td>\n<td>Referente (E-mail)<\/td>\n<td>N. partecipenti<\/td>\n<\/tr>\n<tr>\n<td style=\"vertical-align: top\">21 ottobre 2018<\/td>\n<td style=\"vertical-align: top\"><a href=\"https:\/\/organizzazione.cai.it\/commissione-centrale-tutela-ambiente-montano\/wp-content\/uploads\/sites\/85\/2024\/11\/2018.10.21-Corso-ORTAM-ONC-Marche-Umbria-Comunicato-finale.pdf\" target=\"_blank\" rel=\"noopener\">Corso ORTAM-ONC Marche-Umbria-Comunicato finale<\/a><\/td>\n<td style=\"vertical-align: top\"><\/td>\n<td style=\"vertical-align: top\"><\/td>\n<td style=\"vertical-align: top\"><\/td>\n<\/tr>\n<tr>\n<td style=\"vertical-align: top\">20 \/ 21 ottobre 2018<\/td>\n<td style=\"vertical-align: top\"><a href=\"https:\/\/organizzazione.cai.it\/commissione-centrale-tutela-ambiente-montano\/wp-content\/uploads\/sites\/85\/2024\/11\/2018.10.20-Locandinna-Congresso-La-montagna-\u00e8.pdf\" target=\"_blank\" rel=\"noopener\">Congresso &#8220;La Montagna \u00e8&#8221; &#8211; 20- 21 ottobre 2018 &#8211; 2\u00b0 Congresso Nazionale CAI TAM 2018 LA MONTAGNA E&#8217; &#8230;<\/a><\/td>\n<td style=\"vertical-align: top\"><\/td>\n<td style=\"vertical-align: top\"><\/td>\n<td style=\"vertical-align: top\"><\/td>\n<\/tr>\n<tr>\n<td style=\"vertical-align: top\">24 al 29 settembre 2018<\/td>\n<td style=\"vertical-align: top\"><a href=\"https:\/\/organizzazione.cai.it\/commissione-centrale-tutela-ambiente-montano\/wp-content\/uploads\/sites\/85\/2024\/11\/2018.09.24-29-Umbria-MONTINCITTA-2018.pdf\" target=\"_blank\" rel=\"noopener\">Iniziativa Montincitt\u00e0 che si svolger\u00e0 dal p.v. a Citt\u00e0 di Castello<\/a><\/td>\n<td style=\"vertical-align: top\">Castello<\/td>\n<td style=\"vertical-align: top\"><\/td>\n<td style=\"vertical-align: top\"><\/td>\n<\/tr>\n<tr>\n<td style=\"vertical-align: top\">24 marzo \/ 6 maggio 2018<\/td>\n<td style=\"vertical-align: top\"><a title=\"24 marzo 2018 - Convegno Toscana Aree Carsiche\" href=\"https:\/\/organizzazione.cai.it\/commissione-centrale-tutela-ambiente-montano\/wp-content\/uploads\/sites\/85\/2024\/11\/2018.03.24-31-Umbria-Cai-Gualdo-Tadino-Acqua-Programma-Montagne-in-Movimento-2018.jpg\">Umbria Cai Gualdo Tadino Acqua Programma Montagne in Movimento 2018<\/a><\/td>\n<td style=\"vertical-align: top\"><\/td>\n<td style=\"vertical-align: top\"><\/td>\n<td style=\"vertical-align: top\"><\/td>\n<\/tr>\n<tr>\n<td style=\"vertical-align: top\">24 marzo 2018<\/td>\n<td style=\"vertical-align: top\"><a title=\"24 marzo 2018 - Umbria Cai Gualdo Tadino LOCANDINA CONFERENZA\" href=\"https:\/\/organizzazione.cai.it\/commissione-centrale-tutela-ambiente-montano\/wp-content\/uploads\/sites\/85\/2024\/11\/2018.03.24-Umbria-Cai-Gualdo-Tadino-LOCANDINA-CONFERENZA.jpg\">Umbria Cai Gualdo Tadino LOCANDINA CONFERENZA<\/a><\/td>\n<td style=\"vertical-align: top\"><\/td>\n<td style=\"vertical-align: top\"><\/td>\n<td style=\"vertical-align: top\"><\/td>\n<\/tr>\n<tr>\n<td style=\"vertical-align: top\">22 marzo 2018<\/td>\n<td style=\"vertical-align: top\"><a href=\"https:\/\/organizzazione.cai.it\/commissione-centrale-tutela-ambiente-montano\/wp-content\/uploads\/sites\/85\/2024\/11\/2018.03.22-Gruppo-Seniores-Mario-Gatti-Gruppo-TAM-della-Sezione-di-Perugia-Giornata-delle-Acque.pdf\" target=\"_blank\" rel=\"noopener\">Giornata delle Acque<\/a><\/td>\n<td style=\"vertical-align: top\">Selva di malano &#8211; CAI Umbria<\/td>\n<td style=\"vertical-align: top\"><\/td>\n<td style=\"vertical-align: top\"><\/td>\n<\/tr>\n<tr>\n<td style=\"vertical-align: top\">22 marzo 2018<\/td>\n<td style=\"vertical-align: top\"><a href=\"https:\/\/organizzazione.cai.it\/commissione-centrale-tutela-ambiente-montano\/wp-content\/uploads\/sites\/85\/2024\/11\/2018.03.22-Tam-Giornata-mondiale-dellacqua-Cai-Terni-Cascata-delle-Marmore.pdf\" target=\"_blank\" rel=\"noopener\">Tam Giornata mondiale dell&#8217;acqua<\/a><\/td>\n<td style=\"vertical-align: top\">Cascata delle Marmore &#8211; Cai Terni<\/td>\n<td style=\"vertical-align: top\"><\/td>\n<td style=\"vertical-align: top\"><\/td>\n<\/tr>\n<\/tbody>\n<\/table>\n<h2>Riunioni 2018 CRTAM Marche-Umbria<\/h2>\n<table style=\"width: 85%;height: 75px\">\n<tbody>\n<tr>\n<td style=\"width: 100px\"><strong>Data<\/strong><\/td>\n<td><strong>Luogo<\/strong><\/td>\n<td><\/td>\n<\/tr>\n<tr>\n<td style=\"width: 59%\"><\/td>\n<td style=\"width: 15%\"><\/td>\n<td style=\"width: 15%\"><\/td>\n<\/tr>\n<tr>\n<td style=\"width: 59%\"><\/td>\n<td style=\"width: 15%\"><\/td>\n<td><\/td>\n<\/tr>\n<tr>\n<td><\/td>\n<td><\/td>\n<td><\/td>\n<\/tr>\n<\/tbody>\n<\/table>\n<h2>Iniziative 2017 CRTAM con CCTAM<strong><br \/>\n<\/strong><\/h2>\n<p style=\"text-align: justify\"><span style=\"font-size: 12pt\"><strong>progetto Rapporto Aree Protette<\/strong><\/span> referente Pierluigi Cipolletti &#8211; ONTAM &#8211; <a href=\"mailto:p.cipolletti@email.it\">p.cipolletti@email.it<\/a><br \/>\n&#8230;&#8230;&#8230;&#8230;&#8230;&#8230;&#8230;.<\/p>\n<p><span style=\"font-size: 12pt\"><strong>progetto Coordinamento OTTO<\/strong><\/span> referente Pierluigi Cipolletti &#8211; ONTAM &#8211; <a href=\"mailto:p.cipolletti@email.it\">p.cipolletti@email.it<\/a><br \/>\n&#8230;&#8230;&#8230;&#8230;&#8230;&#8230;&#8230;<\/p>\n<h2>Calendario eventi\/attivit\u00e0 2017 della CRTAM Marche-Umbria<\/h2>\n<table style=\"height: 21px;width: 85%\">\n<tbody>\n<tr>\n<td style=\"width: 120px\">Data<\/td>\n<td>Tipo evento + argomento<\/td>\n<td style=\"width: 120px\">Luogo<\/td>\n<td>Referente (E-mail)<\/td>\n<td>N. partecipenti<\/td>\n<\/tr>\n<tr>\n<td style=\"vertical-align: top\">5 novembre 2017<\/td>\n<td style=\"vertical-align: top\"><a title=\"2017.11.05 a piedi Sull\u2019antica Via romano-lauretana\" href=\"https:\/\/organizzazione.cai.it\/commissione-centrale-tutela-ambiente-montano\/wp-content\/uploads\/sites\/85\/2024\/11\/2017.11.05-treia_montefano_locandina.pdf\" target=\"_blank\" rel=\"noopener\">a piedi Sull\u2019antica Via romano-lauretana<\/a><\/td>\n<td style=\"vertical-align: top\"><\/td>\n<td style=\"vertical-align: top\"><\/td>\n<td style=\"vertical-align: top\"><\/td>\n<\/tr>\n<tr>\n<td style=\"vertical-align: top\">14 ottobre 2017<\/td>\n<td style=\"vertical-align: top\"><a title=\"Convegno Sorgenti e Fonti in quota\" href=\"https:\/\/organizzazione.cai.it\/commissione-centrale-tutela-ambiente-montano\/wp-content\/uploads\/sites\/85\/2024\/11\/2017_10_14_marche_cai_fermo_invito.pdf\" target=\"_blank\" rel=\"noopener\">Il GR delle Marche organizza un convegno sull&#8217;acqua in occasione del cinquantenario della Sezione CAI di Fermo.Convegno Sorgenti e Fonti in quotaConvegno Sorgenti e Fonti in quota<\/a><\/td>\n<td style=\"vertical-align: top\">Feramo<\/td>\n<td style=\"vertical-align: top\"><\/td>\n<td style=\"vertical-align: top\"><\/td>\n<\/tr>\n<tr>\n<td style=\"vertical-align: top\">22 luglio &#8211; 15 ottobre &#8211; 26 novembre 2017<\/td>\n<td style=\"vertical-align: top\"><a href=\"index.php?option=com_content&amp;view=article&amp;id=335&amp;catid=68&amp;Itemid=213\">Bio Escursioni<\/a><\/td>\n<td style=\"vertical-align: top\">Zona Piceno<\/td>\n<td style=\"vertical-align: top\"><\/td>\n<td style=\"vertical-align: top\">##<\/td>\n<\/tr>\n<tr>\n<td style=\"vertical-align: top\">17settembre 2017<\/td>\n<td style=\"vertical-align: top\">Escursione da Serravalle di Chienti a Camerino<\/td>\n<td style=\"vertical-align: top\"><span class=\"fontstyle0\">Sull\u2019antica Via<br \/>\nromano-lauretana<\/span><\/td>\n<td style=\"vertical-align: top\">CAI Camerino<br \/>\nCAI San Severino Marche<br \/>\nCAI Spoleto<\/td>\n<td style=\"vertical-align: top\">##<\/td>\n<\/tr>\n<\/tbody>\n<\/table>\n<h2>Riunioni 2017 CRTAM Marche-Umbria<\/h2>\n<table style=\"width: 85%;height: 75px\">\n<tbody>\n<tr>\n<td style=\"width: 100px\"><strong>Data<\/strong><\/td>\n<td><strong>Luogo<\/strong><\/td>\n<td><\/td>\n<\/tr>\n<tr>\n<td style=\"width: 59%\"><\/td>\n<td style=\"width: 15%\"><\/td>\n<td style=\"width: 15%\"><\/td>\n<\/tr>\n<tr>\n<td style=\"width: 59%\"><\/td>\n<td style=\"width: 15%\"><\/td>\n<td><\/td>\n<\/tr>\n<tr>\n<td><\/td>\n<td><\/td>\n<td><\/td>\n<\/tr>\n<\/tbody>\n<\/table>\n","protected":false},"excerpt":{"rendered":"<p>Iniziative 2018 CRTAM con CCTAM Corso TAM &#8211; Corso ORTAM&#8230;.. referente&#8230;&#8230;&#8230;&#8230;&#8230;email Calendario eventi\/attivit\u00e0 2018 della CRTAM Marche-Umbria Data Tipo evento + argomento Luogo Referente (E-mail) N. partecipenti 21 ottobre 2018 [&hellip;]<\/p>\n","protected":false},"author":1,"featured_media":36,"comment_status":"closed","ping_status":"open","sticky":false,"template":"","format":"standard","meta":{"footnotes":""},"categories":[6],"tags":[38,19,18],"_links":{"self":[{"href":"https:\/\/organizzazione.cai.it\/commissione-centrale-tutela-ambiente-montano\/wp-json\/wp\/v2\/posts\/1825"}],"collection":[{"href":"https:\/\/organizzazione.cai.it\/commissione-centrale-tutela-ambiente-montano\/wp-json\/wp\/v2\/posts"}],"about":[{"href":"https:\/\/organizzazione.cai.it\/commissione-centrale-tutela-ambiente-montano\/wp-json\/wp\/v2\/types\/post"}],"author":[{"embeddable":true,"href":"https:\/\/organizzazione.cai.it\/commissione-centrale-tutela-ambiente-montano\/wp-json\/wp\/v2\/users\/1"}],"replies":[{"embeddable":true,"href":"https:\/\/organizzazione.cai.it\/commissione-centrale-tutela-ambiente-montano\/wp-json\/wp\/v2\/comments?post=1825"}],"version-history":[{"count":0,"href":"https:\/\/organizzazione.cai.it\/commissione-centrale-tutela-ambiente-montano\/wp-json\/wp\/v2\/posts\/1825\/revisions"}],"wp:featuredmedia":[{"embeddable":true,"href":"https:\/\/organizzazione.cai.it\/commissione-centrale-tutela-ambiente-montano\/wp-json\/wp\/v2\/media\/36"}],"wp:attachment":[{"href":"https:\/\/organizzazione.cai.it\/commissione-centrale-tutela-ambiente-montano\/wp-json\/wp\/v2\/media?parent=1825"}],"wp:term":[{"taxonomy":"category","embeddable":true,"href":"https:\/\/organizzazione.cai.it\/commissione-centrale-tutela-ambiente-montano\/wp-json\/wp\/v2\/categories?post=1825"},{"taxonomy":"post_tag","embeddable":true,"href":"https:\/\/organizzazione.cai.it\/commissione-centrale-tutela-ambiente-montano\/wp-json\/wp\/v2\/tags?post=1825"}],"curies":[{"name":"wp","href":"https:\/\/api.w.org\/{rel}","templated":true}]}}