{"id":1828,"date":"2020-01-06T14:53:34","date_gmt":"2020-01-06T14:53:34","guid":{"rendered":"https:\/\/organizzazione.cai.it\/commissione-centrale-tutela-ambiente-montano\/2020\/01\/attivita-anni-precedenti-lazio\/"},"modified":"2024-11-29T12:28:15","modified_gmt":"2024-11-29T12:28:15","slug":"attivita-anni-precedenti-lazio","status":"publish","type":"post","link":"https:\/\/organizzazione.cai.it\/commissione-centrale-tutela-ambiente-montano\/2020\/01\/attivita-anni-precedenti-lazio\/","title":{"rendered":"Attivit\u00e0 Anni Precedenti Lazio"},"content":{"rendered":"<h2>Iniziative 2018 CRTAM con CCTAM<strong><br \/>\n<\/strong><\/h2>\n<p style=\"text-align: justify\"><strong><span style=\"font-size: 12pt\">Borsa di Studio &#8211; Tesi per Andrea Tomei&#8230;<\/span><\/strong>referente&#8230;.mail<br \/>\n(breve descrizione di 300 caratteri spazi inclusi)<\/p>\n<p><strong><span style=\"font-size: 12pt\">Aggiornamento TAM &#8211; Aggiornamento TAM regionale&#8230;<\/span><\/strong>referente&#8230;..mail<br \/>\n(breve descrizione di 300 caratteri spazi inclusi)<\/p>\n<h2>Calendario eventi\/attivit\u00e0 2018 della CRTAM Lazio<\/h2>\n<table class=\"mceItemTable\" style=\"height: 21px;width: 85%\">\n<tbody>\n<tr>\n<td style=\"width: 120px\">Data<\/td>\n<td>Tipo evento + argomento<\/td>\n<td style=\"width: 120px\">Luogo<\/td>\n<td>Referente (E-mail)<\/td>\n<td>N. partecipenti<\/td>\n<\/tr>\n<tr>\n<td style=\"vertical-align: top\">8 settembre<\/td>\n<td style=\"vertical-align: top\"><a href=\"https:\/\/organizzazione.cai.it\/commissione-centrale-tutela-ambiente-montano\/wp-content\/uploads\/sites\/85\/2024\/11\/2019.09.07-Escursione-TAM.zip\">Escursione<\/a><\/td>\n<td style=\"vertical-align: top\">Terminillo \u2013 Valle Scura \u2013 Avifauna della Rete Natura 2000<\/td>\n<td style=\"vertical-align: top\"><\/td>\n<td style=\"vertical-align: top\"><\/td>\n<\/tr>\n<tr>\n<td style=\"vertical-align: top\">8 settembre 2019<\/td>\n<td style=\"vertical-align: top\"><a href=\"https:\/\/organizzazione.cai.it\/commissione-centrale-tutela-ambiente-montano\/wp-content\/uploads\/sites\/85\/2024\/11\/2019.09.08-Il-Sentiero-della-Libert\u00e0.pdf\" target=\"_blank\" rel=\"noopener\">Il Sentiero della Libert\u00e0<\/a><\/td>\n<td style=\"vertical-align: top\"><\/td>\n<td style=\"vertical-align: top\"><\/td>\n<td style=\"vertical-align: top\"><\/td>\n<\/tr>\n<tr>\n<td style=\"vertical-align: top\">8 giugno 2019<\/td>\n<td style=\"vertical-align: top\"><a href=\"https:\/\/organizzazione.cai.it\/commissione-centrale-tutela-ambiente-montano\/wp-content\/uploads\/sites\/85\/2024\/11\/2019.06.08-Aggiornamento-Operatori-VITERBO.jpg\">Aggiornamento operatori<\/a><\/td>\n<td style=\"vertical-align: top\"><\/td>\n<td style=\"vertical-align: top\"><\/td>\n<td style=\"vertical-align: top\"><\/td>\n<\/tr>\n<tr>\n<td style=\"vertical-align: top\">31 marzo 2019<\/td>\n<td style=\"vertical-align: top\"><a href=\"https:\/\/organizzazione.cai.it\/commissione-centrale-tutela-ambiente-montano\/wp-content\/uploads\/sites\/85\/2024\/11\/2019.03.31-Escursione-CRTAM-Esperia.pdf\" target=\"_blank\" rel=\"noopener\">GIORNATA MONDIALE DELL\u2019ACQUA E CARSISMO<\/a><\/td>\n<td style=\"vertical-align: top\"><\/td>\n<td style=\"vertical-align: top\"><\/td>\n<td style=\"vertical-align: top\"><\/td>\n<\/tr>\n<tr>\n<td style=\"vertical-align: top\">24 marzo 2019<\/td>\n<td style=\"vertical-align: top\"><a href=\"https:\/\/organizzazione.cai.it\/commissione-centrale-tutela-ambiente-montano\/wp-content\/uploads\/sites\/85\/2024\/11\/2019.03.24-Giornata-Mondiale-dellAcqua.pdf\" target=\"_blank\" rel=\"noopener\">Giornata Mondiale dell&#8217;Acqua<\/a><\/td>\n<td style=\"vertical-align: top\"><\/td>\n<td style=\"vertical-align: top\"><\/td>\n<td style=\"vertical-align: top\"><\/td>\n<\/tr>\n<tr>\n<td style=\"vertical-align: top\">13 dicembre 2018<\/td>\n<td style=\"vertical-align: top\"><a href=\"https:\/\/organizzazione.cai.it\/commissione-centrale-tutela-ambiente-montano\/wp-content\/uploads\/sites\/85\/2024\/11\/2018.12.13-Le-Sezioni-reatine-sul-Sentiero-Natura-...pdf\" target=\"_blank\" rel=\"noopener\">Le Sezioni reatine sul Sentiero Natura<\/a><\/td>\n<td style=\"vertical-align: top\"><\/td>\n<td style=\"vertical-align: top\"><\/td>\n<td style=\"vertical-align: top\"><\/td>\n<\/tr>\n<tr>\n<td style=\"vertical-align: top\">9 dicembre 2018<\/td>\n<td style=\"vertical-align: top\"><a href=\"https:\/\/organizzazione.cai.it\/commissione-centrale-tutela-ambiente-montano\/wp-content\/uploads\/sites\/85\/2024\/11\/2018.12.09-Locandina-Giornata-Internazionale-2019.png\">Giornata Internazionale della Montagna 2019<\/a><\/td>\n<td style=\"vertical-align: top\"><\/td>\n<td style=\"vertical-align: top\"><\/td>\n<td style=\"vertical-align: top\"><\/td>\n<\/tr>\n<tr>\n<td style=\"vertical-align: top\">7 dicembre 2018<\/td>\n<td style=\"vertical-align: top\"><a href=\"https:\/\/organizzazione.cai.it\/commissione-centrale-tutela-ambiente-montano\/wp-content\/uploads\/sites\/85\/2024\/11\/2018.12.07-Ritratti.jpg\">Ritratti &#8211; Mario Rigoni<\/a><\/td>\n<td style=\"vertical-align: top\"><\/td>\n<td style=\"vertical-align: top\"><\/td>\n<td style=\"vertical-align: top\"><\/td>\n<\/tr>\n<tr>\n<td style=\"vertical-align: top\">11 novembre 2018<\/td>\n<td style=\"vertical-align: top\"><a href=\"https:\/\/organizzazione.cai.it\/commissione-centrale-tutela-ambiente-montano\/wp-content\/uploads\/sites\/85\/2024\/11\/2018.11.11-Escursione-nella-Val-Cervara.pdf\" target=\"_blank\" rel=\"noopener\">Escursione nella Val Cervara<\/a><\/td>\n<td style=\"vertical-align: top\"><\/td>\n<td style=\"vertical-align: top\"><\/td>\n<td style=\"vertical-align: top\"><\/td>\n<\/tr>\n<tr>\n<td style=\"vertical-align: top\">4 novembre 2018<\/td>\n<td style=\"vertical-align: top\"><a href=\"https:\/\/organizzazione.cai.it\/commissione-centrale-tutela-ambiente-montano\/wp-content\/uploads\/sites\/85\/2024\/11\/2018.11.04-Consumo-di-suolo-e-Terre-Alte.pdf\" target=\"_blank\" rel=\"noopener\">Tema &#8220;Consumo di suolo e Terre Alte&#8221; Sentiero Storico Monte Terminillo e Paese abbandonato di Macchiole (Monti Reatini) assieme a CRAG Lazio<\/a><\/td>\n<td style=\"vertical-align: top\"><\/td>\n<td style=\"vertical-align: top\"><\/td>\n<td style=\"vertical-align: top\"><\/td>\n<\/tr>\n<tr>\n<td style=\"vertical-align: top\">13 ottobre 2018<\/td>\n<td style=\"vertical-align: top\"><a href=\"https:\/\/organizzazione.cai.it\/commissione-centrale-tutela-ambiente-montano\/wp-content\/uploads\/sites\/85\/2024\/11\/2018.10.13-Madonna-di-Pagaret.pdf\" target=\"_blank\" rel=\"noopener\">Anello Rocca Vittiana: Sentiero Italia \u2013 Chiesa della Madonna di Pagaret \u2013 Via Cecilia<\/a><\/td>\n<td style=\"vertical-align: top\"><\/td>\n<td style=\"vertical-align: top\"><\/td>\n<td style=\"vertical-align: top\"><\/td>\n<\/tr>\n<tr>\n<td style=\"vertical-align: top\">30 settembre 2018<\/td>\n<td style=\"vertical-align: top\"><a href=\"https:\/\/organizzazione.cai.it\/commissione-centrale-tutela-ambiente-montano\/wp-content\/uploads\/sites\/85\/2024\/11\/2018.09.30-LOCANDINA-Incendi-Boschivi.pdf\" target=\"_blank\" rel=\"noopener\">Escursione al Monte La Manna (Frosinone)<\/a><\/td>\n<td style=\"vertical-align: top\"><\/td>\n<td style=\"vertical-align: top\"><\/td>\n<td style=\"vertical-align: top\"><\/td>\n<\/tr>\n<tr>\n<td style=\"vertical-align: top\">29\/30 settembre 2018<\/td>\n<td style=\"vertical-align: top\">Incendi Boschivi presso la Sezione di Frosinone e\/o Cassino<\/td>\n<td style=\"vertical-align: top\"><\/td>\n<td style=\"vertical-align: top\"><\/td>\n<td style=\"vertical-align: top\"><\/td>\n<\/tr>\n<tr>\n<td style=\"vertical-align: top\">27 maggio 2018<\/td>\n<td style=\"vertical-align: top\"><a href=\"https:\/\/organizzazione.cai.it\/commissione-centrale-tutela-ambiente-montano\/wp-content\/uploads\/sites\/85\/2024\/11\/2018.05.27-Monte-Cairo.jpg\">Monte Cairo<\/a><\/td>\n<td style=\"vertical-align: top\"><\/td>\n<td style=\"vertical-align: top\"><\/td>\n<td style=\"vertical-align: top\"><\/td>\n<\/tr>\n<tr>\n<td style=\"vertical-align: top\">26 Maggio 2018<\/td>\n<td style=\"vertical-align: top\">Gestione Ambiente Montano, Foresta. Agricoltura e Sport presso l&#8217;Universit\u00e0 della Tuscia<\/td>\n<td style=\"vertical-align: top\"><\/td>\n<td style=\"vertical-align: top\"><\/td>\n<td style=\"vertical-align: top\"><\/td>\n<\/tr>\n<tr>\n<td style=\"vertical-align: top\">13 maggio 2018<\/td>\n<td style=\"vertical-align: top\"><a href=\"https:\/\/organizzazione.cai.it\/commissione-centrale-tutela-ambiente-montano\/wp-content\/uploads\/sites\/85\/2024\/11\/2018.03.24-Escursione-FONTE-DEL-CARDELLINO-ACQUEDOTTI-DI-SAN-COSIMATO.pdf\" target=\"_blank\" rel=\"noopener\">Manifestazione &#8220;In Cammino nei Parchi&#8221; Monte Faggeto ( Monti Aurunci )<\/a><\/td>\n<td style=\"vertical-align: top\"><\/td>\n<td style=\"vertical-align: top\"><\/td>\n<td style=\"vertical-align: top\"><\/td>\n<\/tr>\n<tr>\n<td style=\"vertical-align: top\">28 aprile 2018<\/td>\n<td style=\"vertical-align: top\">Congresso TAM<\/td>\n<td style=\"vertical-align: top\"><\/td>\n<td style=\"vertical-align: top\"><\/td>\n<td style=\"vertical-align: top\"><\/td>\n<\/tr>\n<tr>\n<td style=\"vertical-align: top\">25 marzo 2018<\/td>\n<td style=\"vertical-align: top\"><a title=\"25 marzo 2018 - Giornata Mondiale dell\u2019Acqua 2018 - Riserva Naturale Regionale Monti Navegna e Cervia - Intersezionale con CAI Leonessa\" href=\"https:\/\/organizzazione.cai.it\/commissione-centrale-tutela-ambiente-montano\/wp-content\/uploads\/sites\/85\/2024\/11\/2018.03.25-Giornata-Mondiale-dell\u2019Acqua-2018-Riserva-Naturale-Regionale-Monti-Navegna-e-Cervia-Intersezionale-con-CAI-Leonessa.pdf\" target=\"_blank\" rel=\"noopener\">Giornata Mondiale dell\u2019Acqua 2018 &#8211; Riserva Naturale Regionale Monti Navegna e Cervia &#8211; Intersezionale con CAI Leonessa<\/a><\/td>\n<td style=\"vertical-align: top\"><\/td>\n<td style=\"vertical-align: top\"><\/td>\n<td style=\"vertical-align: top\"><\/td>\n<\/tr>\n<tr>\n<td style=\"vertical-align: top\">24 marzo 2018<\/td>\n<td style=\"vertical-align: top\"><a title=\"Escursione Fonte del Cardellino - Acquedotti di San Cosimato\" href=\"https:\/\/organizzazione.cai.it\/commissione-centrale-tutela-ambiente-montano\/wp-content\/uploads\/sites\/85\/2024\/11\/2018.03.24-Escursione-FONTE-DEL-CARDELLINO-ACQUEDOTTI-DI-SAN-COSIMATO.pdf\" target=\"_blank\" rel=\"noopener\">Escursione Fonte del Cardellino &#8211; Acquedotti di San Cosimato<\/a><\/td>\n<td style=\"vertical-align: top\">Cai Roma<\/td>\n<td style=\"vertical-align: top\"><\/td>\n<td style=\"vertical-align: top\"><\/td>\n<\/tr>\n<tr>\n<td style=\"vertical-align: top\">18 marzo 2018<\/td>\n<td style=\"vertical-align: top\"><a title=\"Piano dell'Erdigheta - Monte Erdigheta (Monti Lepini) assieme a CRAG Lazio\" href=\"https:\/\/organizzazione.cai.it\/commissione-centrale-tutela-ambiente-montano\/wp-content\/uploads\/sites\/85\/2024\/11\/2018.03.18-Locandina-Monte-Erdigheta-e-AG.pdf\" target=\"_blank\" rel=\"noopener\">Piano dell&#8217;Erdigheta &#8211; Monte Erdigheta (Monti Lepini) assieme a CRAG Lazio<\/a> <span style=\"color: #ff0000\"><strong>ESCURSIONE ANNULLATA<\/strong><\/span><\/td>\n<td style=\"vertical-align: top\"><\/td>\n<td style=\"vertical-align: top\"><\/td>\n<td style=\"vertical-align: top\"><\/td>\n<\/tr>\n<tr>\n<td style=\"vertical-align: top\">24 febbraio &#8211; 10 \/ 17 marzo 2018<\/td>\n<td style=\"vertical-align: top\"><a href=\"https:\/\/organizzazione.cai.it\/commissione-centrale-tutela-ambiente-montano\/wp-content\/uploads\/sites\/85\/2024\/11\/2018-Corso-per-Qualificati-Tutela-Ambiente-Montano.pdf\" target=\"_blank\" rel=\"noopener\">Corso per Qualificati Tutela Ambiente Montano 2018<\/a><\/td>\n<td style=\"vertical-align: top\">Cai Roma &#8211; Cai Rieti<\/td>\n<td style=\"vertical-align: top\">Direttore del Corso: Monica Festuccia (ORTAM) <a href=\"mailto:monic@europe.com\">monic@europe.com<\/a><br \/>\nSegretario del Corso: Antonio Di Grottole (ORTAM) <a href=\"mailto:antoniodigrottole@gmail.com\">antoniodigrottole@gmail.com<\/a><\/td>\n<td style=\"vertical-align: top\"><\/td>\n<\/tr>\n<tr>\n<td style=\"vertical-align: top\">11 febbraio 2018<\/td>\n<td style=\"vertical-align: top\"><a href=\"https:\/\/organizzazione.cai.it\/commissione-centrale-tutela-ambiente-montano\/wp-content\/uploads\/sites\/85\/2024\/11\/2018.02.11-Seguendo-le-tracce-2018.pdf\" target=\"_blank\" rel=\"noopener\">TRACKING: LEGGERE ED INTERPRETARE LE TRACCE<\/a><\/td>\n<td style=\"vertical-align: top\"><span class=\"fontstyle0\">LEONESSA &#8211; LOC. FONTENOVA<\/span><\/td>\n<td style=\"vertical-align: top\">Sezione di Leonessa: Marco Priori\u00a0 Michele Quaranta<br \/>\nSezione di Rieti: Monica Festuccia (ORTAM) &#8211; Massimo Ferri &#8211;<br \/>\nAngelo Marsini<\/td>\n<td style=\"vertical-align: top\"><\/td>\n<\/tr>\n<tr>\n<td style=\"vertical-align: top\">da Gennaio a Giugno 2018<\/td>\n<td style=\"vertical-align: top\">Corso OSTAM riservato ai non titolati che hanno frequentato le lezioni del Corso ORTAM Lazio 2017.<\/td>\n<td style=\"vertical-align: top\"><\/td>\n<td style=\"vertical-align: top\"><\/td>\n<td style=\"vertical-align: top\"><\/td>\n<\/tr>\n<\/tbody>\n<\/table>\n<h2>Riunioni 2018 CRTAM Lazio<\/h2>\n<table class=\"mceItemTable\" style=\"width: 85%;height: 1px\">\n<tbody>\n<tr>\n<td style=\"width: 100px\"><strong>Data<\/strong><\/td>\n<td><strong>Luogo<\/strong><\/td>\n<td><\/td>\n<\/tr>\n<tr>\n<td style=\"width: 59%\"><\/td>\n<td style=\"width: 15%\"><\/td>\n<td style=\"width: 15%\"><\/td>\n<\/tr>\n<\/tbody>\n<\/table>\n<div><\/div>\n<h2>Iniziative 2017 CRTAM con CCTAM<strong><br \/>\n<\/strong><\/h2>\n<p style=\"text-align: justify\"><strong><span style=\"font-size: 12pt\"><a href=\"index.php?option=com_content&amp;view=article&amp;id=623&amp;catid=40&amp;Itemid=101\">Corso ORTAM<\/a><\/span><\/strong> referente Cesare Carloni ONTAM <a href=\"mailto:cesarecarloni@gmail.com\">cesarecarloni@gmail.com<\/a><br \/>\n(breve descrizione di 300 caratteri spazi inclusi) ###<\/p>\n<h2>Calendario eventi\/attivit\u00e0 2017 della CRTAM Lazio<\/h2>\n<table class=\"mceItemTable\" style=\"height: 21px;width: 85%\">\n<tbody>\n<tr>\n<td style=\"width: 120px\">Data<\/td>\n<td>Tipo evento + argomento<\/td>\n<td style=\"width: 120px\">Luogo<\/td>\n<td>Referente (E-mail)<\/td>\n<td>N. partecipenti<\/td>\n<\/tr>\n<tr>\n<td style=\"vertical-align: top\">18 giugno 2017<\/td>\n<td style=\"vertical-align: top\"><a href=\"https:\/\/organizzazione.cai.it\/commissione-centrale-tutela-ambiente-montano\/wp-content\/uploads\/sites\/85\/2024\/11\/2017.06.18-20-Anni.pdf\" target=\"_blank\" rel=\"noopener\">Escursione Regionale TAM Lazio 2017<\/a><\/td>\n<td style=\"vertical-align: top\">Gole di Antrodoco<\/td>\n<td style=\"vertical-align: top\"><\/td>\n<td style=\"vertical-align: top\"><\/td>\n<\/tr>\n<tr>\n<td style=\"vertical-align: top\">21 maggio 2017<\/td>\n<td style=\"vertical-align: top\"><a href=\"index.php?option=com_content&amp;view=article&amp;id=656&amp;catid=40&amp;Itemid=101\">In Cammino nei Parchi LAZIO<\/a><\/td>\n<td style=\"vertical-align: top\"><\/td>\n<td style=\"vertical-align: top\"><\/td>\n<td style=\"vertical-align: top\">##<\/td>\n<\/tr>\n<\/tbody>\n<\/table>\n<h2>Riunioni 2017 CRTAM Lazio<\/h2>\n<table class=\"mceItemTable\" style=\"width: 85%;height: 75px\">\n<tbody>\n<tr>\n<td style=\"width: 100px\"><strong>Data<\/strong><\/td>\n<td><strong>Luogo<\/strong><\/td>\n<td><\/td>\n<\/tr>\n<tr>\n<td style=\"width: 59%\">5 marzo 2017<\/td>\n<td style=\"width: 15%\"><\/td>\n<td style=\"width: 15%\"><\/td>\n<\/tr>\n<tr>\n<td style=\"width: 59%\">14 ottobre 2017<\/td>\n<td style=\"width: 15%\"><\/td>\n<td><\/td>\n<\/tr>\n<tr>\n<td style=\"width: 59%\">25 Novembre 2017<\/td>\n<td style=\"width: 15%\">Frosinone<\/td>\n<td><\/td>\n<\/tr>\n<\/tbody>\n<\/table>\n<h2><span style=\"color: #0000ff\">Componenti<\/span><\/h2>\n<p><span style=\"color: #000000\">La struttura CAI-TAM nel Lazio, sostenuta dal GR, \u00e8 presente in numerose Sezioni Cai e l&#8217;attenzione alle tematiche ambientali \u00e8 diffusa capillarmente. C&#8217;\u00e8 cura per territori e popolazioni con una efficace visione d&#8217;insieme. Attualmente \u00e8 in evidenza il Terminillo con gli impattanti interventi proposti per gli impianti di risalita.<br \/>\n<\/span><\/p>\n<h2><span style=\"color: #000000\">\u00a0<\/span><strong><span style=\"color: #000000\">Nuove schede di segnalazione\u00a0TAM Lazio<\/span><\/strong><\/h2>\n<p style=\"text-align: justify\"><span style=\"color: #000000\">Sono state riprese ed adattate due schede di segnalazione, rendendole informatizzate per raggiungere pi\u00f9 facilmente un largo pubblico. Nello specifico sono state realizzate la scheda di segnalazione bellezze ambientali e la scheda di segnalazione di aggressioni attuali o potenziali. La prima permette di inviare segnalazioni su Bellezze Ambientali, particolarit\u00e0, eccellenze nascoste o trascurate; la seconda permette di inviare segnalazioni sulle aggressioni attuali, quindi in atto, o potenziali che potrebbero manifestarsi. Le segnalazioni arriveranno direttamente alla CRTAM Lazio e saranno inviate alle Sezioni di pertinenza, al CAI Lazio e, se rilevate interessanti, al CAI Nazionale. Viene altres\u00ec garantito l&#8217;anonimato (non sono obbligatori n\u00e9 i campi anagrafici n\u00e9 i contatto). Le schede sono fruibili da qualsiasi dispositivo dotato di connessione internet (pc, tablet, smartphone).\u00a0<\/span><\/p>\n<div>\n<div><strong>Bellezze Naturali<\/strong><\/div>\n<div><span style=\"color: #0000ff\"><a style=\"color: #0000ff\" href=\"https:\/\/goo.gl\/forms\/jk5WbqxKnA6xCyRc2\" target=\"_blank\" rel=\"noopener noreferrer\" data-saferedirecturl=\"https:\/\/www.google.com\/url?hl=it&amp;q=https:\/\/goo.gl\/forms\/jk5WbqxKnA6xCyRc2&amp;source=gmail&amp;ust=1470127744749000&amp;usg=AFQjCNHTJ0APMWUJ86L3Ni5j_vAf6ut6pw\">https:\/\/goo.gl\/forms\/jk5WbqxKnA6xCyRc2<\/a><\/span><\/div>\n<div><\/div>\n<\/div>\n<div><strong>Aggressioni attuali o potenziali<\/strong><\/div>\n<div><span style=\"color: #0000ff\"><a style=\"color: #0000ff\" href=\"https:\/\/goo.gl\/forms\/4zhAFBDN8MdmTXKV2\" target=\"_blank\" rel=\"noopener noreferrer\" data-saferedirecturl=\"https:\/\/www.google.com\/url?hl=it&amp;q=https:\/\/goo.gl\/forms\/4zhAFBDN8MdmTXKV2&amp;source=gmail&amp;ust=1470127744749000&amp;usg=AFQjCNF2Sgx0GTuuP4WNhhjEaLs6TDOgpw\">https:\/\/goo.gl\/forms\/4zhAFBDN8MdmTXKV2<\/a><\/span><\/div>\n<div><\/div>\n<div><a title=\"Attivit\u00e0 2015\" href=\"https:\/\/drive.google.com\/file\/d\/0B5LSTlJoxNA2UWNGblg3UU15NVU\/view?usp=sharing\" target=\"_blank\" rel=\"noopener\">Attivit\u00e0 2015 <\/a><\/div>\n<div><a title=\"Attivit\u00e0 2016\" href=\"https:\/\/drive.google.com\/file\/d\/0B5LSTlJoxNA2WWhuSGpoU1A2c3M\/view?usp=sharing\" target=\"_blank\" rel=\"noopener\">Attivit\u00e0 2016<\/a><\/div>\n<div>\n<h2>Attivit\u00e0 2016<\/h2>\n<\/div>\n<ul>\n<li><a title=\"13 \/ 14 dicembre 2016 - Energia della montagna - Identit\u00e0 e sacralit\u00e0 dei luoghi\" href=\"https:\/\/organizzazione.cai.it\/commissione-centrale-tutela-ambiente-montano\/wp-content\/uploads\/sites\/85\/2024\/11\/2016_12_13_gmm.jpg\" target=\"_blank\" rel=\"noopener noreferrer\">13 \/ 14 dicembre 2016 &#8211; Energia della montagna &#8211; Identit\u00e0 e sacralit\u00e0 dei luoghi<\/a><\/li>\n<li><a title=\"11 dicembre 2016 - Articolo - Giornata Internazionale delle Montagne\" href=\"https:\/\/organizzazione.cai.it\/commissione-centrale-tutela-ambiente-montano\/wp-content\/uploads\/sites\/85\/2024\/11\/2016.12.11-ARTICOLO-GIORNATA-MONTAGNE.docx\" target=\"_blank\" rel=\"noopener\" download>11 dicembre 2016 &#8211; Articolo &#8211; Giornata Internazionale delle Montagne<\/a>\u00a0 <a href=\"https:\/\/organizzazione.cai.it\/commissione-centrale-tutela-ambiente-montano\/wp-content\/uploads\/sites\/85\/2024\/11\/2016.12.11-Foto-Giornata-Internazionale-delle-Montagne.jpg\">Foto<\/a><\/li>\n<li><a href=\"index.php?option=com_content&amp;view=article&amp;id=532&amp;catid=26&amp;Itemid=215\">11 dicembre 2016 &#8211; Giornata Internazionale delle Montagne<\/a> \u00a0\u00a0\u00a0 ##<\/li>\n<li><span style=\"color: #0000ff\"><a style=\"color: #0000ff\" title=\"25 settembre 2016 - Il Monte Terminillo dal versante Leonessano\" href=\"https:\/\/organizzazione.cai.it\/commissione-centrale-tutela-ambiente-montano\/wp-content\/uploads\/sites\/85\/2024\/11\/2016_09_26_locandina_escursione_tam_monte_terminillo_dal_versante_leonessano.pdf\" target=\"_blank\" rel=\"alternate noopener\">25 settembre 2016 &#8211; Il Monte Terminillo dal versante Leonessano<\/a><\/span><\/li>\n<li><a title=\"86 soci di 10 Sezioni CAI del Lazio sul Monte Cairo\" href=\"3-luglio-2016-il-primo-incontro-annuale-promosso-dagli-operatori-tam-del-lazio\" rel=\"alternate\">86 soci di 10 Sezioni CAI del Lazio sul Monte Cairo<\/a><\/li>\n<li><span style=\"color: #000000\">Aggiornamento per titolati Tam nella zona dei M.Ti della Laga.<\/span><\/li>\n<li><span style=\"color: #000000\">Escursioni in localit\u00e0 a rischio ambientale ed escursioni didattiche<\/span><\/li>\n<li><span style=\"color: #000000\">Adesioni alla giornata nazionale &#8220;in cammino nei parchi&#8221; &#8211; per divulgare a tutti ma soprattutto ai soci Cai il nostro pensiero sui temi della conoscenza e tutela preventiva<\/span><\/li>\n<\/ul>\n<h2>Attivit\u00e0 2015<\/h2>\n<ul>\n<li><span style=\"color: #000000\">5 Luglio e 20 Settembre: uscite in ambiente per operatori Nazionali, regionali e sezionali TAM del Lazio.<\/span><\/li>\n<li><span style=\"color: #000000\">18-19 Luglio: Aggiornamento per operatori Nazionali, regionali e sezionali TAM del Lazio a Villavallelonga (PNALM); politiche attuate nel parco per la protezione del lupo e dell\u2019orso marsicano<\/span><\/li>\n<li><span style=\"color: #000000\">Maggio (data da definire): Giornata dedicata alla medicina, organizzata da CRTAM, CR Escursionismo, Alpinismo Giovanile. Tra i temi trattati: punture da insetti, gestione dello stress, mal di montagna, incidenti vari in montagna.<\/span><\/li>\n<li><span style=\"color: #000000\"> Tra le attivit\u00e0 sostenute nel 2014 che incideranno positivamente nel 2015\u00a0 c&#8217;\u00e8 il Corso STAM sostenuto con successo da un numero consistente di volenterosi. che in questo anno cominceranno a lavorare per dare forza al nostro gruppo,\u00a0 per la tutela del nostro territorio. <\/span><\/li>\n<li><span style=\"color: #000000\">Un&#8217; altra realt\u00e0 da prendere in considerazione \u00e8 l\u2019iniziativa della sezione di Amatrice la quale con la ferma volont\u00e0 del suo presidente, ha preso in gestione una ex scuola restaurata e ha fatto di essa un presidio importante con lo scopo di dare ospitalit\u00e0 a coloro che vogliono avere un punto per pernottare prima di escursioni nel territorio dei Monti della Laga.<\/span><\/li>\n<li><span style=\"color: #000000\">Al suo interno vi \u00e8 anche un orto botanico con una significativa variet\u00e0 di piante tipiche della zona<\/span><\/li>\n<\/ul>\n<p><span style=\"color: #0000ff\"><a style=\"color: #0000ff\" title=\"Questione Terminillo\" href=\"https:\/\/drive.google.com\/open?id=0B3jhZT8_O7qqZFpRbDYzekZZLVE\" target=\"_blank\" rel=\"alternate noopener noreferrer\">Documenti relativi alla Questione Terminillo<\/a><\/span><a title=\"CAI Viterbo e Istituto Compensivo &quot;Pietro Vanni&quot;: Escursione a Monte Venere\" href=\"https:\/\/drive.google.com\/open?id=0B3jhZT8_O7qqYlNrMmVvei0tSFU\" target=\"_blank\" rel=\"alternate noopener noreferrer\">\u00a0<\/a><\/p>\n<p><span style=\"color: #000000\"><strong>DOCUMENTAZIONE TAM<\/strong><\/span><\/p>\n<p><span style=\"color: #000000\"><img loading=\"lazy\" decoding=\"async\" class=\"alignnone size-full wp-image-27808\" src=\"https:\/\/organizzazione.cai.it\/commissione-centrale-tutela-ambiente-montano\/wp-content\/uploads\/sites\/85\/2024\/11\/pdf-1.png\" alt=\"- CAI\" width=\"24\" height=\"24\" title=\"\"><span style=\"color: #0000ff\">\u00a0<a style=\"color: #0000ff\" title=\"25 settembre 2016 - Il Monte Terminillo dal versante Leonessano\" href=\"images\/lazio\/file\/2016_09_26_locandina_escursione_tam_monte_terminillo_dal_versante_leonessano.pdf\" target=\"_blank\" rel=\"alternate noopener\">25 settembre 2016 &#8211; Il Monte Terminillo dal versante Leonessano<\/a><\/span><\/span><\/p>\n<p><strong><img loading=\"lazy\" decoding=\"async\" class=\"alignnone size-full wp-image-27808\" src=\"https:\/\/organizzazione.cai.it\/commissione-centrale-tutela-ambiente-montano\/wp-content\/uploads\/sites\/85\/2024\/11\/pdf-1.png\" alt=\"- CAI\" width=\"24\" height=\"24\" title=\"\"><\/strong><span style=\"color: #000000\">\u00a0<\/span><a title=\"CAI Viterbo e Istituto Compensivo &quot;Pietro Vanni&quot;: Escursione a Monte Venere\" href=\"https:\/\/drive.google.com\/open?id=0B3jhZT8_O7qqYlNrMmVvei0tSFU\" target=\"_blank\" rel=\"alternate noopener noreferrer\"><span style=\"color: #000000\"><span style=\"color: #0000ff\">CAI Viterbo e Istituto Comprensivo &#8220;Pietro Vanni&#8221; di Viterbo:\u00a0Escursione a Monte Venere\u00a0<\/span><\/span><\/a><\/p>\n<p><span style=\"color: #000000\"><span style=\"color: #0000ff\"><a title=\"CAI Viterbo e Istituto Comprensivo \u201cPietro Vanni\u201d di Viterbo: con gli alunni al Monte Venere\" href=\"https:\/\/drive.google.com\/file\/d\/0B3jhZT8_O7qqYlNrMmVvei0tSFU\/view?usp=sharing\" target=\"_blank\" rel=\"alternate noopener noreferrer\">\u00a0<\/a><\/span><\/span><span style=\"color: #000000\"><strong><img loading=\"lazy\" decoding=\"async\" class=\"alignnone size-full wp-image-27808\" src=\"https:\/\/organizzazione.cai.it\/commissione-centrale-tutela-ambiente-montano\/wp-content\/uploads\/sites\/85\/2024\/11\/pdf-1.png\" alt=\"- CAI\" width=\"24\" height=\"24\" title=\"\"><\/strong> <\/span><a title=\"Escursione nel Parco dell&#039;Appia Antica\" href=\"https:\/\/drive.google.com\/file\/d\/0B3jhZT8_O7qqQVFEcXdfcWxRemc\/view?usp=sharing\" target=\"_blank\" rel=\"alternate noopener noreferrer\"><span style=\"color: #000000\"><span style=\"color: #0000ff\">14 Aprile 2016 Escursione nel Parco dell&#8217;Appia Antica\u00a0<\/span><\/span><\/a><\/p>\n<p><span style=\"color: #000000\"><span style=\"color: #0000ff\"><strong><img loading=\"lazy\" decoding=\"async\" class=\"alignnone size-full wp-image-27808\" src=\"https:\/\/organizzazione.cai.it\/commissione-centrale-tutela-ambiente-montano\/wp-content\/uploads\/sites\/85\/2024\/11\/pdf-1.png\" alt=\"- CAI\" width=\"24\" height=\"24\" title=\"\"><\/strong>\u00a0<a style=\"color: #0000ff\" href=\"index.php?option=com_content&amp;view=article&amp;id=440&amp;catid=40&amp;Itemid=101\">11 aprile 2016 &#8211; AI Viterbo e Istituto Comprensivo \u201cPietro Vanni\u201d di Viterbo: con gli alunni al Monte Venere ##<\/a><\/span><\/span><\/p>\n<p><span style=\"color: #000000\"><strong><img loading=\"lazy\" decoding=\"async\" class=\"alignnone size-full wp-image-27808\" src=\"https:\/\/organizzazione.cai.it\/commissione-centrale-tutela-ambiente-montano\/wp-content\/uploads\/sites\/85\/2024\/11\/pdf-1.png\" alt=\"- CAI\" width=\"24\" height=\"24\" title=\"\"><\/strong><span style=\"color: #0000ff\">\u00a003 Aprile 2016 Trek Urbano Cassino Brochure\u00a0<\/span><a title=\"Trekking Urbano Cassino\" href=\"https:\/\/drive.google.com\/file\/d\/0B3jhZT8_O7qqaklEQTA5MFRqQXM\/view?usp=sharing\" target=\"_blank\" rel=\"alternate noopener noreferrer\">\u00a0<\/a><\/span><\/p>\n<p><strong><img loading=\"lazy\" decoding=\"async\" class=\"alignnone size-full wp-image-27808\" src=\"https:\/\/organizzazione.cai.it\/commissione-centrale-tutela-ambiente-montano\/wp-content\/uploads\/sites\/85\/2024\/11\/pdf-1.png\" alt=\"- CAI\" width=\"24\" height=\"24\" title=\"\"><\/strong><span style=\"color: #000000\"><span style=\"color: #0000ff\">\u00a003 Aprile 2016 Trek Urbano Cassino\u00a0<\/span><\/span><a title=\"Trekking Urbano Cassino\" href=\"https:\/\/drive.google.com\/file\/d\/0B3jhZT8_O7qqdEpQZGRPLVJKczQ\/view?usp=sharing\" target=\"_blank\" rel=\"alternate noopener noreferrer\"><span style=\"color: #000000\">\u00a0<\/span><\/a><\/p>\n<p><a title=\"Seminario TAM Lazio\" href=\"https:\/\/drive.google.com\/file\/d\/0B3jhZT8_O7qqZmZDTEZCcUQxc0U\/view?usp=sharing\" target=\"_blank\" rel=\"alternate noopener noreferrer\"><strong><img loading=\"lazy\" decoding=\"async\" class=\"alignnone size-full wp-image-27808\" src=\"https:\/\/organizzazione.cai.it\/commissione-centrale-tutela-ambiente-montano\/wp-content\/uploads\/sites\/85\/2024\/11\/pdf-1.png\" alt=\"- CAI\" width=\"24\" height=\"24\" title=\"\"><\/strong>\u00a0<span style=\"color: #0000ff\">21\u00a0Novembre\u00a02015 \u00a0Seminario TAM Regionale a Monterotondo\u00a0<\/span><\/a><\/p>\n<p><a title=\"Escursione TAM a Leonessa\" href=\"https:\/\/drive.google.com\/file\/d\/0B3jhZT8_O7qqRUFaWnVGZzNfeHc\/view?usp=sharing\" target=\"_blank\" rel=\"alternate noopener noreferrer\"><img loading=\"lazy\" decoding=\"async\" src=\"immagini\/pagine\/pdf.png\" alt=\"pdf\" width=\"32\" height=\"32\" title=\"\">\u00a0<span style=\"color: #0000ff\">20 Settembre 2015 Montagna da tutelare &#8211; Escursione TAM a Leonessa (Monti Reatini)\u00a0Resoconto<\/span><\/a><\/p>\n<p><a title=\"Seminario TAM Lazio\" href=\"https:\/\/drive.google.com\/file\/d\/0B3jhZT8_O7qqZmZDTEZCcUQxc0U\/view?usp=sharing\" target=\"_blank\" rel=\"alternate noopener noreferrer\"><strong><img loading=\"lazy\" decoding=\"async\" class=\"alignnone size-full wp-image-27808\" src=\"https:\/\/organizzazione.cai.it\/commissione-centrale-tutela-ambiente-montano\/wp-content\/uploads\/sites\/85\/2024\/11\/pdf-1.png\" alt=\"- CAI\" width=\"24\" height=\"24\" title=\"\"><\/strong><\/a>\u00a0<span style=\"color: #0000ff\"><a style=\"color: #0000ff\" title=\"20 Settembre 2015 Montagna da tutelare - Escursione TAM a Leonessa (Monti Reatini)\" href=\"https:\/\/organizzazione.cai.it\/commissione-centrale-tutela-ambiente-montano\/wp-content\/uploads\/sites\/85\/2024\/11\/14-marzo-2015-Sulle-tracce-dei-ghiacciai.pdf\" target=\"_blank\" rel=\"alternate noopener noreferrer\">20 Settembre 2015 Montagna da tutelare &#8211; Escursione TAM a Leonessa (Monti Reatini)<\/a><\/span><\/p>\n<p style=\"text-align: justify\"><a title=\"Seminario TAM Lazio\" href=\"https:\/\/drive.google.com\/file\/d\/0B3jhZT8_O7qqZmZDTEZCcUQxc0U\/view?usp=sharing\" target=\"_blank\" rel=\"alternate noopener noreferrer\"><strong><img loading=\"lazy\" decoding=\"async\" class=\"alignnone size-full wp-image-27808\" src=\"https:\/\/organizzazione.cai.it\/commissione-centrale-tutela-ambiente-montano\/wp-content\/uploads\/sites\/85\/2024\/11\/pdf-1.png\" alt=\"- CAI\" width=\"24\" height=\"24\" title=\"\"><\/strong><\/a>\u00a0<span style=\"color: #0000ff\"><a title=\"18- 19 Luglio 2015 - Corso di aggiornamento per operatori STAM - Villavallelonga (PNALM)\" href=\"https:\/\/organizzazione.cai.it\/commissione-centrale-tutela-ambiente-montano\/wp-content\/uploads\/sites\/85\/2024\/11\/18-19-luglio-2015-Corso-di-aggiornamento-per-operatori-STAM.pdf\" target=\"_blank\" rel=\"alternate noopener noreferrer\">18- 19 Luglio 2015 &#8211; Corso di aggiornamento per operatori STAM &#8211; Villavallelonga (PNALM<\/a>)<\/span><\/p>\n<p style=\"text-align: justify\"><span style=\"color: #0000ff\"><a title=\"Seminario TAM Lazio\" href=\"https:\/\/drive.google.com\/file\/d\/0B3jhZT8_O7qqZmZDTEZCcUQxc0U\/view?usp=sharing\" target=\"_blank\" rel=\"alternate noopener noreferrer\"><strong><img loading=\"lazy\" decoding=\"async\" class=\"alignnone size-full wp-image-27808\" src=\"https:\/\/organizzazione.cai.it\/commissione-centrale-tutela-ambiente-montano\/wp-content\/uploads\/sites\/85\/2024\/11\/pdf-1.png\" alt=\"- CAI\" width=\"24\" height=\"24\" title=\"\"><\/strong><\/a>\u00a0<a title=\"12 Luglio 2015 - Escursione Monte Magnola\" href=\"https:\/\/organizzazione.cai.it\/commissione-centrale-tutela-ambiente-montano\/wp-content\/uploads\/sites\/85\/2024\/11\/12-luglio-2015-Sul-sentiero-della-tutela-della-montagna.pdf\" target=\"_blank\" rel=\"alternate noopener noreferrer\">12 Luglio 2015 &#8211; Escursione Monte Magnola<\/a> &#8211;\u00a0<a href=\"https:\/\/organizzazione.cai.it\/commissione-centrale-tutela-ambiente-montano\/wp-content\/uploads\/sites\/85\/2024\/11\/18-19-luglio-2015-Corso-di-aggiornamento-per-operatori-STAM.pdf\" target=\"_blank\" rel=\"noopener\">18 &#8211; 19 luglio 2015 &#8211; Corso di aggiornamento per operatori STAM<\/a> <a href=\"https:\/\/organizzazione.cai.it\/commissione-centrale-tutela-ambiente-montano\/wp-content\/uploads\/sites\/85\/2024\/11\/12-luglio-2015-Sul-sentiero-della-tutela-della-montagna.pdf\" target=\"_blank\" rel=\"noopener\">12 luglio 2015 &#8211; Sul sentiero della tutela della montagna<\/a> <img loading=\"lazy\" decoding=\"async\" class=\"alignnone  wp-image-27881\" src=\"https:\/\/organizzazione.cai.it\/commissione-centrale-tutela-ambiente-montano\/wp-content\/uploads\/sites\/85\/2024\/11\/Picasa.png\" alt=\"- CAI\" width=\"24\" height=\"24\" title=\"\"> <a title=\"Galleria fotografica - Monte Magnola\" href=\"https:\/\/picasaweb.google.com\/107278310706024408131\/MonteMagnolaSulSentieroDellaTutelaDellaMontagna\" target=\"_blank\" rel=\"alternate noopener noreferrer\">Galleria fotografica<\/a> <\/span><\/p>\n<p><a title=\"Seminario TAM Lazio\" href=\"https:\/\/drive.google.com\/file\/d\/0B3jhZT8_O7qqZmZDTEZCcUQxc0U\/view?usp=sharing\" target=\"_blank\" rel=\"alternate noopener noreferrer\"><strong><img loading=\"lazy\" decoding=\"async\" class=\"alignnone size-full wp-image-27808\" src=\"https:\/\/organizzazione.cai.it\/commissione-centrale-tutela-ambiente-montano\/wp-content\/uploads\/sites\/85\/2024\/11\/pdf-1.png\" alt=\"- CAI\" width=\"24\" height=\"24\" title=\"\"><\/strong><\/a>\u00a0<span style=\"color: #0000ff\"><a title=\"28 marzo 2015 - Il Gruppo Regionale del Cai del Lazio presenta: 63 anni &quot;Trendo Film Festival&quot;\" href=\"https:\/\/organizzazione.cai.it\/commissione-centrale-tutela-ambiente-montano\/wp-content\/uploads\/sites\/85\/2024\/11\/28-marzo-2015-63-anni-di-trento-film-festival.pdf\" target=\"_blank\" rel=\"alternate noopener noreferrer\">28 marzo 2015 &#8211; Il Gruppo Regionale del Cai del Lazio presenta: 63 anni &#8220;Trento Film Festival&#8221;<\/a><\/span><\/p>\n<p><a title=\"Seminario TAM Lazio\" href=\"https:\/\/drive.google.com\/file\/d\/0B3jhZT8_O7qqZmZDTEZCcUQxc0U\/view?usp=sharing\" target=\"_blank\" rel=\"alternate noopener noreferrer\"><strong><img loading=\"lazy\" decoding=\"async\" class=\"alignnone size-full wp-image-27808\" src=\"https:\/\/organizzazione.cai.it\/commissione-centrale-tutela-ambiente-montano\/wp-content\/uploads\/sites\/85\/2024\/11\/pdf-1.png\" alt=\"- CAI\" width=\"24\" height=\"24\" title=\"\"><\/strong><\/a>\u00a0<span style=\"color: #0000ff\"><a title=\"14 marzo 2015 - La Sezione Cai di Rieti, presso l&#039;Auditorium Vannore, proietta il film sulle &quot;Tracce dei ghiacciai&quot;\" href=\"https:\/\/organizzazione.cai.it\/commissione-centrale-tutela-ambiente-montano\/wp-content\/uploads\/sites\/85\/2024\/11\/14-marzo-2015-Sulle-tracce-dei-ghiacciai.pdf\" target=\"_blank\" rel=\"alternate noopener noreferrer\">14 marzo 2015 &#8211; La Sezione Cai di Rieti, presso l&#8217;Auditorium Vannore, proietta il film sulle &#8220;Tracce dei ghiacciai&#8221;<\/a><\/span><\/p>\n","protected":false},"excerpt":{"rendered":"<p>Iniziative 2018 CRTAM con CCTAM Borsa di Studio &#8211; Tesi per Andrea Tomei&#8230;referente&#8230;.mail (breve descrizione di 300 caratteri spazi inclusi) Aggiornamento TAM &#8211; Aggiornamento TAM regionale&#8230;referente&#8230;..mail (breve descrizione di 300 [&hellip;]<\/p>\n","protected":false},"author":1,"featured_media":1652,"comment_status":"closed","ping_status":"open","sticky":false,"template":"","format":"standard","meta":{"footnotes":""},"categories":[6],"tags":[19,36,18],"_links":{"self":[{"href":"https:\/\/organizzazione.cai.it\/commissione-centrale-tutela-ambiente-montano\/wp-json\/wp\/v2\/posts\/1828"}],"collection":[{"href":"https:\/\/organizzazione.cai.it\/commissione-centrale-tutela-ambiente-montano\/wp-json\/wp\/v2\/posts"}],"about":[{"href":"https:\/\/organizzazione.cai.it\/commissione-centrale-tutela-ambiente-montano\/wp-json\/wp\/v2\/types\/post"}],"author":[{"embeddable":true,"href":"https:\/\/organizzazione.cai.it\/commissione-centrale-tutela-ambiente-montano\/wp-json\/wp\/v2\/users\/1"}],"replies":[{"embeddable":true,"href":"https:\/\/organizzazione.cai.it\/commissione-centrale-tutela-ambiente-montano\/wp-json\/wp\/v2\/comments?post=1828"}],"version-history":[{"count":1,"href":"https:\/\/organizzazione.cai.it\/commissione-centrale-tutela-ambiente-montano\/wp-json\/wp\/v2\/posts\/1828\/revisions"}],"predecessor-version":[{"id":1829,"href":"https:\/\/organizzazione.cai.it\/commissione-centrale-tutela-ambiente-montano\/wp-json\/wp\/v2\/posts\/1828\/revisions\/1829"}],"wp:featuredmedia":[{"embeddable":true,"href":"https:\/\/organizzazione.cai.it\/commissione-centrale-tutela-ambiente-montano\/wp-json\/wp\/v2\/media\/1652"}],"wp:attachment":[{"href":"https:\/\/organizzazione.cai.it\/commissione-centrale-tutela-ambiente-montano\/wp-json\/wp\/v2\/media?parent=1828"}],"wp:term":[{"taxonomy":"category","embeddable":true,"href":"https:\/\/organizzazione.cai.it\/commissione-centrale-tutela-ambiente-montano\/wp-json\/wp\/v2\/categories?post=1828"},{"taxonomy":"post_tag","embeddable":true,"href":"https:\/\/organizzazione.cai.it\/commissione-centrale-tutela-ambiente-montano\/wp-json\/wp\/v2\/tags?post=1828"}],"curies":[{"name":"wp","href":"https:\/\/api.w.org\/{rel}","templated":true}]}}