{"id":1837,"date":"2020-01-06T09:41:11","date_gmt":"2020-01-06T09:41:11","guid":{"rendered":"https:\/\/organizzazione.cai.it\/commissione-centrale-tutela-ambiente-montano\/2020\/01\/attivita-anni-precedenti-abruzzo\/"},"modified":"2024-12-01T19:01:40","modified_gmt":"2024-12-01T19:01:40","slug":"attivita-anni-precedenti-abruzzo","status":"publish","type":"post","link":"https:\/\/organizzazione.cai.it\/commissione-centrale-tutela-ambiente-montano\/2020\/01\/attivita-anni-precedenti-abruzzo\/","title":{"rendered":"Attivit\u00e0 Anni Precedenti Abruzzo"},"content":{"rendered":"<h2 class=\"fusion-responsive-typography-calculated\" data-fontsize=\"18\" data-lineheight=\"27px\">Calendario eventi\/attivit\u00e0 2020 della CRTAM Abruzzo<\/h2>\n<table>\n<tbody>\n<tr>\n<td>Data<\/td>\n<td>Tipo evento + argomento<\/td>\n<td>Luogo<\/td>\n<td>Referente (E-mail)<\/td>\n<td>N. partecipenti<\/td>\n<\/tr>\n<tr>\n<td>21 luglio 2019<\/td>\n<td><a href=\"https:\/\/archivio.cai.it\/wp-content\/uploads\/2020\/01\/2019.07.21-LOCANDINA-AGGIORNAMENTO.zip\" target=\"_blank\" rel=\"noopener\">Caratteristiche floristiche e vegetazionali della Flora Appenninica<\/a><\/td>\n<td><\/td>\n<td><\/td>\n<td><\/td>\n<\/tr>\n<tr>\n<td>16 giugno 2019<\/td>\n<td><a href=\"https:\/\/archivio.cai.it\/wp-content\/uploads\/2020\/01\/2019.06.16-LA-MONTAGNA-SI-TINGE-DI-ROSA-Scanno.jpg\" target=\"_blank\" rel=\"noopener\">La montagna si tinge di rosa<\/a><\/td>\n<td><\/td>\n<td><\/td>\n<td><\/td>\n<\/tr>\n<tr>\n<td>giugno 2019<\/td>\n<td><a href=\"https:\/\/archivio.cai.it\/wp-content\/uploads\/2020\/01\/2019.06-AttiviTam-n2-GIUGNO-2019.pdf\" target=\"_blank\" rel=\"noopener\">Attivit\u00e0 TAM \u2013 Giugno 2019<\/a><\/td>\n<td><\/td>\n<td><\/td>\n<td><\/td>\n<\/tr>\n<tr>\n<td>26 gennaio 2019<\/td>\n<td><a href=\"https:\/\/archivio.cai.it\/wp-content\/uploads\/2020\/01\/2019.01.26-Invito-Safe-Crossing.jpg\" target=\"_blank\" rel=\"noopener\">SEMINARIO NAZIONALE DI PRESENTAZIONE DEL PROGETTO LIFE NAT17 00464 \u201cSAFE CROSSING\u201d<\/a><\/td>\n<td><\/td>\n<td><\/td>\n<td><\/td>\n<\/tr>\n<tr>\n<td>16 novembre 2018<\/td>\n<td><a title=\"GRANDI CARNIVORI Tutela dell&#039;Orso Bruno Marsicano. Parco Nazionale d&#039;Abruzzo Lazio e Molise, 15 novembre 2018 Morti tre orsi\" href=\"https:\/\/archivio.cai.it\/wp-content\/uploads\/2020\/01\/2018_11_16_articolo_tutela_orso_bruno_marsicano.pdf\" target=\"_blank\" rel=\"noopener\">GRANDI CARNIVORI \u2013 Tutela dell\u2019Orso Bruno Marsicano. Parco Nazionale d\u2019Abruzzo Lazio e Molise, 15 novembre 2018 Morti tre orsi<\/a><\/td>\n<td><\/td>\n<td><\/td>\n<td><\/td>\n<\/tr>\n<tr>\n<td>27 ottobre 2018<\/td>\n<td><a href=\"https:\/\/archivio.cai.it\/wp-content\/uploads\/2020\/01\/2018.10.28-Locandina-Convegno-Lama.pdf\" target=\"_blank\" rel=\"noopener\">Convegno Lama<\/a><\/td>\n<td><\/td>\n<td><\/td>\n<td><\/td>\n<\/tr>\n<tr>\n<td>27 ottobre 2018<\/td>\n<td>Programma Vulnerabilit\u00e0 e tutela dell\u2019acquifero carsico compartimentato del Gran Sasso d\u2019Italia<\/td>\n<td><\/td>\n<td><\/td>\n<td><\/td>\n<\/tr>\n<tr>\n<td>20 ottobre 2018<\/td>\n<td><a href=\"https:\/\/archivio.cai.it\/wp-content\/uploads\/2020\/01\/2018.10.20-Sentiero-Itali-locandina-Santin.pdf\" target=\"_blank\" rel=\"noopener\">Sentiero Italia<\/a><\/td>\n<td><\/td>\n<td><\/td>\n<td><\/td>\n<\/tr>\n<tr>\n<td>17 ottobre 2018<\/td>\n<td><a href=\"https:\/\/archivio.cai.it\/wp-content\/uploads\/2020\/01\/2018.10.17-Intitolazione-del-sentiero-del-Parco-Indro-Montanelli-Lelio-Porreca.jpg\" target=\"_blank\" rel=\"noopener\">Intitolazione del sentiero del Parco Indro Montanelli Lelio Porreca<\/a><\/td>\n<td><\/td>\n<td><\/td>\n<td><\/td>\n<\/tr>\n<tr>\n<td>13 ottobre 2018<\/td>\n<td>Programma Il Patrimonio Geologico del Parco Nazionale Gran Sasso \u2013 Monti della Laga una nuova strategia di valorizzazione e fruizione del territorio<\/td>\n<td><\/td>\n<td><\/td>\n<td><\/td>\n<\/tr>\n<tr>\n<td>6 \/ 7 ottobre 2018<\/td>\n<td><a href=\"https:\/\/archivio.cai.it\/wp-content\/uploads\/2020\/01\/2018.10.06-07-Visite-guidate-al-museo-del-lupo-.jpg\" target=\"_blank\" rel=\"noopener\">Visite guidate al \u201cMuseo del Lupo\u201d<\/a><\/td>\n<td><\/td>\n<td><\/td>\n<td><\/td>\n<\/tr>\n<tr>\n<td>ottobre 2018<\/td>\n<td><a href=\"https:\/\/archivio.cai.it\/wp-content\/uploads\/2020\/01\/2018.10-Attivitam-Ottobre.pdf\" target=\"_blank\" rel=\"noopener\">Attivit\u00e0 TAM Ottobre<\/a><\/td>\n<td><\/td>\n<td><\/td>\n<td><\/td>\n<\/tr>\n<tr>\n<td>24 settembre 2018<\/td>\n<td><a href=\"http:\/\/www.gransassolagapark.it\/novdettaglio.php?id=50043\" target=\"_blank\" rel=\"noopener\">Censimento annuale dei lupi nel PNGSLParco nazionale del Gran Sasso e Monti della Laga \u2013 Localizzati 20 branchi con la tecnica del wolf howling<\/a><\/td>\n<td><\/td>\n<td><\/td>\n<td><\/td>\n<\/tr>\n<tr>\n<td>22 settembre 2018<\/td>\n<td>Il Club Alpino Italiano di Teramo e la sua Commissione Sezionale TAM \u201cTutela Ambiente Montano\u201d sono lieti di invitare i propri sodali e tutta la cittadinanza a partecipare al convegno che si terr\u00e0 il prossimo 22 settembre 2018 presso la Sala Polifunzionale della Provincia di Teramo, in Via Comi\u2026<a href=\"https:\/\/archivio.cai.it\/wp-content\/uploads\/2020\/01\/2018.09.22-Giornata-sul-Lupo.pdf\" target=\"_blank\" rel=\"noopener noreferrer\" data-btarget=\"_blank\" data-b>Per saperne di pi\u00f9<\/a>\u00a0\u2013\u00a0<a href=\"https:\/\/archivio.cai.it\/wp-content\/uploads\/2020\/01\/2018.09.22-locandina-copia-A3-finale.pdf\" target=\"_blank\" rel=\"noopener\">Locandina<\/a><\/td>\n<td><\/td>\n<td><\/td>\n<td><\/td>\n<\/tr>\n<tr>\n<td>8\/9 settembre 2018<\/td>\n<td>FORESTE VETUSTE d\u2019ABRUZZO Patrimonio del Parco Naz. D\u2019Abruzzo, Lazio e Molise con il Cai Coppo dell\u2019Orso\u00a0\u2013 Sezione di Coppo Dell\u2019Orso \u2013 terza escursione nella Foresta di Moricento Gioia Dei Marsi<\/td>\n<td>Parco Nazionale D\u2019Abruzzo, Lazio e Molise<\/td>\n<td><\/td>\n<td><\/td>\n<\/tr>\n<tr>\n<td>20 \/ 26 agosto 2018<\/td>\n<td><a title=\"Trekking AbruzzoTrekking Abruzzo\" href=\"https:\/\/archivio.cai.it\/wp-content\/uploads\/2020\/01\/2018.08.20-26-Trekking-Abruzzo.zip\" target=\"_blank\" rel=\"noopener\">Trekking in Abruzzo Cai Tam Piemonte con Cai Tam Abruzzo<\/a><\/td>\n<td><\/td>\n<td><\/td>\n<td><\/td>\n<\/tr>\n<tr>\n<td>5 agosto 2018<\/td>\n<td><a href=\"https:\/\/archivio.cai.it\/wp-content\/uploads\/2020\/01\/2018.08.05-Monte-Coppe.jpg\" target=\"_blank\" rel=\"noopener\">Monte Coppe<\/a><\/td>\n<td>Rigopiano<\/td>\n<td><\/td>\n<td><\/td>\n<\/tr>\n<tr>\n<td>luglio<\/td>\n<td><a href=\"https:\/\/archivio.cai.it\/wp-content\/uploads\/2020\/01\/2018.07-Sistema-OBellx-documento.pdf\" target=\"_blank\" rel=\"noopener\">luglio 2018 \u2013 Interventi di difesa dal rischio valanghe nella localit\u00e0 Prati di Tivo mediante sistema denominato \u201cO\u2019BELLX\u201d. Documento del CAI Abruzzo<\/a>\u00a0\u2013\u00a0<a href=\"http:\/\/loscarpone.cai.it\/news\/items\/interventi-di-difesa-dal-rischio-valanghe-a-prati-di-tivo-con-il-sistema-obellx.html\" target=\"_blank\" rel=\"noopener\">Articolo Lo Scarpone CAI<\/a><\/td>\n<td><\/td>\n<td><\/td>\n<td><\/td>\n<\/tr>\n<tr>\n<td>19 giugno \/ 22 luglio 2018<\/td>\n<td>Corso di escursionismo<\/td>\n<td>#<\/td>\n<td><\/td>\n<td><\/td>\n<\/tr>\n<tr>\n<td>17 giugno 2018<\/td>\n<td><a href=\"https:\/\/archivio.cai.it\/wp-content\/uploads\/2020\/01\/2018.06.17-Monti-Etra.pdf\" target=\"_blank\" rel=\"noopener\">Monti Etra<\/a><\/td>\n<td><\/td>\n<td><\/td>\n<td><\/td>\n<\/tr>\n<tr>\n<td>16\/17 giugno 2018<\/td>\n<td>FORESTE VETUSTE d\u2019ABRUZZO Patrimonio del Parco Naz. D\u2019Abruzzo, Lazio e Molise con il Cai Coppo dell\u2019Orso\u00a0\u2013 Sezione di Coppo Dell\u2019Orso \u2013 seconda escursione in Val Fondillo Riserva Integrale \u201cValle Jancino\u201d;<\/td>\n<td>Parco Nazionale D\u2019Abruzzo, Lazio e Molise<\/td>\n<td><\/td>\n<td><\/td>\n<\/tr>\n<tr>\n<td>10 giugno<\/td>\n<td><a href=\"https:\/\/archivio.cai.it\/wp-content\/uploads\/2020\/01\/2018.06.10-Monte-Puzzillo.pdf\" target=\"_blank\" rel=\"noopener\">Monte Puzzillo<\/a><\/td>\n<td><\/td>\n<td>Cai Castelli<\/td>\n<td><\/td>\n<\/tr>\n<tr>\n<td>10 giugno 2018<\/td>\n<td><a href=\"https:\/\/archivio.cai.it\/wp-content\/uploads\/2020\/01\/2018.06.10-LA-MONTAGNA-SI-TINGE-DI-ROSA-2018.jpg\" target=\"_blank\" rel=\"noopener\">La montagna si tinge di rosa\u201d \u2013 La seconda edizione si terr\u00e0 nel versante orientale del Parco Naz. Maiella \u201cLa montagna sacra\u201d che prevede l\u2019escursione nella Valle di Guardiagrele con tema \u201cLe grotte della memoria\u201d, la rappresentazione a Piana Delle Mele del Teatro Mur\u00e8, la visita alla \u201cGrotta del Colle\u201d dove venne rinvenuta la statuetta di bronzo denominata \u201cDea di Rapino\u201d; vi \u00e8 anche la collaborazione dell\u2019archeo club di Guardiagrele;<\/a><\/td>\n<td>Guardiagrele<\/td>\n<td><\/td>\n<td><\/td>\n<\/tr>\n<tr>\n<td>9 giugno 2018<\/td>\n<td><a href=\"https:\/\/archivio.cai.it\/wp-content\/uploads\/2020\/01\/2018.06.09-Il-giardino-della-flora-appenninica.pdf\" target=\"_blank\" rel=\"noopener\">Il giardino della flora appenninica<\/a><\/td>\n<td>Monte Campo<\/td>\n<td><\/td>\n<td><\/td>\n<\/tr>\n<tr>\n<td>giugno<\/td>\n<td><a href=\"https:\/\/archivio.cai.it\/organo_tecnico\/commissione-centrale-tutela-ambiente-montano\/la-struttura\/crtam-citam-operatori-nazionali-regionali-e-sezionali\/abruzzo\/attivita-anni-precedenti-abruzzo\/index.php?option=com_content&amp;view=article&amp;id=797&amp;catid=26&amp;Itemid=126\" target=\"_blank\" rel=\"noopener\">Gran Sasso, la Commissione TAM del CAI contraria al sistema paravalanghe sul Corno Piccolo<\/a><\/td>\n<td>Gran Sasso d\u2019Italia<\/td>\n<td>###<\/td>\n<td><\/td>\n<\/tr>\n<tr>\n<td>26 maggio 2018<\/td>\n<td><a href=\"https:\/\/archivio.cai.it\/wp-content\/uploads\/2020\/01\/2018.05.26-Convegno-%E2%80%9CLa-Natura-Ritrovata-Colorer%C3%A0-il-Futuro-della-Nostra-Terra%E2%80%9D-%E2%80%93-Villavallelonga.pdf\" target=\"_blank\" rel=\"noopener\">Convegno \u201cLa Natura Ritrovata Colorer\u00e0 il Futuro della Nostra Terra\u201d<\/a><\/td>\n<td>VillaValleLonga<\/td>\n<td><\/td>\n<td><\/td>\n<\/tr>\n<tr>\n<td>19\/20 maggio 2018<\/td>\n<td>FORESTE VETUSTE d\u2019ABRUZZO Patrimonio del Parco Naz. D\u2019Abruzzo, Lazio e Molise con il Cai Coppo dell\u2019Orso \u2013 Sezione di Coppo Dell\u2019Orso \u2013 prima escursione nella zona a Foresta Vetusta \u201cCoppo del principe\u201d Pescasseroli;<\/td>\n<td>Parco Nazionale D\u2019Abruzzo, Lazio e Molise<\/td>\n<td><\/td>\n<td><\/td>\n<\/tr>\n<tr>\n<td>13 maggio 2018<\/td>\n<td>Giornata \u201cin cammino nei parchi\u201d<\/td>\n<td>paesi e monti d\u2019Abruzzo<\/td>\n<td><\/td>\n<td><\/td>\n<\/tr>\n<tr>\n<td>maggio 2018<\/td>\n<td><a href=\"https:\/\/archivio.cai.it\/wp-content\/uploads\/2020\/01\/2018.05-Violenza-contro-il-Gran-Sasso.pdf\" target=\"_blank\" rel=\"noopener\">12 O\u2019BELLX verrannp installati alla base della parete Nord di Corno Piccolo lungo il sentiero Ventricini<\/a><\/td>\n<td><\/td>\n<td><\/td>\n<td><\/td>\n<\/tr>\n<tr>\n<td>22 aprile 2018<\/td>\n<td><a href=\"https:\/\/archivio.cai.it\/wp-content\/uploads\/2020\/01\/2018.04.22-La-Foresta-di-San-Gerbone.pdf\" target=\"_blank\" rel=\"noopener\">La \u201cForesta di San Gerbone\u201d<\/a><\/td>\n<td>\u201cParco Nazionale del Gran Sasso e Monti della Laga\u201d<\/td>\n<td><\/td>\n<td><\/td>\n<\/tr>\n<tr>\n<td>8 aprile 2018<\/td>\n<td><a href=\"https:\/\/archivio.cai.it\/wp-content\/uploads\/2020\/01\/2018.04.07-articolo-interventi-acqua-gran-sasso.pdf\" target=\"_blank\" rel=\"noopener\">Interventi Acqua del Gran Sasso<\/a><\/td>\n<td><\/td>\n<td><\/td>\n<td><\/td>\n<\/tr>\n<tr>\n<td>23 marzo 2018<\/td>\n<td><a href=\"https:\/\/archivio.cai.it\/wp-content\/uploads\/2020\/01\/2018.03.23-Tutela-piani-carsici.pdf\" target=\"_blank\" rel=\"noopener\">GMA, Educazione Ambientale \u2013 Tutela piani carsici<\/a><\/td>\n<td><\/td>\n<td><\/td>\n<td><\/td>\n<\/tr>\n<tr>\n<td>22 marzo 2018<\/td>\n<td><a title=\"22 marzo 2018 - Cai Teramo - Prevenzione - Inquinamento - Trasparenza - Acquifero del Gran Sasso d&#039;Italia Tunnel autostradale Laboratorio di Fisica Nucleare\" href=\"https:\/\/archivio.cai.it\/wp-content\/uploads\/2020\/01\/2018.03.23-Prevenzione-Inquinamento-Trasparenza-Nature-for-water-Acquifero-del-Gran-Sasso-dItalia-Tunnel-autostradale-Laboratorio-di-Fisica-Nucleare.pdf\" target=\"_blank\" rel=\"noopener\">GMA, Prevenzione \u2013 Inquinamento \u2013 Trasparenza: acquifero del Gran Sasso d\u2019Italia tunnel autostradale e\u00a0 laboratorio di Fisica Nucleare<\/a><\/td>\n<td><\/td>\n<td><\/td>\n<td><\/td>\n<\/tr>\n<tr>\n<td>22 marzo 2018<\/td>\n<td><a href=\"https:\/\/archivio.cai.it\/organo_tecnico\/commissione-centrale-tutela-ambiente-montano\/la-struttura\/crtam-citam-operatori-nazionali-regionali-e-sezionali\/abruzzo\/attivita-anni-precedenti-abruzzo\/acqua-gran-sasso&amp;catid=26,15&amp;Itemid=285\" target=\"_blank\" rel=\"noopener\">Giornata mondiale dell\u2019acqua<\/a><\/td>\n<td>Teramo e altri<\/td>\n<td><\/td>\n<td>####<\/td>\n<\/tr>\n<tr>\n<td>17 marzo 2018<\/td>\n<td><a href=\"https:\/\/archivio.cai.it\/wp-content\/uploads\/2020\/01\/2018.03.18-Sulle-tracce-dei-lupi.jpg\" target=\"_blank\" rel=\"noopener\">Sulle tracce dei lupi \u2013 Si terr\u00e0 l\u2019attesa presentazione del libro di Anna Consalvo e Ciro Manente dal titolo \u201cSULLE TRACCE DEI LUPI\u201d (Ricerche&amp;Redazioni, 2018).A presentare il volume il giornalista RAI Umberto Braccili, voce indipendente del giornalismo abruzzese da sempre dalla parte dei cittadini.Sulle tracce dei lupi<\/a><\/td>\n<td>Teramo<\/td>\n<td><\/td>\n<td><\/td>\n<\/tr>\n<tr>\n<td>9 \/ 11 marzo 2018<strong><br \/>\n<\/strong><\/td>\n<td><a href=\"https:\/\/archivio.cai.it\/organo_tecnico\/commissione-centrale-tutela-ambiente-montano\/la-struttura\/crtam-citam-operatori-nazionali-regionali-e-sezionali\/abruzzo\/attivita-anni-precedenti-abruzzo\/index.php?option=com_content&amp;view=article&amp;id=762&amp;catid=26,28&amp;Itemid=126\" target=\"_blank\" rel=\"noopener\">L\u2019altra neve 2018<\/a><\/td>\n<td>Majella \u2013 Pescocostanzo<\/td>\n<td>\u00a0<a href=\"mailto:tam@caiabruzzo.i\">tam@caiabruzzo.it.<\/a><\/td>\n<td>#####<\/td>\n<\/tr>\n<tr>\n<td>3 marzo 2018<\/td>\n<td><a href=\"https:\/\/archivio.cai.it\/wp-content\/uploads\/2020\/01\/2018.03.03-Sulle-tracce-dei-pastori.pdf\" target=\"_blank\" rel=\"noopener\">Sulle tracce dei pastori<\/a><\/td>\n<td><\/td>\n<td><\/td>\n<td><\/td>\n<\/tr>\n<tr>\n<td>28 febbraio 2018<\/td>\n<td><a href=\"https:\/\/archivio.cai.it\/organo_tecnico\/commissione-centrale-tutela-ambiente-montano\/la-struttura\/crtam-citam-operatori-nazionali-regionali-e-sezionali\/abruzzo\/attivita-anni-precedenti-abruzzo\/28-febbraio-2018-radio-montana&amp;catid=26&amp;Itemid=126\" target=\"_blank\" rel=\"noopener\">La radio in montagna<\/a><\/td>\n<td>Teramo<\/td>\n<td><\/td>\n<td>####<\/td>\n<\/tr>\n<tr>\n<td>17 febbraio 2018<\/td>\n<td><a title=\"La Maiella in primo piano tra geologia e paesaggio\" href=\"https:\/\/archivio.cai.it\/wp-content\/uploads\/2020\/01\/2018.02.17-La-Maiella-in-primo-piano-tra-geologia-e-paesaggio.jpg\" target=\"_blank\" rel=\"noopener\">La Maiella in primo piano tra geologia e paesaggio<\/a><\/td>\n<td>Vasto<\/td>\n<td><\/td>\n<td><\/td>\n<\/tr>\n<tr>\n<td>9 Febbraio 2018<\/td>\n<td><a href=\"https:\/\/archivio.cai.it\/organo_tecnico\/commissione-centrale-tutela-ambiente-montano\/la-struttura\/crtam-citam-operatori-nazionali-regionali-e-sezionali\/abruzzo\/attivita-anni-precedenti-abruzzo\/9-febbraio-2018-incontro-con-paolo-cognetti&amp;catid=26&amp;Itemid=126\" target=\"_blank\" rel=\"noopener\">Incontro \u201d Paolo Cognetti\u2026. racconta la montagna\u201d organizzato dal Comitato Scientifico<\/a><\/td>\n<td>L\u2019Aquila<\/td>\n<td><\/td>\n<td>###<\/td>\n<\/tr>\n<tr>\n<td>2 Febbraio 2018<\/td>\n<td><a href=\"https:\/\/archivio.cai.it\/organo_tecnico\/commissione-centrale-tutela-ambiente-montano\/la-struttura\/crtam-citam-operatori-nazionali-regionali-e-sezionali\/abruzzo\/attivita-anni-precedenti-abruzzo\/2-febbraio-2018-riunione-commissione-reg-tam-abruzzo&amp;catid=26&amp;Itemid=126\" target=\"_blank\" rel=\"noopener\">riunione della Commissione Reg. TAM<\/a><\/td>\n<td>Sezione CAI di Pescara in Via Aldo Moro,15\/8<\/td>\n<td>tam@caiabruzzo.it<\/td>\n<td>###<\/td>\n<\/tr>\n<tr>\n<td>26 gennaio 2018<\/td>\n<td>Al via il nuovo corso per Guide del Cerrano \u2013<\/td>\n<td>Pineto<\/td>\n<td><\/td>\n<td><\/td>\n<\/tr>\n<tr>\n<td>26 gennaio 2018<\/td>\n<td><a href=\"https:\/\/archivio.cai.it\/wp-content\/uploads\/2020\/01\/2018.01.26-Ord_51_Doc5.pdf\" target=\"_blank\" rel=\"noopener\">Scadenza presentazione progetti di educazione ambientale alla sostenibilit\u00e0<\/a>\u00a0\u2013\u00a0<a href=\"https:\/\/archivio.cai.it\/organo_tecnico\/commissione-centrale-tutela-ambiente-montano\/la-struttura\/crtam-citam-operatori-nazionali-regionali-e-sezionali\/abruzzo\/attivita-anni-precedenti-abruzzo\/#\" target=\"_blank\" rel=\"noopener\">Info corso<\/a>\u00a0\u2013\u00a0<a href=\"https:\/\/archivio.cai.it\/wp-content\/uploads\/2020\/01\/2018.01.26-bollettino-ufficiale-regione-abruzzo.pdf\" target=\"_blank\" rel=\"noopener\">Bollettino ufficiale Regionale Abruzzo<\/a><\/td>\n<td>Come Cea \u201cgli aquilotti\u201d del Cai Abruzzo lo hanno presentato Cai Castelli e Cai Coppo dell\u2019Orso<\/td>\n<td><\/td>\n<td>##<\/td>\n<\/tr>\n<\/tbody>\n<\/table>\n<p><span class=\"fontstyle0\"><strong>Aggiornamento TAM 2018 \u2013\u00a0<\/strong><strong>La Montagna si tinge di Rosa<\/strong>\u00a0<\/span>\u2013\u00a010 giugno 2018 \u2013 La montagna si tinge di rosa. La seconda edizione si terr\u00e0 nel versante orientale del Parco Naz. Maiella con escursione, rappresentazione teatrale e collaborazioni diverse \u2013 Referente Alejandra Meda ONTAM<\/p>\n<p><strong>progetto tematizzazione sentieri<\/strong>\u00a0referente\u00a0D\u2019Altorio Valerio \u2013\u00a0<a href=\"mailto:daltoriovalerio54@gmail.com\">daltoriovalerio54@gmail.com<\/a><br \/>\n<span class=\"fontstyle0\">Si prosegue la riorganizzazionwe del\u00a0<\/span><span class=\"fontstyle0\">materiale relativo al CamminaItalia in Abruzzo che si sviluppa in 59 tappe che compongono \u201cil sentiero verde dei Parchi d\u2019Abruzzo\u201d tra natura e cultura. Si evidenzia il valore dell\u2019escursionismo per avvicinare alla montagna e ai paesi rilanciandone la funzione di presidio del dopo terremoto<\/span><\/p>\n<p><span class=\"fontstyle0\"><strong>progetto Studio impatto bici<\/strong>\u00a0referente Dragone Patrizia\u00a0<a href=\"mailto:patriziadragone57@gmail.com\">patriziadragone57@gmail.com<\/a><br \/>\nLa fruizione naturalista e culturale dei sentieri deve essere a impatto zero. La Commissione CAI TAM intende monotorare gli effetti dell\u2019impatto delle bici sui sentieri e documentare le proposte delle Aree protette con i percorsi individuati per le bici.<\/span><\/p>\n<p><span class=\"fontstyle0\"><strong>Bidecalogo\u00a0<\/strong><\/span>\u2013\u00a0 Diffusione a docenti con Ufficio Scolastico Regionale<\/p>\n<p><strong>Tematizzazione dei sentieri S.I. in Abruzzo<\/strong><br \/>\nDopo la precedente segnalazione relativa alla Tappa N\u00b0 143 del S. I. variante versante orientale del Parco Naz. Maiella \u201cIl Calvario \u2013 Serramonacesca, ecc..\u201d si segnala l\u2019altra Tappa N\u00b0 126 \u201d Barrea- Scontrone- Rivisondoli\u201d che necessita un miglioramento della segnaletica perch\u00e9 \u00e8 presente solo in alcuni punti. Per quanto riguarda la Tappa N\u00b0 143 nella zona \u201cIl Calvario-Aia della Forca\u201d si aggiorna che ad oggi ne \u00e8 stata ripristinata al sua quasi totalit\u00e0 di percorrenza; la parte che manca verr\u00e0 sistemata a breve provvedendo anche al rifacimento della segnaletica. Nella zona vicino alla forcatura \u201cAia della Forca\u201d sono presenti nei pressi del sentiero dei rifiuti precipitati dall\u2019ex discarica del comune di Pretoro (cassonetto verde grande, materiale plastico vario, bidoni di latta, pneumatico, ecc.. ) che sono stati segnalati all\u2019amministrazione comunale. La Sindaca (mia ex alunna) ha ringraziato ed assicurato che provveder\u00e0 a far ripulire la zona. Comunque alcuni sentieri come questo rimarranno critici perch\u00e9 poco o per niente frequentati e di conseguenza il problema si ripresenter\u00e0. \u2013 Si allega documentazione fotografica<\/p>\n<p><strong>Diffusione Bidecalogo fra i Docenti<\/strong><br \/>\nGrazie alla collaborazione degli Insegnanti Soci CAI o amici si \u00e8 potuto far conoscere il Bidecalogo in alcuni Istituti scolastici della Prov. di Chieti e Pescara. A riguardo segnaliamo il loro apprezzamento e interesse per come il sodalizio si comporta verso l\u2019ambiente. Per questo motivo occorre continuare il lavoro di diffusione.<\/p>\n<p><strong>Impatto mezzi motorizzati e Bici (monitoraggio dei luoghi lungo i sentieri escursionistici)<\/strong><br \/>\nCirca questo problema si segnala che alcuni tratti del S.I. come la Tappa N\u00b0 126 (Barrea-Rivisondoli)sono percorsi da moto e macchine. Questo \u00e8 dovuto al fatto che alla fine della localit\u00e0 Aremogna di Roccaraso vi \u00e8 una sbarra che \u00e8 sempre aperta e per questo motivo questi mezzi possono salire in vetta e nelle zone attigue. Altro discorso da fare \u00e8 quello per le Bici che spesso frequentano percorsi a loro non riservati e sono in continuo aumento.<br \/>\nA riprova alleghiamo la relativa documentazione fotografica.<\/p>\n<p><strong>3\u00b0 Corso OSTAM<\/strong>\u00a0Direttore Carlo Iacovella ONTAM\u00a0<a href=\"mailto:tam@caiabruzzo.it\">tam@caiabruzzo.it<\/a><br \/>\nIl Corso si rivolge a soci con particolare interesse per le tematiche naturalistico-ambientali e che siano motivati alla tutela e alla divulgazione delle conoscenze per maturare comportamenti individuali e collettivi attenti a qualit\u00e0 della vita e limite delle risorse. Ci si rivolge in particolare a Sezioni Cai che ancora non hanno soci qualificati TAM per completare la Struttura regionale CAI TAM.<\/p>\n<p><strong>progetto Studio impatto bici<\/strong>\u00a0referente Dragone Patrizia\u00a0<a href=\"mailto:patriziadragone57@gmail.com\">patriziadragone57@gmail.com<\/a><br \/>\nLa fruizione naturalista e culturale dei sentieri deve essere a impatto zero. La Commissione CAI TAM intende monotorare gli effetti dell\u2019impatto delle bici sui sentieri e documentare le proposte delle Aree protette con i percorsi individuati per le bici.<strong><br \/>\n<\/strong><\/p>\n<p><strong>progetto tematizzazione sentieri<\/strong>\u00a0referente\u00a0D\u2019Altorio Valerio \u2013\u00a0<a href=\"mailto:daltoriovalerio54@gmail.com\">daltoriovalerio54@gmail.com<\/a><br \/>\n<span class=\"fontstyle0\">Si intende r<\/span><span class=\"fontstyle0\">iorganizzare il materiale relativo al Sentiero Italia in Abruzzo che si sviluppa in 59 tappe che compongono \u201cil sentiero verde dei Parchi d\u2019Abruzzo\u201d tra natura e cultura. Si evidenzia il valore dell\u2019escursionismo per avvicinare alla montagna e ai paesi rilanciandone la funzione di presidio del dopo terremoto.<\/span><\/p>\n<p><strong>5^ edizione in cammino nei Parchi \u2013 Abruzzo<\/strong><\/p>\n<p>Con il coordinamento del CAI Abruzzo tutte le Sezioni sono coinvolte e partecipano alla giornata in montagna con pi\u00f9 iniziative. Di riferimento il Sentiero Italia, ossatura della rete escursionistica d\u2019Abruzzo. Partecipa la CRTAM Abruzzo con la tematizzazione dei sentieri e l\u2019armonizzazione della segnaletica, adottando l\u2019abaco del CAI.<\/p>\n<p><strong>settimana dell\u2019escursionismo in Abruzzo<br \/>\n<\/strong><\/p>\n<p>Dopo l\u2019esperienza del 21 maggio con la giornata \u201cin cammino nei Parchi\u201d, a seguire, dal 24 giugno al 2 luglio il Cai regionale propone\u00a0 la Settimana Escursionistica nei Parchi d\u2019Abruzzo. Partecipano CCTAM e CRTAM Abruzzo per il progetto CAI TAM \u201cil bel paese\u201d, con la Carta Europea del Turismo Sostenibile e il valore dei borghi montani, l\u2019educazione ambientale, il Sentieri Italia che diventa il Sentiero Verde dei Parchi d\u2019Abruzzo con la promozione del sistema delle Aree Protette d\u2019Appennino e il recupero del dopo terremoto.<\/p>\n<p>Si avvicina la scadenza per la partecipazione al premio letterario biennale che la nostra Associazione ha istituito in memoria di Roberto Iannilli, suo amato e indimenticabile presidente, e si \u00e8 sentita l\u2019esigenza di richiamare l\u2019attenzione dei potenziali partecipanti attraverso la locandina allegata, da esporre nei luoghi pi\u00f9 idonei, fisici e virtuali. Alcuni social network e blog l\u2019hanno gi\u00e0 pubblicata. Vi invito pertanto a partecipare personalmente e\/o diffondere la notizia dell\u2019iniziativa nei modi e con i mezzi pi\u00f9 opportuni avvalendovi\u00a0 della locandina per promuoverla.<br \/>\nLa locandina evidenzia che il regolamento del premio \u00e8 consultabile sulla pagina facebook dell\u2019Associazione. Vi comparir\u00e0 tra breve, ma il regolamento \u00e8 comunque gi\u00e0 pubblicato su\u00a0<a href=\"http:\/\/www.alpinistidelgransasso.it\/\" target=\"_blank\" rel=\"noopener\">www.alpinistidelgransasso.it<\/a>, sezione \u2018l\u2019associazione-eventi-iniziative sociali\u2019.<br \/>\nPer qualsiasi ulteriore informazione e chiarimento fate \u2013 e fate fare \u2013 riferimento al recapito\u00a0<a href=\"mailto:'info@montemoro.com\">\u2018info@montemoro.com<\/a>\u201c.<br \/>\nRoberto Colacchia<br \/>\nSegretario e presidente<\/p>\n<h2 class=\"fusion-responsive-typography-calculated\" data-fontsize=\"18\" data-lineheight=\"27px\">Iniziative 2017 CRTAM con CCTAM<strong><br \/>\n<\/strong><\/h2>\n<p><strong><a href=\"https:\/\/archivio.cai.it\/organo_tecnico\/commissione-centrale-tutela-ambiente-montano\/la-struttura\/crtam-citam-operatori-nazionali-regionali-e-sezionali\/abruzzo\/attivita-anni-precedenti-abruzzo\/index.php?option=com_content&amp;view=article&amp;id=634&amp;catid=28&amp;Itemid=101\" target=\"_blank\" rel=\"noopener\">3\u00b0 Corso OSTAM<\/a><\/strong>\u00a0Direttore Carlo Iacovella ONTAM\u00a0<a href=\"mailto:tam@caiabruzzo.it\">tam@caiabruzzo.it<\/a><br \/>\nIl Corso si rivolge a soci con particolare interesse per le tematiche naturalistico-ambientali e che siano motivati alla tutela e alla divulgazione delle conoscenze per maturare comportamenti individuali e collettivi attenti a qualit\u00e0 della vita e limite delle risorse. Ci si rivolge in particolare a Sezioni Cai che ancora non hanno soci qualificati TAM per completare la Struttura regionale CAI TAM.<\/p>\n<p><strong>progetto Studio impatto bici<\/strong>\u00a0referente Dragone Patrizia\u00a0<a href=\"mailto:patriziadragone57@gmail.com\">patriziadragone57@gmail.com<\/a><br \/>\nLa fruizione naturalista e culturale dei sentieri deve essere a impatto zero. La Commissione CAI TAM intende monotorare gli effetti dell\u2019impatto delle bici sui sentieri e documentare le proposte delle Aree protette con i percorsi individuati per le bici.<strong><br \/>\n<\/strong><\/p>\n<p><strong><a href=\"https:\/\/archivio.cai.it\/organo_tecnico\/commissione-centrale-tutela-ambiente-montano\/la-struttura\/crtam-citam-operatori-nazionali-regionali-e-sezionali\/abruzzo\/attivita-anni-precedenti-abruzzo\/index.php?option=com_content&amp;view=article&amp;id=622&amp;catid=42&amp;Itemid=101\" target=\"_blank\" rel=\"noopener\">progetto tematizzazione sentieri<\/a><\/strong>\u00a0referente\u00a0D\u2019Altorio Valerio \u2013\u00a0<a href=\"mailto:daltoriovalerio54@gmail.com\">daltoriovalerio54@gmail.com<\/a><br \/>\n<span class=\"fontstyle0\">Si intende r<\/span><span class=\"fontstyle0\">iorganizzare il materiale relativo al Sentiero Italia in Abruzzo che si sviluppa in 59 tappe che compongono \u201cil sentiero verde dei Parchi d\u2019Abruzzo\u201d tra natura e cultura. Si evidenzia il valore dell\u2019escursionismo per avvicinare alla montagna e ai paesi rilanciandone la funzione di presidio del dopo terremoto.<\/span><\/p>\n<p><strong>5^ edizione in cammino nei Parchi \u2013 Abruzzo<\/strong><\/p>\n<p>Con il coordinamento del CAI Abruzzo tutte le Sezioni sono coinvolte e partecipano alla giornata in montagna con pi\u00f9 iniziative. Di riferimento il Sentiero Italia, ossatura della rete escursionistica d\u2019Abruzzo. Partecipa la CRTAM Abruzzo con la tematizzazione dei sentieri e l\u2019armonizzazione della segnaletica, adottando l\u2019abaco del CAI.<\/p>\n<p><strong>settimana dell\u2019escursionismo in Abruzzo<br \/>\n<\/strong><\/p>\n<p>Dopo l\u2019esperienza del 21 maggio con la giornata \u201cin cammino nei Parchi\u201d, a seguire, dal 24 giugno al 2 luglio il Cai regionale propone\u00a0 la Settimana Escursionistica nei Parchi d\u2019Abruzzo. Partecipano CCTAM e CRTAM Abruzzo per il progetto CAI TAM \u201cil bel paese\u201d, con la Carta Europea del Turismo Sostenibile e il valore dei borghi montani, l\u2019educazione ambientale, il Sentieri Italia che diventa il Sentiero Verde dei Parchi d\u2019Abruzzo con la promozione del sistema delle Aree Protette d\u2019Appennino e il recupero del dopo terremoto.<\/p>\n<p>Si avvicina la scadenza per la partecipazione al premio letterario biennale che la nostra Associazione ha istituito in memoria di Roberto Iannilli, suo amato e indimenticabile presidente, e si \u00e8 sentita l\u2019esigenza di richiamare l\u2019attenzione dei potenziali partecipanti attraverso la locandina allegata, da esporre nei luoghi pi\u00f9 idonei, fisici e virtuali. Alcuni social network e blog l\u2019hanno gi\u00e0 pubblicata. Vi invito pertanto a partecipare personalmente e\/o diffondere la notizia dell\u2019iniziativa nei modi e con i mezzi pi\u00f9 opportuni avvalendovi\u00a0 della locandina per promuoverla.<br \/>\nLa locandina evidenzia che il regolamento del premio \u00e8 consultabile sulla pagina facebook dell\u2019Associazione. Vi comparir\u00e0 tra breve, ma il regolamento \u00e8 comunque gi\u00e0 pubblicato su\u00a0<a href=\"http:\/\/www.alpinistidelgransasso.it\/\" target=\"_blank\" rel=\"noopener\">www.alpinistidelgransasso.it<\/a>, sezione \u2018l\u2019associazione-eventi-iniziative sociali\u2019.<br \/>\nPer qualsiasi ulteriore informazione e chiarimento fate \u2013 e fate fare \u2013 riferimento al recapito\u00a0<a href=\"mailto:'info@montemoro.com\">\u2018info@montemoro.com<\/a>\u201c.<br \/>\nRoberto Colacchia<br \/>\nSegretario e presidente<\/p>\n<h2 class=\"fusion-responsive-typography-calculated\" data-fontsize=\"18\" data-lineheight=\"27px\">Calendario eventi\/attivit\u00e0 2017 della CRTAM Abruzzo<\/h2>\n<table>\n<tbody>\n<tr>\n<td>Data<\/td>\n<td>Tipo evento + argomento<\/td>\n<td>Luogo<\/td>\n<td>Referente (E-mail)<\/td>\n<td>N. partecipenti<\/td>\n<\/tr>\n<tr>\n<td>16 \u2013 17 dicembre 2017<\/td>\n<td><a href=\"https:\/\/archivio.cai.it\/organo_tecnico\/commissione-centrale-tutela-ambiente-montano\/la-struttura\/crtam-citam-operatori-nazionali-regionali-e-sezionali\/abruzzo\/attivita-anni-precedenti-abruzzo\/index.php?option=com_content&amp;view=article&amp;id=745&amp;catid=26,28&amp;Itemid=126\" target=\"_blank\" rel=\"noopener\">ABRUZZO, 6\u00b0 Corso per Accompagnatori di Escursionismo<\/a><\/td>\n<td><\/td>\n<td><\/td>\n<td>##<\/td>\n<\/tr>\n<tr>\n<td>26 novembre 2017<\/td>\n<td><a href=\"https:\/\/archivio.cai.it\/organo_tecnico\/commissione-centrale-tutela-ambiente-montano\/la-struttura\/crtam-citam-operatori-nazionali-regionali-e-sezionali\/abruzzo\/attivita-anni-precedenti-abruzzo\/index.php?option=com_content&amp;view=article&amp;id=740&amp;catid=26,28&amp;Itemid=126\" target=\"_blank\" rel=\"noopener\">FONDO DELLA SALSA \u2013 Quando vince il tempo lento della bellezza<\/a><\/td>\n<td>Castelli<\/td>\n<td><\/td>\n<td>##<\/td>\n<\/tr>\n<tr>\n<td>19 novembre 2017<\/td>\n<td><a href=\"https:\/\/archivio.cai.it\/organo_tecnico\/commissione-centrale-tutela-ambiente-montano\/la-struttura\/crtam-citam-operatori-nazionali-regionali-e-sezionali\/abruzzo\/attivita-anni-precedenti-abruzzo\/index.php?option=com_content&amp;view=article&amp;id=736&amp;catid=26,28&amp;Itemid=126\" target=\"_blank\" rel=\"noopener\">Chiusura 3\u00b0 Corso per operatori TAM d\u2019Abruzzo<\/a><\/td>\n<td>Castelli<\/td>\n<td><\/td>\n<td>##<\/td>\n<\/tr>\n<tr>\n<td>11 novembre<\/td>\n<td><a href=\"https:\/\/archivio.cai.it\/organo_tecnico\/commissione-centrale-tutela-ambiente-montano\/la-struttura\/crtam-citam-operatori-nazionali-regionali-e-sezionali\/abruzzo\/attivita-anni-precedenti-abruzzo\/index.php?option=com_content&amp;view=article&amp;id=684&amp;catid=26,15&amp;itemid=285\" target=\"_blank\" rel=\"noopener\">Manifestazione per l\u2019acqua trasparente<\/a><\/td>\n<td>Teramo<\/td>\n<td><\/td>\n<td>##<\/td>\n<\/tr>\n<tr>\n<td>11 novembre<\/td>\n<td><a title=\"11 novembre 2017 - Acqua del Gran Sasso: allarme del CAI Abruzzo per il progetto SOX nei laboratori di fisica nucleare che prevede l&#039;uso di materiale radioattivo\" href=\"https:\/\/archivio.cai.it\/wp-content\/uploads\/2020\/01\/2018.01.26-bollettino-ufficiale-regione-abruzzo.pdf\" target=\"_blank\" rel=\"noopener\">11 novembre 2017 \u2013 Acqua del Gran Sasso: allarme del CAI Abruzzo per il progetto SOX nei laboratori di fisica nucleare che prevede l\u2019uso di materiale radioattivo<\/a><\/td>\n<td>Teramo<\/td>\n<td><\/td>\n<td><\/td>\n<\/tr>\n<tr>\n<td>11 novembre<\/td>\n<td><a href=\"https:\/\/archivio.cai.it\/organo_tecnico\/commissione-centrale-tutela-ambiente-montano\/la-struttura\/crtam-citam-operatori-nazionali-regionali-e-sezionali\/abruzzo\/attivita-anni-precedenti-abruzzo\/index.php?option=com_content&amp;view=article&amp;id=735&amp;catid=26,28,47&amp;Itemid=126\" target=\"_blank\" rel=\"noopener\">30 anni sono troppi per il GRAN SASSO d\u2019ITALIA e la FORESTA del CANSIGLIO<\/a><\/td>\n<td>Abruzzo<\/td>\n<td><\/td>\n<td>##<\/td>\n<\/tr>\n<tr>\n<td>10 novembre<\/td>\n<td><a href=\"http:\/\/www.caiabruzzo.it\/tam-abruzzo\/2120-2017-11-10-scuola-e-cai.html\" target=\"_blank\" rel=\"noopener\">CAI E SCUOLA<\/a><\/td>\n<td>Pescara<\/td>\n<td><\/td>\n<td><\/td>\n<\/tr>\n<tr>\n<td>9 novembre 2017<\/td>\n<td><a title=\"Conservazione Biodiversit\u00e0\" href=\"https:\/\/archivio.cai.it\/wp-content\/uploads\/2020\/01\/2017.11.09-Conservazione-della-biodiversit%C3%A0.jpg\" target=\"_blank\" rel=\"noopener\">Conservazione Biodiversit\u00e0<\/a><\/td>\n<td>Vasto<\/td>\n<td><\/td>\n<td><\/td>\n<\/tr>\n<tr>\n<td>4 novembre 2017<\/td>\n<td><a href=\"https:\/\/archivio.cai.it\/organo_tecnico\/commissione-centrale-tutela-ambiente-montano\/la-struttura\/crtam-citam-operatori-nazionali-regionali-e-sezionali\/abruzzo\/attivita-anni-precedenti-abruzzo\/index.php?option=com_content&amp;view=article&amp;id=734&amp;catid=28&amp;Itemid=101\" target=\"_blank\" rel=\"noopener\">VIVI IL BOSCO \u2013 VITA AL BOSCO \u2013 in Cammino nei Castagneti<\/a><\/td>\n<td><\/td>\n<td><\/td>\n<td>##<\/td>\n<\/tr>\n<tr>\n<td>29 ottobre 2017<\/td>\n<td><a href=\"https:\/\/archivio.cai.it\/wp-content\/uploads\/2020\/01\/2017.10.29-Programma-Corso-Ostam.pdf\" target=\"_blank\" rel=\"noopener\">Programma Corso Ostam<\/a><\/td>\n<td><\/td>\n<td><\/td>\n<td><\/td>\n<\/tr>\n<tr>\n<td>28 ottobre 2017<\/td>\n<td><a title=\"28 ottobre 2017 - Mozione del CAI Abruzzo, riunito in Assemblea a Guardiagrele - 28 ottobre - Manifestazione - 11 novembre\" href=\"https:\/\/archivio.cai.it\/wp-content\/uploads\/2020\/01\/2017_10_30_articolo_mozione_acqua_del_gran_sasso_28_ottobre.pdf\" target=\"_blank\" rel=\"noopener\">Mozione del CAI Abruzzo, riunito in Assemblea a Guardiagrele \u2013 28 ottobre \u2013 Manifestazione \u2013 11 novembre<\/a><\/td>\n<td>Guardiagrele \u2013 Teramo<\/td>\n<td><\/td>\n<td><\/td>\n<\/tr>\n<tr>\n<td>26 ottobre<\/td>\n<td><a href=\"https:\/\/archivio.cai.it\/wp-content\/uploads\/2020\/01\/2017_10_31_allarme_del_cai_abruzzo_per_il_progetto_sox_nei_laboratori_di_fisica_nucleare-1.pdf\" target=\"_blank\" rel=\"noopener\">Comunicato Progetto lettura professore Di Donato<\/a><\/td>\n<td>Teramo<\/td>\n<td>Di Donato \u2013 f.didonato@caiabruzzo.it<\/td>\n<td><\/td>\n<\/tr>\n<tr>\n<td>20 \u2013 21 ottobre<\/td>\n<td><a href=\"https:\/\/archivio.cai.it\/wp-content\/uploads\/2020\/01\/2017.10.20-Convegno-fiamme-Appennino.pdf\" target=\"_blank\" rel=\"noopener\">Convegno Fiamme Appennino<\/a><\/td>\n<td>Pescara<\/td>\n<td><\/td>\n<td><\/td>\n<\/tr>\n<tr>\n<td>8 ottobre 2017<\/td>\n<td>Escursione Val Cervara \u201cForesta vetusta<\/td>\n<td>Villavallelonga Parco Naz. D\u2019Abruzzo, Lazio e Molise<\/td>\n<td>Iacovella Carlo \u2013\u00a0<a href=\"mailto:tam@caiabruzzo.it\">tam@caiabruzzo.it<\/a><\/td>\n<td><\/td>\n<\/tr>\n<tr>\n<td>2 ottobre 2017<\/td>\n<td><a href=\"https:\/\/archivio.cai.it\/wp-content\/uploads\/2020\/01\/2017.10.02-RESISTENZA-LOCANDINA.jpg\" target=\"_blank\" rel=\"noopener\">La resistenza<\/a><\/td>\n<td>Comune Lanciano \u2013 CH<\/td>\n<td><a href=\"http:\/\/www.cailanciano.it\/\" target=\"_blank\" rel=\"noopener\">Cai Lanciano<\/a>\u00a0\u2013 Iacovella Carlo<\/td>\n<td><\/td>\n<\/tr>\n<tr>\n<td>1 ottobre 2017<\/td>\n<td><a title=\"3\u00b0 Corso Qualificati Sez. TAM\" href=\"https:\/\/archivio.cai.it\/wp-content\/uploads\/2020\/01\/2017-Corso-Ostam-Abruzzo.zip\" target=\"_blank\" rel=\"noopener\">3\u00b0 Corso Qualificati Sez. TAM<\/a>\u00a0\u2013\u00a0<a href=\"https:\/\/archivio.cai.it\/organo_tecnico\/commissione-centrale-tutela-ambiente-montano\/la-struttura\/crtam-citam-operatori-nazionali-regionali-e-sezionali\/abruzzo\/attivita-anni-precedenti-abruzzo\/index.php?option=com_content&amp;view=article&amp;id=703&amp;catid=26,43&amp;Itemid=126\" target=\"_blank\" rel=\"noopener\">Notiziario PNALM Natura Protetta su orso<\/a><\/td>\n<td>Lama Dei Peligni- Parco Naz. Maiella<\/td>\n<td>Iacovella Carlo \u2013\u00a0<a href=\"mailto:tam@caiabruzzo.it\">tam@caiabruzzo.it<\/a><\/td>\n<td>##<\/td>\n<\/tr>\n<tr>\n<td>30 settembre \/ 1 ottobre 2017<\/td>\n<td><a href=\"https:\/\/archivio.cai.it\/organo_tecnico\/commissione-centrale-tutela-ambiente-montano\/la-struttura\/crtam-citam-operatori-nazionali-regionali-e-sezionali\/abruzzo\/attivita-anni-precedenti-abruzzo\/index.php?option=com_content&amp;view=article&amp;id=706&amp;catid=28&amp;Itemid=101\" target=\"_blank\" rel=\"noopener\">Corso 2017 per Qualificati Sezionali TAM<\/a><\/td>\n<td>Parco Naz. D\u2019Abruzzo, Lazio e Molise<\/td>\n<td>Carlo Iacovella, ONTAM, Presidente CRTAM Abruzzo<\/td>\n<td>##<\/td>\n<\/tr>\n<tr>\n<td>24 settembre 2017<\/td>\n<td><a href=\"https:\/\/archivio.cai.it\/organo_tecnico\/commissione-centrale-tutela-ambiente-montano\/la-struttura\/crtam-citam-operatori-nazionali-regionali-e-sezionali\/abruzzo\/attivita-anni-precedenti-abruzzo\/index.php?option=com_content&amp;view=article&amp;id=705&amp;catid=26,28&amp;Itemid=126\" target=\"_blank\" rel=\"noopener\">Escursione Monte Sibilla<\/a><\/td>\n<td>Parco Nazionale dei Sibillini<\/td>\n<td>Cai Teramo<\/td>\n<td>##<\/td>\n<\/tr>\n<tr>\n<td>18 \/ 19 settembre 2017<\/td>\n<td><a href=\"https:\/\/archivio.cai.it\/wp-content\/uploads\/2020\/01\/2017.09.17-22-Dal-mare-al-Gran-Sasso-da-0-a-3000.pdf\" target=\"_blank\" rel=\"noopener\">Abruzzo Montagnaterapia 0-3000 (dalla Lombardia), incontro e accompagnamento, 18-19 settembre.<\/a><\/td>\n<td><\/td>\n<td><\/td>\n<td><\/td>\n<\/tr>\n<tr>\n<td>17 settembre 2017<\/td>\n<td><a href=\"https:\/\/archivio.cai.it\/wp-content\/uploads\/2020\/01\/2017.09.15-articolo-notiziario-PNALM-NaturaProtetta-su-orso.pdf\" target=\"_blank\" rel=\"noopener\">articolo Diffusione Rapporto Orso bruno marsicano 2016, pubblicato dal Parco Nazionale d\u2019Abruzzo, Lazio e Molise<\/a><\/td>\n<td><\/td>\n<td><\/td>\n<td><\/td>\n<\/tr>\n<tr>\n<td>16 \/ 17 settembre 2017<\/td>\n<td><a href=\"https:\/\/archivio.cai.it\/organo_tecnico\/commissione-centrale-tutela-ambiente-montano\/la-struttura\/crtam-citam-operatori-nazionali-regionali-e-sezionali\/abruzzo\/attivita-anni-precedenti-abruzzo\/index.php?option=com_content&amp;view=article&amp;id=704&amp;catid=26,28&amp;Itemid=126\" target=\"_blank\" rel=\"noopener\">Dal Gran Sasso al Tavoliere \u2013 Cultura Tradizioni Spiritualit\u00e0<\/a><\/td>\n<td>Parco Naz. Gran Sasso e Monti della Laga<\/td>\n<td>Cai Abruzzo<\/td>\n<td>##<\/td>\n<\/tr>\n<tr>\n<td>11 settembre 2017<\/td>\n<td><a href=\"https:\/\/archivio.cai.it\/wp-content\/uploads\/2020\/01\/2017.09.10-Intitolazione-sentiero-panoramico-De-Carolis-Davide.pdf\" target=\"_blank\" rel=\"noopener\">articolo Sentiero Cai intitolato a Davide De Carolis sul Gran Sasso d\u2019Italia<\/a><\/td>\n<td><\/td>\n<td><\/td>\n<td><\/td>\n<\/tr>\n<tr>\n<td>10 settembre 2017<\/td>\n<td><a href=\"https:\/\/drive.google.com\/file\/d\/1iSInWOYCMAXuB1laV1aUfpE7xq3Al8Ur\/view?usp=sharing\" target=\"_blank\" rel=\"noopener\">Abruzzo, Sentiero Cai intitolato a Davide De Carolis sul Gran Sasso d\u2019Italia dal Cai L\u2019Aquila \u2013 Convegno: dalla tutela al soccorso<\/a><\/td>\n<td><\/td>\n<td><\/td>\n<td><\/td>\n<\/tr>\n<tr>\n<td>29 luglio 2017<\/td>\n<td><a href=\"https:\/\/archivio.cai.it\/wp-content\/uploads\/2020\/01\/2017.07.29-Inaugurazione-sede-sociale-rifugio-Enrico-Faiani.pdf\" target=\"_blank\" rel=\"noopener\">Castelli \u2013 inaugurazione sede sociale, casa della montagna Rifugio Enrico Faiani<\/a><\/td>\n<td><\/td>\n<td><\/td>\n<td><\/td>\n<\/tr>\n<tr>\n<td>3 settembre 2017<\/td>\n<td><a title=\"3\u00b0 Corso Qualificati Sez. TAM\" href=\"https:\/\/archivio.cai.it\/wp-content\/uploads\/2020\/01\/2017-Corso-Ostam-Abruzzo-18.zip\" target=\"_blank\" rel=\"noopener\">3\u00b0 Corso Qualificati Sez. TAM<\/a><\/td>\n<td>Grotta Nera \u2013 Parco Naz. della Majella<\/td>\n<td>Iacovella Carlo \u2013\u00a0<a href=\"mailto:tam@caiabruzzo.it\">tam@caiabruzzo.it<\/a><\/td>\n<td><\/td>\n<\/tr>\n<tr>\n<td>24 giugno \u2013 2 luglio 2017<\/td>\n<td><a title=\"Settimana Escursionismo\" href=\"https:\/\/archivio.cai.it\/wp-content\/uploads\/2020\/01\/2017.06.24-07.02-Settimana-Escursionistica-Abruzzese-2017-OPUSCOLO-VERSIONE-FINALE.pdf\" target=\"_blank\" rel=\"noopener\">Settimana Escursionismo<\/a><\/td>\n<td>Parchi d\u2019Abruzzo<\/td>\n<td>Filippo Di Donato<\/td>\n<td><\/td>\n<\/tr>\n<tr>\n<td>17-18 giugno 2017<\/td>\n<td><a title=\"3\u00b0 Corso Qualificati Sez. TAM\" href=\"https:\/\/archivio.cai.it\/wp-content\/uploads\/2020\/01\/2017-Corso-Ostam-Abruzzo-18-17.zip\" target=\"_blank\" rel=\"noopener\">3\u00b0 Corso Qualificati Sez. TAM<\/a><\/td>\n<td>Castelli \u2013 Parco Naz. Gran Sasso e Monti della Laga<\/td>\n<td>Iacovella Carlo \u2013\u00a0<a href=\"mailto:tam@caiabruzzo.it\">tam@caiabruzzo.it<\/a><\/td>\n<td><\/td>\n<\/tr>\n<tr>\n<td>11 \u2013 giugno 2017<\/td>\n<td><a title=\"11 giugno 2017 - &quot;La Montagna si tinge di rosa&quot;\" href=\"https:\/\/archivio.cai.it\/wp-content\/uploads\/2020\/01\/2017.06.11-La-montagna-si-tinge-di-rosa.jpg\" target=\"_blank\" rel=\"noopener\">\u201cEscursione \u201cLa montagna si tinge di rosa\u201d + approfondimento sul tema\u201d<\/a><\/td>\n<td>Eremo Santa Colomba<br \/>\nParco Naz. Gran Sasso<\/td>\n<td>Alejandra Meda \u2013\u00a0<a href=\"mailto:alessandrameda@virgilio.it\">alessandrameda@virgilio.it<\/a><\/td>\n<td>110 persone giunte da\u00a0 pi\u00f9 Sezioni CAI; ottima l\u2019organizzazione e la collaborazione della Sezione CAI di Isola del Gran Sasso.<\/td>\n<\/tr>\n<tr>\n<td>5 giugno 2017<\/td>\n<td>Visita guidata classe 1\u00b0 e 2 A<br \/>\nLiceo Scientifico Guardiagrele<\/td>\n<td>\u201cPiana delle Mele-Cascata S. Giovanni\u201d Parco Naz. Maiella<\/td>\n<td>Iacovella Carlo \u2013\u00a0<a href=\"mailto:tam@caiabruzzo.it\">tam@caiabruzzo.it<\/a><\/td>\n<td>37<\/td>\n<\/tr>\n<tr>\n<td>28 maggio 2017<\/td>\n<td>Escursione Giudata -Val Cervara \u201cForesta vetusta\u201d<\/td>\n<td>Villavallelonga, Parco Naz. D\u2019Abruzzo, Lazio e Molise<\/td>\n<td>Iacovella Carlo \u2013\u00a0<a href=\"mailto:tam@caiabruzzo.it\">tam@caiabruzzo.it<\/a><\/td>\n<td>15<\/td>\n<\/tr>\n<tr>\n<td>27-28 maggio 2017<\/td>\n<td><a title=\"3\u00b0 Corso Qualificati Sez. TAM\" href=\"https:\/\/archivio.cai.it\/wp-content\/uploads\/2020\/01\/2017-Corso-Ostam-Abruzzo-18-17.zip\" target=\"_blank\" rel=\"noopener\">3\u00b0 Corso Qualificati Sez. TAM<\/a><\/td>\n<td>Villavallelonga, Parco Naz. D\u2019Abruzzo, Lazio e Molise<\/td>\n<td>Iacovella Carlo \u2013\u00a0<a href=\"mailto:tam@caiabruzzo.it\">tam@caiabruzzo.it<\/a><\/td>\n<td><\/td>\n<\/tr>\n<tr>\n<td>22 maggio 2017<\/td>\n<td>Visita guidata classe 2 A Sc. Media St. Guardiagrele<br \/>\n\u201cAlimentazione e salute\u201d<\/td>\n<td>\u201cBocca di Valle-Grotta del colle\u201d<br \/>\nParco Naz. Maiella<\/td>\n<td>Iacovella Carlo \u2013\u00a0<a href=\"mailto:tam@caiabruzzo.it\">tam@caiabruzzo.it<\/a><\/td>\n<td>22<\/td>\n<\/tr>\n<tr>\n<td>21 maggio 2017<\/td>\n<td>in Cammino nei Parchi<\/td>\n<td>Parco Regionale Sirente-Velino<\/td>\n<td>Gaetano Falcone Alejandra Meda \u2013\u00a0<a href=\"mailto:alessandrameda@virgilio.it\">alessandrameda@virgilio.it<\/a><\/td>\n<td>20<\/td>\n<\/tr>\n<tr>\n<td>30 aprile 2017<\/td>\n<td>Escursione naturalistica<\/td>\n<td>Linea Gustav<\/td>\n<td>Iacovella Carlo \u2013\u00a0<a href=\"mailto:tam@caiabruzzo.it\">tam@caiabruzzo.it<\/a><\/td>\n<td><\/td>\n<\/tr>\n<tr>\n<td>13 aprile 2017<\/td>\n<td>Riunione CCTAM<\/td>\n<td>Milano<\/td>\n<td>Iacovella Carlo \u2013\u00a0<a href=\"mailto:tam@caiabruzzo.it\">tam@caiabruzzo.it<\/a><\/td>\n<td>1<\/td>\n<\/tr>\n<tr>\n<td>8 aprile 2017<\/td>\n<td>ARD CAI Abruzzo<\/td>\n<td>Celano<\/td>\n<td>Iacovella Carlo \u2013\u00a0<a href=\"mailto:tam@caiabruzzo.it\">tam@caiabruzzo.it<\/a><\/td>\n<td>Filippo Di Donato<\/td>\n<\/tr>\n<tr>\n<td>7 aprile 2017<\/td>\n<td>Candidatura a Geoparco Unesco<\/td>\n<td>Badia Morronese<br \/>\nParco Naz. Maiella<\/td>\n<td>Iacovella Carlo \u2013\u00a0<a href=\"mailto:tam@caiabruzzo.it\">tam@caiabruzzo.it<\/a><\/td>\n<td>Alejandra Meda e Gaetano Falcone \u2013 2<\/td>\n<\/tr>\n<tr>\n<td>19 marzo 2017<\/td>\n<td>Convegno \u201cFiglie e figli di Maiella, oggi\u201d<\/td>\n<td>Guardiagrele<\/td>\n<td>Iacovella Carlo\u00a0<a href=\"mailto:tam@caiabruzzo.it\">tam@caiabruzzo.it<\/a>\u00a0\u2013 Intervento sulle Terre Alte<\/td>\n<td>1<\/td>\n<\/tr>\n<tr>\n<td>17 marzo 2017<\/td>\n<td>Convegno \u201cL\u2019altra neve\u201d<\/td>\n<td>Caramanico Terme \u2013 Parco Naz. Maiella<\/td>\n<td>Iacovella Carlo\u00a0<a href=\"mailto:tam@caiabruzzo.it\">tam@caiabruzzo.it<\/a><\/td>\n<td>1<\/td>\n<\/tr>\n<tr>\n<td>9 marzo 2017<\/td>\n<td>Monitoraggio ambientale Sirente.Velino<\/td>\n<td>L\u2019Aquila Regione Abruzzo<\/td>\n<td>Iacovella Carlo\u00a0<a href=\"mailto:tam@caiabruzzo.it\">tam@caiabruzzo.it<\/a><\/td>\n<td>1<\/td>\n<\/tr>\n<tr>\n<td>16 febbraio 2017<\/td>\n<td>25 anni aree protette<\/td>\n<td>Pescasseroli<br \/>\nParco Naz. D\u2019Abruzzo, Lazio e Molise<\/td>\n<td>Iacovella Carlo\u00a0<a href=\"mailto:tam@caiabruzzo.it\">tam@caiabruzzo.it<\/a><\/td>\n<td>1<\/td>\n<\/tr>\n<\/tbody>\n<\/table>\n<h2 class=\"fusion-responsive-typography-calculated\" data-fontsize=\"18\" data-lineheight=\"27px\">Riunioni 2017 CRTAM Abruzzo<\/h2>\n<table>\n<tbody>\n<tr>\n<td><strong>Data<\/strong><\/td>\n<td><strong>Luogo<\/strong><\/td>\n<td><\/td>\n<\/tr>\n<tr>\n<td>3 marzo 2017<\/td>\n<td>Sez. CAI Ortona<\/td>\n<td><\/td>\n<\/tr>\n<tr>\n<td><\/td>\n<td><\/td>\n<td><\/td>\n<\/tr>\n<\/tbody>\n<\/table>\n","protected":false},"excerpt":{"rendered":"<p>Calendario eventi\/attivit\u00e0 2020 della CRTAM Abruzzo Data Tipo evento + argomento Luogo Referente (E-mail) N. partecipenti 21 luglio 2019 Caratteristiche floristiche e vegetazionali della Flora Appenninica 16 giugno 2019 La [&hellip;]<\/p>\n","protected":false},"author":1,"featured_media":36,"comment_status":"closed","ping_status":"open","sticky":false,"template":"","format":"standard","meta":{"footnotes":""},"categories":[6],"tags":[32,19,18],"_links":{"self":[{"href":"https:\/\/organizzazione.cai.it\/commissione-centrale-tutela-ambiente-montano\/wp-json\/wp\/v2\/posts\/1837"}],"collection":[{"href":"https:\/\/organizzazione.cai.it\/commissione-centrale-tutela-ambiente-montano\/wp-json\/wp\/v2\/posts"}],"about":[{"href":"https:\/\/organizzazione.cai.it\/commissione-centrale-tutela-ambiente-montano\/wp-json\/wp\/v2\/types\/post"}],"author":[{"embeddable":true,"href":"https:\/\/organizzazione.cai.it\/commissione-centrale-tutela-ambiente-montano\/wp-json\/wp\/v2\/users\/1"}],"replies":[{"embeddable":true,"href":"https:\/\/organizzazione.cai.it\/commissione-centrale-tutela-ambiente-montano\/wp-json\/wp\/v2\/comments?post=1837"}],"version-history":[{"count":1,"href":"https:\/\/organizzazione.cai.it\/commissione-centrale-tutela-ambiente-montano\/wp-json\/wp\/v2\/posts\/1837\/revisions"}],"predecessor-version":[{"id":1987,"href":"https:\/\/organizzazione.cai.it\/commissione-centrale-tutela-ambiente-montano\/wp-json\/wp\/v2\/posts\/1837\/revisions\/1987"}],"wp:featuredmedia":[{"embeddable":true,"href":"https:\/\/organizzazione.cai.it\/commissione-centrale-tutela-ambiente-montano\/wp-json\/wp\/v2\/media\/36"}],"wp:attachment":[{"href":"https:\/\/organizzazione.cai.it\/commissione-centrale-tutela-ambiente-montano\/wp-json\/wp\/v2\/media?parent=1837"}],"wp:term":[{"taxonomy":"category","embeddable":true,"href":"https:\/\/organizzazione.cai.it\/commissione-centrale-tutela-ambiente-montano\/wp-json\/wp\/v2\/categories?post=1837"},{"taxonomy":"post_tag","embeddable":true,"href":"https:\/\/organizzazione.cai.it\/commissione-centrale-tutela-ambiente-montano\/wp-json\/wp\/v2\/tags?post=1837"}],"curies":[{"name":"wp","href":"https:\/\/api.w.org\/{rel}","templated":true}]}}