{"id":565,"date":"2025-01-20T17:56:29","date_gmt":"2025-01-20T17:56:29","guid":{"rendered":"https:\/\/organizzazione.cai.it\/gp-alto-adige\/?p=565"},"modified":"2025-10-03T09:20:35","modified_gmt":"2025-10-03T09:20:35","slug":"sacchi-a-pelo-e-tappetini-dal-cai-alto-adige-per-difendere-dal-freddo-chi-ne-ha-bisogno","status":"publish","type":"post","link":"https:\/\/organizzazione.cai.it\/gp-alto-adige\/2025\/01\/sacchi-a-pelo-e-tappetini-dal-cai-alto-adige-per-difendere-dal-freddo-chi-ne-ha-bisogno\/","title":{"rendered":"SACCHI A PELO E TAPPETINI DAL CAI ALTO ADIGE PER DIFENDERE DAL FREDDO CHI NE HA BISOGNO"},"content":{"rendered":"\n<pre class=\"wp-block-preformatted has-black-color has-base-background-color has-text-color has-background has-link-color wp-elements-32cce1250c5032c1f3bbfa1c4c36b0e4\"><strong>Zanella: \"Cos\u00ec facciamo la nostra parte\"<br><br>La consegna dei 25 sacchi a pelo con relativi tappetini \u00e8 avvenuta negli scorsi giorni. Serviranno per \"difendere dal freddo chi ne ha bisogno<\/strong><br><br><strong>Un atto di amore verso il prossimo, in tempi in cui ce n'\u00e8 pi\u00f9 che mai bisogno. \u00c8 quello fatto dai soci del Cai Alto Adige, che negli scorsi giorni si sono portati nella sede dell'associazione bolzanina Volontarius per donare diversi sacchi a pelo.<br> <br>Il freddo in questi giorni si sta facendo pi\u00f9 che mai sentire e sono davvero molte le persone che, purtroppo, un tetto sopra la testa non ce l'hanno. Il Cai Alto Adige, con il suo presidente Carlo Alberto Zanella, ha quindi deciso di fare la propria parte.<br><br>La consegna dei 25 sacchi a pelo con relativi tappetini \u00e8 avvenuta negli scorsi giorni: serviranno per \"difendere dal freddo chi ne ha bisogno\", come sottolinea Zanella a Il Dolomiti, entusiasta per quanto fatto. <\/strong><br><\/pre>\n\n\n\n<p class=\"has-accent-color has-text-color has-link-color wp-elements-7b7cb6629c927ee4caad3e7d9d0699da\"><strong>Ringraziamento Volontarius<\/strong><\/p>\n\n\n\n<figure class=\"wp-block-image size-large\"><img loading=\"lazy\" decoding=\"async\" width=\"764\" height=\"1080\" src=\"https:\/\/organizzazione.cai.it\/gp-alto-adige\/wp-content\/uploads\/sites\/61\/2025\/01\/2024_12_23-volontarius-764x1080.webp\" alt=\"- CAI\" class=\"wp-image-568\" title=\"\" srcset=\"https:\/\/organizzazione.cai.it\/gp-alto-adige\/wp-content\/uploads\/sites\/61\/2025\/01\/2024_12_23-volontarius-764x1080.webp 764w, https:\/\/organizzazione.cai.it\/gp-alto-adige\/wp-content\/uploads\/sites\/61\/2025\/01\/2024_12_23-volontarius-509x720.webp 509w, https:\/\/organizzazione.cai.it\/gp-alto-adige\/wp-content\/uploads\/sites\/61\/2025\/01\/2024_12_23-volontarius-768x1086.webp 768w, https:\/\/organizzazione.cai.it\/gp-alto-adige\/wp-content\/uploads\/sites\/61\/2025\/01\/2024_12_23-volontarius-1086x1536.webp 1086w, https:\/\/organizzazione.cai.it\/gp-alto-adige\/wp-content\/uploads\/sites\/61\/2025\/01\/2024_12_23-volontarius.webp 1240w\" sizes=\"(max-width: 764px) 100vw, 764px\" \/><\/figure>\n\n\n\n<figure class=\"wp-block-image size-full\"><img loading=\"lazy\" decoding=\"async\" width=\"980\" height=\"450\" src=\"https:\/\/organizzazione.cai.it\/gp-alto-adige\/wp-content\/uploads\/sites\/61\/2025\/01\/2024_12_23-volontarius_1.webp\" alt=\"- CAI\" class=\"wp-image-566\" title=\"\" srcset=\"https:\/\/organizzazione.cai.it\/gp-alto-adige\/wp-content\/uploads\/sites\/61\/2025\/01\/2024_12_23-volontarius_1.webp 980w, https:\/\/organizzazione.cai.it\/gp-alto-adige\/wp-content\/uploads\/sites\/61\/2025\/01\/2024_12_23-volontarius_1-768x353.webp 768w\" sizes=\"(max-width: 980px) 100vw, 980px\" \/><\/figure>\n","protected":false},"excerpt":{"rendered":"<p>Zanella: &#8220;Cos\u00ec facciamo la nostra parte&#8221;La consegna dei 25 sacchi a pelo con relativi tappetini \u00e8 avvenuta negli scorsi giorni. Serviranno per &#8220;difendere dal freddo chi ne ha bisognoUn atto [&hellip;]<\/p>\n","protected":false},"author":7,"featured_media":566,"comment_status":"closed","ping_status":"closed","sticky":false,"template":"","format":"standard","meta":{"footnotes":""},"categories":[4],"tags":[],"_links":{"self":[{"href":"https:\/\/organizzazione.cai.it\/gp-alto-adige\/wp-json\/wp\/v2\/posts\/565"}],"collection":[{"href":"https:\/\/organizzazione.cai.it\/gp-alto-adige\/wp-json\/wp\/v2\/posts"}],"about":[{"href":"https:\/\/organizzazione.cai.it\/gp-alto-adige\/wp-json\/wp\/v2\/types\/post"}],"author":[{"embeddable":true,"href":"https:\/\/organizzazione.cai.it\/gp-alto-adige\/wp-json\/wp\/v2\/users\/7"}],"replies":[{"embeddable":true,"href":"https:\/\/organizzazione.cai.it\/gp-alto-adige\/wp-json\/wp\/v2\/comments?post=565"}],"version-history":[{"count":3,"href":"https:\/\/organizzazione.cai.it\/gp-alto-adige\/wp-json\/wp\/v2\/posts\/565\/revisions"}],"predecessor-version":[{"id":2147,"href":"https:\/\/organizzazione.cai.it\/gp-alto-adige\/wp-json\/wp\/v2\/posts\/565\/revisions\/2147"}],"wp:featuredmedia":[{"embeddable":true,"href":"https:\/\/organizzazione.cai.it\/gp-alto-adige\/wp-json\/wp\/v2\/media\/566"}],"wp:attachment":[{"href":"https:\/\/organizzazione.cai.it\/gp-alto-adige\/wp-json\/wp\/v2\/media?parent=565"}],"wp:term":[{"taxonomy":"category","embeddable":true,"href":"https:\/\/organizzazione.cai.it\/gp-alto-adige\/wp-json\/wp\/v2\/categories?post=565"},{"taxonomy":"post_tag","embeddable":true,"href":"https:\/\/organizzazione.cai.it\/gp-alto-adige\/wp-json\/wp\/v2\/tags?post=565"}],"curies":[{"name":"wp","href":"https:\/\/api.w.org\/{rel}","templated":true}]}}