{"id":1305,"date":"2026-02-11T11:46:07","date_gmt":"2026-02-11T11:46:07","guid":{"rendered":"https:\/\/organizzazione.cai.it\/gr-emilia-romagna\/?p=1305"},"modified":"2026-02-24T17:20:10","modified_gmt":"2026-02-24T17:20:10","slug":"mostra-paesaggio-appennino-passato-e-presente","status":"publish","type":"post","link":"https:\/\/organizzazione.cai.it\/gr-emilia-romagna\/2026\/02\/mostra-paesaggio-appennino-passato-e-presente\/","title":{"rendered":"Mostra \u201cPaesaggio Appennino \u2013 Passato e presente&#8221;"},"content":{"rendered":"\n<p>Dal <strong>16 febbraio al 4 marzo 2026<\/strong> l\u2019Assemblea legislativa della Regione Emilia-Romagna ospiter\u00e0 la<strong> mostra \u201cPaesaggio Appennino \u2013 Passato e presente&#8221;<\/strong>. Realizzata dal Club Alpino Italiano Sezione di Parma, l&#8217;iniziativa \u00e8 dedicata all\u2019evoluzione del paesaggio dell\u2019Appennino tosco-emiliano e la sua percezione nel tempo, con specifica attenzione a quello parmense, non solo delle zone pi\u00f9 antropizzate, ma soprattutto delle aree solo apparentemente \u201cnaturali\u201d e che invece sono il risultato di un secolare dialogo tra elementi naturali ed attivit\u00e0 umane.<\/p>\n\n\n\n<p>Al link \u00e8 possibile leggere l&#8217;articolo sull&#8217;inaugurazione della mostra pubblicato su Cronaca Bianca, il portale di informazione dell&#8217;Assemblea Legislativa della Regione Emilia Romagna: <a href=\"https:\/\/cronacabianca.eu\/cultura-la-mostra-del-cai-di-parma-sullappennino-fa-tappa-in-assemblea-legislativa-la-conferma-dellimpegno-della-regione-per-la-montagna\/\" target=\"_blank\" rel=\"noopener\">https:\/\/cronacabianca.eu\/cultura-la-mostra-del-cai-di-parma-sullappennino-fa-tappa-in-assemblea-legislativa-la-conferma-dellimpegno-della-regione-per-la-montagna\/<\/a><\/p>\n\n\n\n<p>La mostra sar\u00e0 visitabile fino al 4 marzo ed \u00e8 aperta al pubblico dal luned\u00ec al venerd\u00ec, dalle 9 alle 18. Sabato e domenica chiuso.<\/p>\n\n\n\n<figure class=\"wp-block-image size-full\"><img loading=\"lazy\" decoding=\"async\" width=\"416\" height=\"1013\" src=\"https:\/\/organizzazione.cai.it\/gr-emilia-romagna\/wp-content\/uploads\/sites\/156\/2026\/02\/paesaggio-appennino.webp\" alt=\"- CAI\" class=\"wp-image-1306\" title=\"\" srcset=\"https:\/\/organizzazione.cai.it\/gr-emilia-romagna\/wp-content\/uploads\/sites\/156\/2026\/02\/paesaggio-appennino.webp 416w, https:\/\/organizzazione.cai.it\/gr-emilia-romagna\/wp-content\/uploads\/sites\/156\/2026\/02\/paesaggio-appennino-296x720.webp 296w\" sizes=\"(max-width: 416px) 100vw, 416px\" \/><\/figure>\n","protected":false},"excerpt":{"rendered":"<p>Dal 16 febbraio al 4 marzo 2026 l\u2019Assemblea legislativa della Regione Emilia-Romagna ospiter\u00e0 la mostra \u201cPaesaggio Appennino \u2013 Passato e presente&#8221;. Realizzata dal Club Alpino Italiano Sezione di Parma, l&#8217;iniziativa [&hellip;]<\/p>\n","protected":false},"author":413,"featured_media":36,"comment_status":"closed","ping_status":"closed","sticky":false,"template":"","format":"standard","meta":{"footnotes":""},"categories":[4],"tags":[34],"_links":{"self":[{"href":"https:\/\/organizzazione.cai.it\/gr-emilia-romagna\/wp-json\/wp\/v2\/posts\/1305"}],"collection":[{"href":"https:\/\/organizzazione.cai.it\/gr-emilia-romagna\/wp-json\/wp\/v2\/posts"}],"about":[{"href":"https:\/\/organizzazione.cai.it\/gr-emilia-romagna\/wp-json\/wp\/v2\/types\/post"}],"author":[{"embeddable":true,"href":"https:\/\/organizzazione.cai.it\/gr-emilia-romagna\/wp-json\/wp\/v2\/users\/413"}],"replies":[{"embeddable":true,"href":"https:\/\/organizzazione.cai.it\/gr-emilia-romagna\/wp-json\/wp\/v2\/comments?post=1305"}],"version-history":[{"count":3,"href":"https:\/\/organizzazione.cai.it\/gr-emilia-romagna\/wp-json\/wp\/v2\/posts\/1305\/revisions"}],"predecessor-version":[{"id":1514,"href":"https:\/\/organizzazione.cai.it\/gr-emilia-romagna\/wp-json\/wp\/v2\/posts\/1305\/revisions\/1514"}],"wp:featuredmedia":[{"embeddable":true,"href":"https:\/\/organizzazione.cai.it\/gr-emilia-romagna\/wp-json\/wp\/v2\/media\/36"}],"wp:attachment":[{"href":"https:\/\/organizzazione.cai.it\/gr-emilia-romagna\/wp-json\/wp\/v2\/media?parent=1305"}],"wp:term":[{"taxonomy":"category","embeddable":true,"href":"https:\/\/organizzazione.cai.it\/gr-emilia-romagna\/wp-json\/wp\/v2\/categories?post=1305"},{"taxonomy":"post_tag","embeddable":true,"href":"https:\/\/organizzazione.cai.it\/gr-emilia-romagna\/wp-json\/wp\/v2\/tags?post=1305"}],"curies":[{"name":"wp","href":"https:\/\/api.w.org\/{rel}","templated":true}]}}