{"id":176,"date":"2023-04-18T12:28:25","date_gmt":"2023-04-18T12:28:25","guid":{"rendered":"https:\/\/organizzazione.cai.it\/gr-lazio\/2023\/04\/istituito-il-gruppo-di-lavoro-parchi-e-aree-protette\/"},"modified":"2023-04-18T12:28:25","modified_gmt":"2023-04-18T12:28:25","slug":"istituito-il-gruppo-di-lavoro-parchi-e-aree-protette","status":"publish","type":"post","link":"https:\/\/organizzazione.cai.it\/gr-lazio\/2023\/04\/istituito-il-gruppo-di-lavoro-parchi-e-aree-protette\/","title":{"rendered":"Istituito Il Gruppo Di Lavoro \u201ccai-parchi E Aree Protette\u201d"},"content":{"rendered":"<p>Istituito\u00a0<strong>il Gruppo di Lavoro<\/strong>\u00a0\u201cCai-Parchi e Aree Protette\u201d. I componenti nominati dal CDC Cai \u2013 Comitato Direttivo Centrale \u2013 che ha dato le indicazioni operative \u2013 sono\u00a0<strong>Filippo Di Donato<\/strong>\u00a0(coordinatore nominato dal PG),\u00a0<strong>Carmela Vaccaro<\/strong>\u00a0(nel Consiglio Direttivo Federparchi) e\u00a0<strong>Raffaele Marini<\/strong>\u00a0(Presidente della Commissione Centrale Tutela Ambiente Montano). Insediati lo scorso 14 marzo nella \u201cGiornata Mondiale del Paesaggio\u201d,\u00a0<strong>da Mario Vaccarella,<\/strong> Delegato CAI Attivit\u00e0 Ambientali, che ha proposto la costituzione del GdL.<\/p>\n<p>Le intese Cai-Parchi e la loro attuazione, priorit\u00e0 operativa. Il Coordinatore Di Donato,\u00a0<em>\u00abil Club Alpino Italiano ha sottoscritto intese di collaborazione con ben 17 Parchi Nazionali e innumerevoli Parchi Regionali .<\/em><\/p>\n<p><em>I Parchi sono una realt\u00e0 complessa dove far convivere ambiente, societ\u00e0 ed economia, nella tradizione che innova. Ed \u00e8 qui che il Cai svolge un preciso ruolo, attento a genti, funzioni e servizi della Montagna, arricchiti da fascino, bellezza e tradizioni di pregevoli territori\u00bb<\/em>.\u00a0<em>\u00abTra i progetti nazionali Cai di riferimento<\/em>\u00a0\u2013 continua Di Donato \u2013\u00a0<em>c\u2019\u00e8 il Sentiero Italia Cai che definisce il Sentiero dei Parchi in quanto nel suo sviluppo interessa direttamente 16 Parchi Nazionali, 37 Parchi regionali e 17 tra Riserve regionali\u00a0<\/em><em>e Riserve statali\u00bb<\/em>.<\/p>\n<p>Sul territorio laziale ci sono ben tre parchi nazionali:<\/p>\n<ul>\n<li>Abruzzo Lazio e Molise (con Abruzzo e Molise)<\/li>\n<li>Circeo<\/li>\n<li>Gran Sasso Monti della Laga (con Abruzzo e Marche)<\/li>\n<\/ul>\n<p>A tal proposito si ricordano anche due eventi importanti curati dalla TAM (tutela ambiente montano)<\/p>\n<ul>\n<li><strong>24 Maggio 2023<\/strong> : Giornata Europea dei Parchi (tema: massima diffusione possibile presso Enti<br \/>\nPubblici, Associazioni ecc. del documento di posizionamento \u201cIl CAI e il Sistema delle Aree<br \/>\nProtette\u201d<\/li>\n<li><strong>11 Giugno 2023<\/strong> : In Cammino nei Parchi (tema : ricerca di criticit\u00e0 all\u2019interno dei Parchi,<br \/>\nnazionali, regionali o altro, con particolare riferimento alla previsione di massicci interventi<br \/>\ninfrastrutturali finanziati tramite PNRR)<\/li>\n<\/ul>\n<p>&nbsp;<\/p>\n","protected":false},"excerpt":{"rendered":"<p>Istituito\u00a0il Gruppo di Lavoro\u00a0\u201cCai-Parchi e Aree Protette\u201d. I componenti nominati dal CDC Cai \u2013 Comitato Direttivo Centrale \u2013 che ha dato le indicazioni operative \u2013 sono\u00a0Filippo Di Donato\u00a0(coordinatore nominato dal [&hellip;]<\/p>\n","protected":false},"author":1,"featured_media":177,"comment_status":"closed","ping_status":"open","sticky":false,"template":"","format":"standard","meta":{"footnotes":""},"categories":[6],"tags":[],"_links":{"self":[{"href":"https:\/\/organizzazione.cai.it\/gr-lazio\/wp-json\/wp\/v2\/posts\/176"}],"collection":[{"href":"https:\/\/organizzazione.cai.it\/gr-lazio\/wp-json\/wp\/v2\/posts"}],"about":[{"href":"https:\/\/organizzazione.cai.it\/gr-lazio\/wp-json\/wp\/v2\/types\/post"}],"author":[{"embeddable":true,"href":"https:\/\/organizzazione.cai.it\/gr-lazio\/wp-json\/wp\/v2\/users\/1"}],"replies":[{"embeddable":true,"href":"https:\/\/organizzazione.cai.it\/gr-lazio\/wp-json\/wp\/v2\/comments?post=176"}],"version-history":[{"count":0,"href":"https:\/\/organizzazione.cai.it\/gr-lazio\/wp-json\/wp\/v2\/posts\/176\/revisions"}],"wp:featuredmedia":[{"embeddable":true,"href":"https:\/\/organizzazione.cai.it\/gr-lazio\/wp-json\/wp\/v2\/media\/177"}],"wp:attachment":[{"href":"https:\/\/organizzazione.cai.it\/gr-lazio\/wp-json\/wp\/v2\/media?parent=176"}],"wp:term":[{"taxonomy":"category","embeddable":true,"href":"https:\/\/organizzazione.cai.it\/gr-lazio\/wp-json\/wp\/v2\/categories?post=176"},{"taxonomy":"post_tag","embeddable":true,"href":"https:\/\/organizzazione.cai.it\/gr-lazio\/wp-json\/wp\/v2\/tags?post=176"}],"curies":[{"name":"wp","href":"https:\/\/api.w.org\/{rel}","templated":true}]}}