{"id":178,"date":"2023-04-11T07:18:45","date_gmt":"2023-04-11T07:18:45","guid":{"rendered":"https:\/\/organizzazione.cai.it\/gr-lazio\/2023\/04\/cai-cultura-2023\/"},"modified":"2023-04-11T07:18:45","modified_gmt":"2023-04-11T07:18:45","slug":"cai-cultura-2023","status":"publish","type":"post","link":"https:\/\/organizzazione.cai.it\/gr-lazio\/2023\/04\/cai-cultura-2023\/","title":{"rendered":"Cai Cultura 2023"},"content":{"rendered":"<div class=\"mg-header\">\n<h1 class=\"title single\"><a title=\"Permalink a:CAI Cultura 2023\">CAI Cultura 2023<\/a><\/h1>\n<div class=\"media mg-info-author-block\">\n<div class=\"media-body\"><\/div>\n<\/div>\n<\/div>\n<article class=\"small single\">il 22 novembre abbiamo presentato il nuovo progetto culturale cai lazio 2022-2023 registrato e inserito nel canale di youtube per motivi organizzativi e di evidenzia, inseriamo qui le date con i relatori degli eventi.<\/p>\n<p>I codici di accesso puoi richiederli al seguente indirizzo previa registrazione: umbertobernabei@alice.it<\/p>\n<p>Tutti gli eventi, visto che sono materiali condivisi con le scuole, saranno registrati e inseriti nel canale youtube di CAI LAzio e a tal proposito si pregano gli invitati di entrare con CAM disattivata\u2026..<\/p>\n<p><strong>Appuntamenti<\/strong><\/p>\n<p><strong>29 Novembre 2022: presentazione del libro \u201c<u>Le marocchinate<\/u><\/strong><\/p>\n<p>Le donne ciociare, vittime, destinate all\u2019oblio oppure ribelli, sopravvissute, condannate al<\/p>\n<p>dolore o resistenti e fiere.\u00a0<strong>Relatrice Stefania Catallo<\/strong><strong>12- Gennaio 2022<\/strong><\/p>\n<p>Camminare nella bellezza e nei luoghi della storia racconto di un\u2019esperienza che vivremo e ricorderemo.<\/p>\n<p><strong>Relatore: Luca Teodori-Istruttore nazionale di escursionismo del CAI<\/strong><\/p>\n<p><strong>15 Gennaio 2022<\/strong><\/p>\n<p><strong>I luoghi della storia: trekking urbano dal quartiere Testaccio, per il cimitero acattolico, fino Ai luoghi del Ghetto:<\/strong>\u00a0fra piazza Giudea (oggi piazza delle Cinque Scole), i resti del Portico d\u2019Ottavia, e le rive del Tevere davanti all\u2019Isola Tiberina.<\/p>\n<p><em>\u00a0I luoghi del grande dramma del 1943, quando il 16 ottobre le SS naziste rastrellarono e deportarono nei campi di concentramento pi\u00f9 di 1000 ebrei. Tornarono solo in 16.<\/em><\/p>\n<p><strong>Guida: Luca Teodori-Istruttore nazionale di escursionismo del CAI<\/strong><\/p>\n<p><strong>31-Gennaio 2023<\/strong><\/p>\n<p><strong>La Storia: contenuti, analisi e commento del Romanzo di Elsa Morante.<\/strong><\/p>\n<p><strong>\u00a0\u00a0\u00a0\u00a0 Relatore: Professore Marcello Carlino<\/strong><\/p>\n<p><strong>14 Febbraio 2023<\/strong><\/p>\n<p><strong>Qui tutto \u00e8 silenzio\u00bb. Il carrista scelto Aldo Delfino da Cervaro a El Alamein<br \/>\n<\/strong><em>Un uomo nel turbine della storia.<\/em>\u00a0<strong>Relatore Professore Gaetano de Angelis Curtis<\/strong>\u00a0<strong>Direttore Historiale Cassino<\/strong><\/p>\n<p><strong>19 Febbraio -La storia di uomini che combattono sulle Cime<\/strong><\/p>\n<p>Trekking sulla Linea Gustav-SENTIERO 973 (MONTE MAIO)\u00a0Coordinamento Sezioni CAI di Esperia, Cassino;\u00a0Sulla Cima Cantando la PACE con una rappresentanza del Coro CAI di Frosinone Direttore Giuseppina Antonucci<\/p>\n<p><strong>31 Gennaio 2023<\/strong><\/p>\n<p><strong>STORIA PER NON DIMENTICARE<\/strong><\/p>\n<p><strong>28 \u2013 Febbraio 2023<\/strong><\/p>\n<p><strong>Portico d\u2019Ottavia 13, la casa ferita<\/strong><\/p>\n<p><em>Un\u2019antica casa medievale ormai degradata, un vasto cortile rinascimentale. \u00c8 qui che il 16 ottobre del 1943 i nazisti arrestano pi\u00f9 di trenta ebrei, un terzo dei suoi abitanti, tra i pi\u00f9 poveri della Comunit\u00e0. Sono per lo pi\u00f9 vecchi, donne e bambini<\/em><\/p>\n<p><strong>Relatrice Professoressa Anna Foa<\/strong><\/p>\n<p><strong>14 MARZO 2023<\/strong><\/p>\n<p>La storia nei simboli che si specchiano sull\u2019orizzonte.<\/p>\n<p>Croci di Vetta in Appennino<\/p>\n<p>Relatrice professoressa Ines Millesimi<\/p>\n<p>&nbsp;<\/p>\n<p><strong>16 APRILE 2023<\/strong><\/p>\n<p><strong>Tra Eremi e Monasteri alle Origini del Pensiero Europeo.<\/strong><\/p>\n<p><strong>A 700 anni dalla beatificazione di San Tommaso;<\/strong><\/p>\n<p>Trekking delle Gole del Melfa e dell\u2019Eremo dello Spirito Santo.<\/p>\n<p><strong>Coordinamento Sezione CAI di Cassino<\/strong><\/p>\n<p><strong>Concerto Cori CAI e Studenti del Liceo musicale Bragaglia di Frosinone<br \/>\n\u00abnella piazzetta medievale di Roccasecca.\u00bb<\/strong><\/p>\n<p><strong>\u00a0Direttore Giuseppina Antonucci<\/strong><\/p>\n<p><strong>Coordinamento Sezione CAI di Frosinone<\/strong><\/p>\n<p>&nbsp;<\/p>\n<p><strong>20 APRILE 2023<\/strong><\/p>\n<p>Il linguaggio dimenticato del Silenzio.<\/p>\n<p>Il pasto silenzioso. Un sociologo alla mensa dei Monaci.<\/p>\n<p>Relatore: Professor Lucio Meglio.<\/p>\n<p><strong>\u00a0\u00a0<\/strong><\/p>\n<p><strong>30 Aprile 2023<\/strong><\/p>\n<p>-La storia incontra la Storia, Elsa Morante e Marguerite Yourcenar, due scrittrici a confronto.<\/p>\n<p>Trekking urbano a Tivoli, leggere le Memorie di Adriano nei luoghi del racconto<\/p>\n<p>Coordinamento Sezione CAI di Tivoli.<\/p>\n<p>&nbsp;<\/p>\n<p><strong>9 Maggio 2023<\/strong><\/p>\n<p><strong>&#8211;<\/strong>La storia prima della Storia\u00a0Argil e Neanderthal\u00a0 racconti dell\u2019et\u00e0 della\u00a0 pietra.<\/p>\n<p>Relatore: Italo Biddittu; in collaborazione con l\u2019ECOMUSEO Argil,\u00a0 di\u00a0 Ceprano<\/p>\n<p>&nbsp;<\/p>\n<p><strong><u>14 Maggio 2023<\/u><\/strong><\/p>\n<p>\u201cTrekking sul Promontorio del Circeo\u00bb, tra natura, preistoria e mito\u201d<\/p>\n<p><u>Coordinamento Sezione CAI di Latina<\/u><\/p>\n<p>&nbsp;<\/p>\n<p><strong><u>20 Maggio 2023<\/u><\/strong><\/p>\n<p>-Concerto Cori CAI e Studenti del Liceo musicale Bragaglia di Frosinone all\u2019Historiale di Cassino<\/p>\n<p>Direttore Giuseppina Antonucci<\/p>\n<p>Coordinamento Sezione CAI di Frosinone e di Cassino<\/p>\n<p>&nbsp;<\/p>\n<p><strong>23 Maggio 2023<\/strong><\/p>\n<p>Gli sdraiati<\/p>\n<p>Noi e i nostri figli, generazioni a confronto<\/p>\n<p>Dove\u00a0ci siamo persi? E baster\u00e0, per ritrovarci, il disperato, patetico invito che il padre reitera al figlio per una passeggiata in montagna?<\/p>\n<div class=\"clearfix mb-3\">Alcune date potrebbero subire variazioni dovute ai nostri relatori cosi come le disponibilit\u00e0 delle sezioni sul territorio e patrocini vincolati con i comuni.<\/div>\n<nav class=\"navigation post-navigation\" aria-label=\"Articoli\">\n<div class=\"nav-links\"><\/div>\n<\/nav>\n<\/article>\n","protected":false},"excerpt":{"rendered":"<p>CAI Cultura 2023 il 22 novembre abbiamo presentato il nuovo progetto culturale cai lazio 2022-2023 registrato e inserito nel canale di youtube per motivi organizzativi e di evidenzia, inseriamo qui [&hellip;]<\/p>\n","protected":false},"author":1,"featured_media":179,"comment_status":"closed","ping_status":"open","sticky":false,"template":"","format":"standard","meta":{"footnotes":""},"categories":[6],"tags":[],"_links":{"self":[{"href":"https:\/\/organizzazione.cai.it\/gr-lazio\/wp-json\/wp\/v2\/posts\/178"}],"collection":[{"href":"https:\/\/organizzazione.cai.it\/gr-lazio\/wp-json\/wp\/v2\/posts"}],"about":[{"href":"https:\/\/organizzazione.cai.it\/gr-lazio\/wp-json\/wp\/v2\/types\/post"}],"author":[{"embeddable":true,"href":"https:\/\/organizzazione.cai.it\/gr-lazio\/wp-json\/wp\/v2\/users\/1"}],"replies":[{"embeddable":true,"href":"https:\/\/organizzazione.cai.it\/gr-lazio\/wp-json\/wp\/v2\/comments?post=178"}],"version-history":[{"count":0,"href":"https:\/\/organizzazione.cai.it\/gr-lazio\/wp-json\/wp\/v2\/posts\/178\/revisions"}],"wp:featuredmedia":[{"embeddable":true,"href":"https:\/\/organizzazione.cai.it\/gr-lazio\/wp-json\/wp\/v2\/media\/179"}],"wp:attachment":[{"href":"https:\/\/organizzazione.cai.it\/gr-lazio\/wp-json\/wp\/v2\/media?parent=178"}],"wp:term":[{"taxonomy":"category","embeddable":true,"href":"https:\/\/organizzazione.cai.it\/gr-lazio\/wp-json\/wp\/v2\/categories?post=178"},{"taxonomy":"post_tag","embeddable":true,"href":"https:\/\/organizzazione.cai.it\/gr-lazio\/wp-json\/wp\/v2\/tags?post=178"}],"curies":[{"name":"wp","href":"https:\/\/api.w.org\/{rel}","templated":true}]}}