{"id":185,"date":"2023-04-10T09:04:32","date_gmt":"2023-04-10T09:04:32","guid":{"rendered":"https:\/\/organizzazione.cai.it\/gr-lazio\/2023\/04\/ard-15-aprile-2023\/"},"modified":"2023-04-10T09:04:32","modified_gmt":"2023-04-10T09:04:32","slug":"ard-15-aprile-2023","status":"publish","type":"post","link":"https:\/\/organizzazione.cai.it\/gr-lazio\/2023\/04\/ard-15-aprile-2023\/","title":{"rendered":"Ard 15 Aprile 2023"},"content":{"rendered":"<p><em>Oggetto:\u00a0<\/em><strong>Convocazione Assemblea Ordinaria Regionale dei Delegati \u2013 Gruppo Regionale Lazio in data 15 Aprile 2023.<\/strong><\/p>\n<p>Carissimi Presidenti e Delegati,<\/p>\n<p>Comunico che il CDR Lazio, ha Convocato nelle riunioni del 4 marzo ca l\u2019ARD ordinaria per Sabato 15 Aprile 2023, in prima seduta alle ore 6 presso la sua sede legale in via Galvani, 10 a Roma e in seconda seduta alle ore 09.30 presso\u00a0<strong>la sezione CAI di Roma\u00a0<\/strong>con il seguente ODG:<\/p>\n<ol>\n<li>Nomina del Presidente e del segretario dell\u2019Assemblea;<\/li>\n<li>Presentazione Comitato Elettorale;<\/li>\n<li>Nomina degli scrutinatori;<\/li>\n<li>Lettura ed approvazione verbale dell\u2019ARD del 9 novembre 2022;<\/li>\n<li>Relazione del Presidente Regionale;<\/li>\n<li>Presentazione Bilancio Consuntivo 2022 e Preventivo 2023,relazione del Presidente Collegio Revisori e approvazione dei Bilanci;<\/li>\n<li>Integrazione organigramma di figure Universitarie nel Comitato scientifico Regionale Lazio;<\/li>\n<li>Votazione di un membro alla CCIC area CMI;<\/li>\n<li>Interventi dei Presidenti OTTO Lazio e Commissioni Regionali;<\/li>\n<li>Varie ed eventuali.<\/li>\n<\/ol>\n<p><strong>Si Precisa che in base al Regolamento Generale CAI art. 25<\/strong>\u00a0per le votazioni degli organi centrali i punti l\u2019odg possono essere cambiati per motivi di orario sulla\u00a0<strong>votazione del punto 8<\/strong>\u00a0<strong>\u2026. omissis<\/strong>\u00a0le operazioni di voto dovranno essere espletate entro le ore 12.00 e lo spoglio delle schede dovr\u00e0 iniziare non prima delle ore 13.00.<\/p>\n<p><strong>Prima della votazione ci sar\u00e0 la presentazione del candidato\/i che pu\u00f2 avvenire di persona, con collegamento in remoto o con invio di un videoclip prima della votazione, secondo le modalit\u00e0 del Presidente di Assemblea e della disponibilit\u00e0 dei candidati.<\/strong><\/p>\n<p><strong>La verifica dei poteri<\/strong>\u00a0in prima convocazione avr\u00e0 inizio alle ore 5.30, mentre in seconda convocazione\u00a0<strong>alle ore 09.00<\/strong><\/p>\n<p>Intervengono nell\u2019Assemblea Regionale dei Delegati, con diritto di voto, i Delegati delle Sezioni di cui al precedente art.1 e, senza diritto di voto, i membri del CDR e se non Delegati delle Sezioni, i membri del collegio dei Revisori legali. Sono invitati a partecipare all\u2019ARD, senza diritto di voto, gli ex Presidenti Generali, i componenti del CC, del CDC e del Collegio Nazionale dei Revisori di Conti appartenenti a Sezioni facenti parte dell\u2019area laziale.<\/p>\n<p>Hanno diritto ad intervenire i Delegati delle sezioni in regola con il pagamento della quota annuale per il contributo alle spese di funzionamento del GR Lazio, come previsto dal nostro statuto art. 4 e 5.<\/p>\n<p>Tutta la documentazione di supporto bilanci, deleghe, ultimo verbale sono scaricabili in fondo alla pagina.<\/p>\n<p>Vista l\u2019importanza dei temi trattati, siete pregati di non mancare ed \u00e8 gradita una preregistrazione entro il 10 Aprile c.a. sul seguente link allegando deleghe se rappresentati da altri soci\u00a0\u00a0<a href=\"https:\/\/forms.gle\/4L6FARRStNknPVKX7\" target=\"_blank\" rel=\"noopener\">https:\/\/forms.gle\/4L6FARRStNknPVKX7<\/a><\/p>\n<p>Cordiali saluti<\/p>\n<p><strong>il Presidente Regionale<\/strong><\/p>\n<p>Amedeo Parente<\/p>\n<p>\u2014\u2014\u2014\u2014\u2014\u2013ooooo\u2014\u2014\u2014\u2014\u2014\u2014\u2014\u2014\u2013ooooo\u2014\u2014\u2014\u2014\u2014<\/p>\n<p><strong>Allegati da scaricare:\u00a0<\/strong><\/p>\n<p><strong>Delega ARD (nomina per altri delegati)<\/strong><\/p>\n<p><a href=\"https:\/\/organizzazione.cai.it\/gr-lazio\/wp-content\/uploads\/sites\/62\/2024\/10\/delega-gr-lazio-15-aprile-2023.pdf\" target=\"_blank\" rel=\"noopener\">delega-gr-lazio-15-aprile-2023<\/a><\/p>\n<p><strong>Ultimo verbale (ARD)\u00a0<\/strong><\/p>\n<p><a href=\"https:\/\/organizzazione.cai.it\/gr-lazio\/wp-content\/uploads\/sites\/62\/2024\/10\/VERBALE-con-relazione-allegati.pdf\" target=\"_blank\" rel=\"noopener\">VERBALE-con-relazione-allegati<\/a><\/p>\n<p><strong>lettera convocazione del PR<\/strong><\/p>\n<p><a href=\"https:\/\/organizzazione.cai.it\/gr-lazio\/wp-content\/uploads\/sites\/62\/2024\/10\/lettera-di-convocazione-ARD-Lazio-15-aprile-2023-signed-1.pdf\" target=\"_blank\" rel=\"noopener\">lettera-di-convocazione-ARD-Lazio-15-aprile-2023-signed-1<\/a><\/p>\n<p><strong>Curriculum iannelli (CCIC):<\/strong><\/p>\n<p><a href=\"https:\/\/organizzazione.cai.it\/gr-lazio\/wp-content\/uploads\/sites\/62\/2024\/10\/3-Curriculum-CAI-eugenio-iannelli.pdf\" target=\"_blank\" rel=\"noopener\">3-Curriculum-CAI-eugenio-iannelli<\/a><\/p>\n<p><strong>Bilanci CAI Lazio:<\/strong><\/p>\n<p><a href=\"https:\/\/organizzazione.cai.it\/gr-lazio\/wp-content\/uploads\/sites\/62\/2024\/10\/caigest_bilancio-economico-e-patrimoniale-2022-cai-lazio.pdf\" target=\"_blank\" rel=\"noopener\">caigest_bilancio-economico-e-patrimoniale-2022-cai-lazio<\/a><\/p>\n<p><a href=\"https:\/\/organizzazione.cai.it\/gr-lazio\/wp-content\/uploads\/sites\/62\/2024\/10\/caigest_preventivo-2023-cai-lazio.pdf\" target=\"_blank\" rel=\"noopener\">caigest_preventivo-2023-cai-lazio<\/a><\/p>\n","protected":false},"excerpt":{"rendered":"<p>Oggetto:\u00a0Convocazione Assemblea Ordinaria Regionale dei Delegati \u2013 Gruppo Regionale Lazio in data 15 Aprile 2023. Carissimi Presidenti e Delegati, Comunico che il CDR Lazio, ha Convocato nelle riunioni del 4 [&hellip;]<\/p>\n","protected":false},"author":1,"featured_media":186,"comment_status":"closed","ping_status":"open","sticky":false,"template":"","format":"standard","meta":{"footnotes":""},"categories":[6],"tags":[8],"_links":{"self":[{"href":"https:\/\/organizzazione.cai.it\/gr-lazio\/wp-json\/wp\/v2\/posts\/185"}],"collection":[{"href":"https:\/\/organizzazione.cai.it\/gr-lazio\/wp-json\/wp\/v2\/posts"}],"about":[{"href":"https:\/\/organizzazione.cai.it\/gr-lazio\/wp-json\/wp\/v2\/types\/post"}],"author":[{"embeddable":true,"href":"https:\/\/organizzazione.cai.it\/gr-lazio\/wp-json\/wp\/v2\/users\/1"}],"replies":[{"embeddable":true,"href":"https:\/\/organizzazione.cai.it\/gr-lazio\/wp-json\/wp\/v2\/comments?post=185"}],"version-history":[{"count":0,"href":"https:\/\/organizzazione.cai.it\/gr-lazio\/wp-json\/wp\/v2\/posts\/185\/revisions"}],"wp:featuredmedia":[{"embeddable":true,"href":"https:\/\/organizzazione.cai.it\/gr-lazio\/wp-json\/wp\/v2\/media\/186"}],"wp:attachment":[{"href":"https:\/\/organizzazione.cai.it\/gr-lazio\/wp-json\/wp\/v2\/media?parent=185"}],"wp:term":[{"taxonomy":"category","embeddable":true,"href":"https:\/\/organizzazione.cai.it\/gr-lazio\/wp-json\/wp\/v2\/categories?post=185"},{"taxonomy":"post_tag","embeddable":true,"href":"https:\/\/organizzazione.cai.it\/gr-lazio\/wp-json\/wp\/v2\/tags?post=185"}],"curies":[{"name":"wp","href":"https:\/\/api.w.org\/{rel}","templated":true}]}}