{"id":199,"date":"2021-08-22T09:47:05","date_gmt":"2021-08-22T09:47:05","guid":{"rendered":"https:\/\/organizzazione.cai.it\/gr-lazio\/2021\/08\/incendi-boschivi\/"},"modified":"2024-10-31T16:22:43","modified_gmt":"2024-10-31T16:22:43","slug":"incendi-boschivi","status":"publish","type":"post","link":"https:\/\/organizzazione.cai.it\/gr-lazio\/2021\/08\/incendi-boschivi\/","title":{"rendered":"Incendi Boschivi\u00a0"},"content":{"rendered":"<div class=\"kvgmc6g5 cxmmr5t8 oygrvhab hcukyx3x c1et5uql ii04i59q\">\n<div dir=\"auto\">INCENDI BOSCHIVI\u00a0 (foto @ph vigili del fuoco)<\/div>\n<div dir=\"auto\">gi\u00e0 nel luglio del 2017 si parlava di incendi boschivi, con relative conferenze sui territori a cura di molte sezioni CAI locali, ma nulla \u00e8 servito per migliorare questo aspetto nefasto e assurdo che rovina il nostro sistema ambiente e la nostra vita come qualit\u00e0 &#8230;.. un incendio boschivo \u00e8 talmente terrificante che pone diverse problematiche nel tempo.<\/div>\n<div dir=\"auto\">La terra non riesce a drenare le piogge intense e quindi crea tracimazione di acqua-fango a valle inondando case e spazzando come furia devastante, tutto quello che incontra lungo il suo cammino.<\/div>\n<div dir=\"auto\">La qualit\u00e0 dell&#8217;aria come dicevamo prima avr\u00e0 percentuale in pi\u00f9 di CO2 con un amento dell&#8217;effetto serra, il surriscaldamento dell&#8217;aria pone gravi danni ai nostri ghiacciai come riserva di acqua&#8230;.. inoltre la morte di tanti animali che vivono e si nutrono nei boschi e sottoboschi &#8230;.<\/div>\n<div dir=\"auto\">Dopo 4 anni di scritti e dialoghi con forza siamo ancora qui a scrivere sempre le stesse cose&#8230;.. in Italia non ci sono presidi adeguati e di piani di manutenzione preventiva contro il rischio incendi, unici strumenti per evitare e ridurre il rischio di queste drammatiche calamit\u00e0.<\/div>\n<div dir=\"auto\">Ci ricordiamo di questo solo ogni estate dopo il dramma &#8230;.si legge da pi\u00f9 fonti giornalistiche&#8230;che la Regione Lazio dichiara lo stato di calamit\u00e0 naturale&#8230;&#8230;<span class=\"pq6dq46d tbxw36s4 knj5qynh kvgmc6g5 ditlmg2l oygrvhab nvdbi5me sf5mxxl7 gl3lb2sf hhz5lgdu\"><img loading=\"lazy\" decoding=\"async\" src=\"https:\/\/organizzazione.cai.it\/gr-lazio\/wp-content\/uploads\/sites\/62\/2024\/10\/26a0.png\" alt=\"\u26a0\" width=\"16\" height=\"16\" title=\"\"><\/span><span class=\"pq6dq46d tbxw36s4 knj5qynh kvgmc6g5 ditlmg2l oygrvhab nvdbi5me sf5mxxl7 gl3lb2sf hhz5lgdu\"><img loading=\"lazy\" decoding=\"async\" src=\"https:\/\/organizzazione.cai.it\/gr-lazio\/wp-content\/uploads\/sites\/62\/2024\/10\/26a0.png\" alt=\"\u26a0\" width=\"16\" height=\"16\" title=\"\"><\/span><span class=\"pq6dq46d tbxw36s4 knj5qynh kvgmc6g5 ditlmg2l oygrvhab nvdbi5me sf5mxxl7 gl3lb2sf hhz5lgdu\"><img loading=\"lazy\" decoding=\"async\" src=\"https:\/\/organizzazione.cai.it\/gr-lazio\/wp-content\/uploads\/sites\/62\/2024\/10\/26a0.png\" alt=\"\u26a0\" width=\"16\" height=\"16\" title=\"\"><\/span><span class=\"pq6dq46d tbxw36s4 knj5qynh kvgmc6g5 ditlmg2l oygrvhab nvdbi5me sf5mxxl7 gl3lb2sf hhz5lgdu\"><img loading=\"lazy\" decoding=\"async\" src=\"https:\/\/organizzazione.cai.it\/gr-lazio\/wp-content\/uploads\/sites\/62\/2024\/10\/26a0.png\" alt=\"\u26a0\" width=\"16\" height=\"16\" title=\"\"><\/span><span class=\"pq6dq46d tbxw36s4 knj5qynh kvgmc6g5 ditlmg2l oygrvhab nvdbi5me sf5mxxl7 gl3lb2sf hhz5lgdu\"><img loading=\"lazy\" decoding=\"async\" src=\"https:\/\/organizzazione.cai.it\/gr-lazio\/wp-content\/uploads\/sites\/62\/2024\/10\/26a0.png\" alt=\"\u26a0\" width=\"16\" height=\"16\" title=\"\"><\/span><span class=\"pq6dq46d tbxw36s4 knj5qynh kvgmc6g5 ditlmg2l oygrvhab nvdbi5me sf5mxxl7 gl3lb2sf hhz5lgdu\"><img loading=\"lazy\" decoding=\"async\" src=\"https:\/\/organizzazione.cai.it\/gr-lazio\/wp-content\/uploads\/sites\/62\/2024\/10\/26a0.png\" alt=\"\u26a0\" width=\"16\" height=\"16\" title=\"\"><\/span> seicento incendi in dieci giorni, tra cui quelli devastanti di Tivoli e Fara Sabina con danni gravissimi e centinaia di sfollati, con stato di massima allerta dichiarato fino al prossimo 30 settembre.<\/div>\n<\/div>\n<div class=\"o9v6fnle cxmmr5t8 oygrvhab hcukyx3x c1et5uql ii04i59q\">\n<div dir=\"auto\">Forse sarebbe il caso invece di deturpare le nostre montagne con la realizzazione di nuovi impianti sciistici&#8230;.di fare per ogni regione impianti salini ad osmosi inversa che trasformano l&#8217;acqua marina\u00a0 in acqua potabile per la creazione di una grande rete antincendio e di una rete di coltivazione &#8230;.. in questa Domenica di Agosto 2021 un p\u00f2 di riflessione fa bene &#8230;&#8230;cerchiamo di mettere in moto progetti futuri utili per tutti&#8230;&#8230;. RISPETTIAMO LA NATURA SE VOGLIAMO BENE AI NOSTRI FIGLI.<\/div>\n<div dir=\"auto\"><a class=\"oajrlxb2 g5ia77u1 qu0x051f esr5mh6w e9989ue4 r7d6kgcz rq0escxv nhd2j8a9 nc684nl6 p7hjln8o kvgmc6g5 cxmmr5t8 oygrvhab hcukyx3x jb3vyjys rz4wbd8a qt6c0cv9 a8nywdso i1ao9s8h esuyzwwr f1sip0of lzcic4wl q66pz984 gpro0wi8 b1v8xokw\" role=\"link\" href=\"https:\/\/www.facebook.com\/cdrlazio\/?__cft__[0]=AZUZkkNFCqkjVZQhOXeO5i8Bto2B81pUB5RZvLRRSMKE5VEy0GLKqXELYIvHe4iF1dBA1SMSEU-Y0odh_g8ncoDlncmMgST8UeVjgiHeFJekT9aYEK1rGcfEtZmMAB7zXZ6T088z2PHdaA79-DL7fP-mq_h-0E-zLLxx1zWpRJUUtvmegYKQZGE-PJXHfo4Gm5w&amp;__tn__=kK-R\" target=\"_blank\" rel=\"noopener\"><span class=\"nc684nl6\">Club Alpino Italiano &#8211; Gruppo Regione Lazio<\/span><\/a><\/div>\n<\/div>\n","protected":false},"excerpt":{"rendered":"<p>INCENDI BOSCHIVI\u00a0 (foto @ph vigili del fuoco) gi\u00e0 nel luglio del 2017 si parlava di incendi boschivi, con relative conferenze sui territori a cura di molte sezioni CAI locali, ma [&hellip;]<\/p>\n","protected":false},"author":1,"featured_media":202,"comment_status":"closed","ping_status":"open","sticky":false,"template":"","format":"standard","meta":{"footnotes":""},"categories":[6],"tags":[],"_links":{"self":[{"href":"https:\/\/organizzazione.cai.it\/gr-lazio\/wp-json\/wp\/v2\/posts\/199"}],"collection":[{"href":"https:\/\/organizzazione.cai.it\/gr-lazio\/wp-json\/wp\/v2\/posts"}],"about":[{"href":"https:\/\/organizzazione.cai.it\/gr-lazio\/wp-json\/wp\/v2\/types\/post"}],"author":[{"embeddable":true,"href":"https:\/\/organizzazione.cai.it\/gr-lazio\/wp-json\/wp\/v2\/users\/1"}],"replies":[{"embeddable":true,"href":"https:\/\/organizzazione.cai.it\/gr-lazio\/wp-json\/wp\/v2\/comments?post=199"}],"version-history":[{"count":1,"href":"https:\/\/organizzazione.cai.it\/gr-lazio\/wp-json\/wp\/v2\/posts\/199\/revisions"}],"predecessor-version":[{"id":201,"href":"https:\/\/organizzazione.cai.it\/gr-lazio\/wp-json\/wp\/v2\/posts\/199\/revisions\/201"}],"wp:featuredmedia":[{"embeddable":true,"href":"https:\/\/organizzazione.cai.it\/gr-lazio\/wp-json\/wp\/v2\/media\/202"}],"wp:attachment":[{"href":"https:\/\/organizzazione.cai.it\/gr-lazio\/wp-json\/wp\/v2\/media?parent=199"}],"wp:term":[{"taxonomy":"category","embeddable":true,"href":"https:\/\/organizzazione.cai.it\/gr-lazio\/wp-json\/wp\/v2\/categories?post=199"},{"taxonomy":"post_tag","embeddable":true,"href":"https:\/\/organizzazione.cai.it\/gr-lazio\/wp-json\/wp\/v2\/tags?post=199"}],"curies":[{"name":"wp","href":"https:\/\/api.w.org\/{rel}","templated":true}]}}