{"id":203,"date":"2021-07-20T13:09:32","date_gmt":"2021-07-20T13:09:32","guid":{"rendered":"https:\/\/organizzazione.cai.it\/gr-lazio\/2021\/07\/venerdi-30-luglio-2021\/"},"modified":"2021-07-20T13:09:32","modified_gmt":"2021-07-20T13:09:32","slug":"venerdi-30-luglio-2021","status":"publish","type":"post","link":"https:\/\/organizzazione.cai.it\/gr-lazio\/2021\/07\/venerdi-30-luglio-2021\/","title":{"rendered":"Venerdi 30 Luglio 2021"},"content":{"rendered":"<div class=\"kvgmc6g5 cxmmr5t8 oygrvhab hcukyx3x c1et5uql ii04i59q\">\n<div dir=\"auto\">La Riserva Naturale Regionale dei Monti Navegna e Cervia fra escursioni, passeggiate, letture ed un grande evento finale nel borgo medievale di Monte Antuni<\/div>\n<\/div>\n<div class=\"o9v6fnle cxmmr5t8 oygrvhab hcukyx3x c1et5uql ii04i59q\">\n<div dir=\"auto\">La programmazione di eventi della Regione Lazio nelle aree naturali protette, presentata lo scorso giugno dal presidente <a class=\"oajrlxb2 g5ia77u1 qu0x051f esr5mh6w e9989ue4 r7d6kgcz rq0escxv nhd2j8a9 nc684nl6 p7hjln8o kvgmc6g5 cxmmr5t8 oygrvhab hcukyx3x jb3vyjys rz4wbd8a qt6c0cv9 a8nywdso i1ao9s8h esuyzwwr f1sip0of lzcic4wl q66pz984 gpro0wi8 b1v8xokw\" role=\"link\" href=\"https:\/\/www.facebook.com\/nicolazingaretti\/?__cft__[0]=AZWk-xaXrDU046hZZ-aBiJpPH_WZHjo4wOWQovfvmI_3jZnIx8QpPInBb57hzrT8ipMNU1lySMLvRTfiEagUbtRJXQ9_lGCe21b_-MwcSXGy2jEk2Rt8Trm16rtEheABoFAkaiXPo-y7cjpWbDHNcMSecrL4Rz63Uv-Zul-YwWWJQzng95LjEJoscg4hvyLAmk0&amp;__tn__=kK-R\" target=\"_blank\" rel=\"noopener\"><span class=\"nc684nl6\">Nicola Zingaretti<\/span><\/a>, l\u2019assessora alla Transizione Ecologica, <a class=\"oajrlxb2 g5ia77u1 qu0x051f esr5mh6w e9989ue4 r7d6kgcz rq0escxv nhd2j8a9 nc684nl6 p7hjln8o kvgmc6g5 cxmmr5t8 oygrvhab hcukyx3x jb3vyjys rz4wbd8a qt6c0cv9 a8nywdso i1ao9s8h esuyzwwr f1sip0of lzcic4wl q66pz984 gpro0wi8 b1v8xokw\" role=\"link\" href=\"https:\/\/www.facebook.com\/RobertaLombardiPortavoce\/?__cft__[0]=AZWk-xaXrDU046hZZ-aBiJpPH_WZHjo4wOWQovfvmI_3jZnIx8QpPInBb57hzrT8ipMNU1lySMLvRTfiEagUbtRJXQ9_lGCe21b_-MwcSXGy2jEk2Rt8Trm16rtEheABoFAkaiXPo-y7cjpWbDHNcMSecrL4Rz63Uv-Zul-YwWWJQzng95LjEJoscg4hvyLAmk0&amp;__tn__=kK-R\" target=\"_blank\" rel=\"noopener\"><span class=\"nc684nl6\">Roberta Lombardi<\/span><\/a>, l\u2019assessora al Turismo, @Valentina Corrado, e l\u2019assessora all\u2019Agricoltura, <a class=\"oajrlxb2 g5ia77u1 qu0x051f esr5mh6w e9989ue4 r7d6kgcz rq0escxv nhd2j8a9 nc684nl6 p7hjln8o kvgmc6g5 cxmmr5t8 oygrvhab hcukyx3x jb3vyjys rz4wbd8a qt6c0cv9 a8nywdso i1ao9s8h esuyzwwr f1sip0of lzcic4wl q66pz984 gpro0wi8 b1v8xokw\" role=\"link\" href=\"https:\/\/www.facebook.com\/assessoreenricaonorati\/?__cft__[0]=AZWk-xaXrDU046hZZ-aBiJpPH_WZHjo4wOWQovfvmI_3jZnIx8QpPInBb57hzrT8ipMNU1lySMLvRTfiEagUbtRJXQ9_lGCe21b_-MwcSXGy2jEk2Rt8Trm16rtEheABoFAkaiXPo-y7cjpWbDHNcMSecrL4Rz63Uv-Zul-YwWWJQzng95LjEJoscg4hvyLAmk0&amp;__tn__=kK-R\" target=\"_blank\" rel=\"noopener\"><span class=\"nc684nl6\">Enrica Onorati<\/span><\/a>, proporr\u00e0 oltre mille eventi gratuiti per l\u2019estate nei @Parchi Regionali del Lazio<\/div>\n<\/div>\n<div class=\"o9v6fnle cxmmr5t8 oygrvhab hcukyx3x c1et5uql ii04i59q\">\n<div dir=\"auto\">Eventi che spaziano dalla celebrazione dei 700 anni dalla morte di Dante Alighieri alla divulgazione scientifico-naturalistica, con visite guidate e iniziative dedicate all\u2019escursionismo, sport, enogastronomia, laboratori della natura, educazione ambientale, teatro, musica e mostre.<\/div>\n<\/div>\n<div class=\"o9v6fnle cxmmr5t8 oygrvhab hcukyx3x c1et5uql ii04i59q\">\n<div dir=\"auto\">Un\u2019offerta ampia, gratuita, immersa nella Natura e diffusa su tutto il territorio regionale, con l\u2019obiettivo di moltiplicare, per cittadini, Comuni e operatori del settore, le opportunit\u00e0 legate al turismo sostenibile e di prossimit\u00e0, in modo sicuro e nel rispetto delle norme anti Covid, e per dare cos\u00ec un segnale di rinascita dopo i mesi di restrizioni e difficolt\u00e0 legate alla pandemia.<\/div>\n<\/div>\n<div class=\"o9v6fnle cxmmr5t8 oygrvhab hcukyx3x c1et5uql ii04i59q\">\n<div dir=\"auto\">In questo contesto la <a class=\"oajrlxb2 g5ia77u1 qu0x051f esr5mh6w e9989ue4 r7d6kgcz rq0escxv nhd2j8a9 nc684nl6 p7hjln8o kvgmc6g5 cxmmr5t8 oygrvhab hcukyx3x jb3vyjys rz4wbd8a qt6c0cv9 a8nywdso i1ao9s8h esuyzwwr f1sip0of lzcic4wl q66pz984 gpro0wi8 b1v8xokw\" role=\"link\" href=\"https:\/\/www.facebook.com\/navegnacervia\/?__cft__[0]=AZWk-xaXrDU046hZZ-aBiJpPH_WZHjo4wOWQovfvmI_3jZnIx8QpPInBb57hzrT8ipMNU1lySMLvRTfiEagUbtRJXQ9_lGCe21b_-MwcSXGy2jEk2Rt8Trm16rtEheABoFAkaiXPo-y7cjpWbDHNcMSecrL4Rz63Uv-Zul-YwWWJQzng95LjEJoscg4hvyLAmk0&amp;__tn__=kK-R\" target=\"_blank\" rel=\"noopener\"><span class=\"nc684nl6\">Riserva Naturale Monte Navegna e Monte Cervia<\/span><\/a> &#8211; situata nella provincia di Rieti all\u2019interno dei bacini idrografici del fiume Salto e Turano \u2013 il prossimo 30 luglio 2021 proporr\u00e0 una giornata ricca di appuntamenti in uno scenario straordinario incastonato fra il Lago del Turano e le montagne che lo sovrastano.<\/div>\n<\/div>\n<div class=\"o9v6fnle cxmmr5t8 oygrvhab hcukyx3x c1et5uql ii04i59q\">\n<div dir=\"auto\">La giornata avr\u00e0 inizio alle ore 9,00 con ritrovo presso l&#8217;infopoint della Riserva Naturale Monti Navegna e Cervia (SP Turanense Castel di Tora, RI). Luogo di partenza di un&#8217;escursione di circa quattro ore, accompagnata dalle guide del Parco, lungo un tratto del Cammino Naturale dei Parchi, con ritorno al punto di partenza verso le ore 15,00 e pranzo autonomo a sacco.<\/div>\n<\/div>\n<div class=\"o9v6fnle cxmmr5t8 oygrvhab hcukyx3x c1et5uql ii04i59q\">\n<div dir=\"auto\">Le informazioni dettagliate sul percorso e le informazioni specifiche sono consultabili sul sito <a class=\"oajrlxb2 g5ia77u1 qu0x051f esr5mh6w e9989ue4 r7d6kgcz rq0escxv nhd2j8a9 nc684nl6 p7hjln8o kvgmc6g5 cxmmr5t8 oygrvhab hcukyx3x jb3vyjys rz4wbd8a qt6c0cv9 a8nywdso i1ao9s8h esuyzwwr f1sip0of lzcic4wl py34i1dx gpro0wi8\" role=\"link\" href=\"https:\/\/l.facebook.com\/l.php?u=http%3A%2F%2Fwww.navegnacervia.it%2F%3Ffbclid%3DIwAR0Ojr6QZqrHnbAwkl92MlUb4FuERxHrtvRv-9rt_lk3pyufbcNN5IJzHMs&amp;h=AT3-u-mlc8RlTgG6fuk1MJDmIGUQUih6A-ZJwk0ENNORnOTne9KnsWgsKO4ffKhWwTcpqnd9JS5CeT3ZI8RxXtmjaeXUiZgyKqfMUdhcKq6JSfCb-LGzUwncsD_jgfx_ng&amp;__tn__=-UK-R&amp;c[0]=AT0DLWgtBHHV8ITt4wPBVIBobqH4Ryc5KOjiTY9SESfyxp2vs3_KS56pCT6lMR3Mir-sEaIb4Szbyj2tDTm43kxX0HBUxKz9okahUIeIlj5aHC1fxSgz2xgFXLGPMqiVvYju48DcdNZqWmkFCGBfmbORXH32YVPWAwbaieeSCA-8fP81hQa2K1Je8LZsCPIyjBtG7SJH\" target=\"_blank\" rel=\"nofollow noopener noreferrer\">www.navegnacervia.it<\/a><\/div>\n<\/div>\n<div class=\"o9v6fnle cxmmr5t8 oygrvhab hcukyx3x c1et5uql ii04i59q\">\n<div dir=\"auto\">Alle ore 15,30 l&#8217;appuntamento sar\u00e0 sempre presso l&#8217;infopoint della Riserva Naturale Monti Riserva Naturale Monte Navegna e Monte Cervia , con partenza per un percorso turistico in salita su strada della durata di circa 30 &#8211; 45 minuti, per raggiungere il borgo medievale di Monte Antuni, un luogo capace di accontentare in un colpo solo gli appassionati di borghi italiani e chi non resiste alla tentazione di una sana escursione nel verde. Situato nel comune di Castel di Tora, nel cuore delle acque lacustri, collegato alla terraferma da un sottile istmo di terra, la tragica storia di Antuni ne ha decretato l\u2019improvviso abbandono, rendendolo oggi uno dei paesi abbandonati pi\u00f9 affascinanti dell\u2019intera penisola. Grazie alle opere di restauro sono stati riportati a nuova vita il Palazzo Del Drago, le mura difensive del borgo e molti degli edifici abitativi. E&#8217; la prima volta che si riapre al pubblico il Borgo dopo le ondate di pandemia.<\/div>\n<\/div>\n<div class=\"o9v6fnle cxmmr5t8 oygrvhab hcukyx3x c1et5uql ii04i59q\">\n<div dir=\"auto\">Alle ore 16,30, nella straordinaria cornice del borgo medievale di Monte Antuni, Montura editing presenter\u00e0 il volume \u201cCammino Naturale dei Parchi &#8211; Guida al trekking\u201d, accompagnato da una visita al Museo della Riserva. La Guida del Cammino Naturale dei Parchi, disponibile in tutti i punti vendita d&#8217;Italia Montura (ai partecipanti verr\u00e0 consegnato un coupon per avere la guida gratuita), \u00e8 indispensabile strumento per intraprendere un cammino diverso e nuovo. Un itinerario che si sviluppa lungo 430 km, che unisce 7 aree protette tra Roma e L&#8217;Aquila, che si svolge in 4 settimane divise in 25 tappe. Un&#8217;occasione per rivitalizzare e vedere alcune aree copite dai terremoti, ma anche per vivere in modo sostenibile, con il cammino a piedi, una natura rigogliosa che si intreccia al patrimonio culturale di borghi e di luoghi ricchi di significati spirituali.<\/div>\n<\/div>\n<div class=\"o9v6fnle cxmmr5t8 oygrvhab hcukyx3x c1et5uql ii04i59q\">\n<div dir=\"auto\">La giornata si concluder\u00e0 con un grande evento a cura di Montagne in Movimento free, e patrocinato dal <a class=\"oajrlxb2 g5ia77u1 qu0x051f esr5mh6w e9989ue4 r7d6kgcz rq0escxv nhd2j8a9 nc684nl6 p7hjln8o kvgmc6g5 cxmmr5t8 oygrvhab hcukyx3x jb3vyjys rz4wbd8a qt6c0cv9 a8nywdso i1ao9s8h esuyzwwr f1sip0of lzcic4wl q66pz984 gpro0wi8 b1v8xokw\" role=\"link\" href=\"https:\/\/www.facebook.com\/cdrlazio\/?__cft__[0]=AZWk-xaXrDU046hZZ-aBiJpPH_WZHjo4wOWQovfvmI_3jZnIx8QpPInBb57hzrT8ipMNU1lySMLvRTfiEagUbtRJXQ9_lGCe21b_-MwcSXGy2jEk2Rt8Trm16rtEheABoFAkaiXPo-y7cjpWbDHNcMSecrL4Rz63Uv-Zul-YwWWJQzng95LjEJoscg4hvyLAmk0&amp;__tn__=kK-R\" target=\"_blank\" rel=\"noopener\"><span class=\"nc684nl6\">Club Alpino Italiano &#8211; Gruppo Regione Lazio<\/span><\/a>. Sempre a Monte Antuni, alle ore 17.30, gli atleti internazionali e pluripremiati di Paraclimbing Simone Salvagnin e Urko Carmona Barandiaran racconteranno al pubblico la loro straordinaria esperienza, con la proiezione di corti e video mozzafiato, dal titolo \u201cLa montagna che salva la vita. Quando la disabilit\u00e0 non \u00e8 un limite\u201d. Membri delle rispettive nazionali di arrampicata sportiva (Italia e Spagna), la loro storia \u00e8 quella di un&#8217;amicizia vissuta tra sfide all&#8217;apparenza impossibili, nata tra pareti, cime, gare ed esperienze di quotidianit\u00e0, avendo fatto dei propri limiti un punto di partenza. Urko e Simone si racconteranno, moderati da <a class=\"oajrlxb2 g5ia77u1 qu0x051f esr5mh6w e9989ue4 r7d6kgcz rq0escxv nhd2j8a9 nc684nl6 p7hjln8o kvgmc6g5 cxmmr5t8 oygrvhab hcukyx3x jb3vyjys rz4wbd8a qt6c0cv9 a8nywdso i1ao9s8h esuyzwwr f1sip0of lzcic4wl q66pz984 gpro0wi8 b1v8xokw\" role=\"link\" href=\"https:\/\/www.facebook.com\/ines.millesimi.5?__cft__[0]=AZWk-xaXrDU046hZZ-aBiJpPH_WZHjo4wOWQovfvmI_3jZnIx8QpPInBb57hzrT8ipMNU1lySMLvRTfiEagUbtRJXQ9_lGCe21b_-MwcSXGy2jEk2Rt8Trm16rtEheABoFAkaiXPo-y7cjpWbDHNcMSecrL4Rz63Uv-Zul-YwWWJQzng95LjEJoscg4hvyLAmk0&amp;__tn__=-]K-R\" target=\"_blank\" rel=\"noopener\"><span class=\"nc684nl6\">Ines Millesimi<\/span><\/a> , condividendo le loro emozionanti avventure.<\/div>\n<div dir=\"auto\">Tutti gli eventi sono ad ingresso libero fino a esaurimento posti. Per info e prenotazioni \u00e8 possibile contattare la Riserva Naturale Monte Navegna e Monte Cervia al 347 6553017 oppure Montagne in Movimento free al 348 7956329. <a class=\"oajrlxb2 g5ia77u1 qu0x051f esr5mh6w e9989ue4 r7d6kgcz rq0escxv nhd2j8a9 nc684nl6 p7hjln8o kvgmc6g5 cxmmr5t8 oygrvhab hcukyx3x jb3vyjys rz4wbd8a qt6c0cv9 a8nywdso i1ao9s8h esuyzwwr f1sip0of lzcic4wl py34i1dx gpro0wi8\" role=\"link\" href=\"https:\/\/l.facebook.com\/l.php?u=http%3A%2F%2Fwww.navegnacervia.it%2F%3Ffbclid%3DIwAR3ke-i7_wdC-CGyxnuoV8hPxdRji_mhQClsq7ZQhPcFT-nhXF3L2vxM4LU&amp;h=AT3-u-mlc8RlTgG6fuk1MJDmIGUQUih6A-ZJwk0ENNORnOTne9KnsWgsKO4ffKhWwTcpqnd9JS5CeT3ZI8RxXtmjaeXUiZgyKqfMUdhcKq6JSfCb-LGzUwncsD_jgfx_ng&amp;__tn__=-UK-R&amp;c[0]=AT0DLWgtBHHV8ITt4wPBVIBobqH4Ryc5KOjiTY9SESfyxp2vs3_KS56pCT6lMR3Mir-sEaIb4Szbyj2tDTm43kxX0HBUxKz9okahUIeIlj5aHC1fxSgz2xgFXLGPMqiVvYju48DcdNZqWmkFCGBfmbORXH32YVPWAwbaieeSCA-8fP81hQa2K1Je8LZsCPIyjBtG7SJH\" target=\"_blank\" rel=\"nofollow noopener noreferrer\">www.navegnacervia.it<\/a> , info@navegnacervia.it<\/div>\n<\/div>\n","protected":false},"excerpt":{"rendered":"<p>La Riserva Naturale Regionale dei Monti Navegna e Cervia fra escursioni, passeggiate, letture ed un grande evento finale nel borgo medievale di Monte Antuni La programmazione di eventi della Regione [&hellip;]<\/p>\n","protected":false},"author":1,"featured_media":204,"comment_status":"closed","ping_status":"open","sticky":false,"template":"","format":"standard","meta":{"footnotes":""},"categories":[6],"tags":[],"_links":{"self":[{"href":"https:\/\/organizzazione.cai.it\/gr-lazio\/wp-json\/wp\/v2\/posts\/203"}],"collection":[{"href":"https:\/\/organizzazione.cai.it\/gr-lazio\/wp-json\/wp\/v2\/posts"}],"about":[{"href":"https:\/\/organizzazione.cai.it\/gr-lazio\/wp-json\/wp\/v2\/types\/post"}],"author":[{"embeddable":true,"href":"https:\/\/organizzazione.cai.it\/gr-lazio\/wp-json\/wp\/v2\/users\/1"}],"replies":[{"embeddable":true,"href":"https:\/\/organizzazione.cai.it\/gr-lazio\/wp-json\/wp\/v2\/comments?post=203"}],"version-history":[{"count":0,"href":"https:\/\/organizzazione.cai.it\/gr-lazio\/wp-json\/wp\/v2\/posts\/203\/revisions"}],"wp:featuredmedia":[{"embeddable":true,"href":"https:\/\/organizzazione.cai.it\/gr-lazio\/wp-json\/wp\/v2\/media\/204"}],"wp:attachment":[{"href":"https:\/\/organizzazione.cai.it\/gr-lazio\/wp-json\/wp\/v2\/media?parent=203"}],"wp:term":[{"taxonomy":"category","embeddable":true,"href":"https:\/\/organizzazione.cai.it\/gr-lazio\/wp-json\/wp\/v2\/categories?post=203"},{"taxonomy":"post_tag","embeddable":true,"href":"https:\/\/organizzazione.cai.it\/gr-lazio\/wp-json\/wp\/v2\/tags?post=203"}],"curies":[{"name":"wp","href":"https:\/\/api.w.org\/{rel}","templated":true}]}}