{"id":208,"date":"2021-03-09T06:34:42","date_gmt":"2021-03-09T06:34:42","guid":{"rendered":"https:\/\/organizzazione.cai.it\/gr-lazio\/2021\/03\/webinar-cai-lazio-2021\/"},"modified":"2024-10-31T16:22:58","modified_gmt":"2024-10-31T16:22:58","slug":"webinar-cai-lazio-2021","status":"publish","type":"post","link":"https:\/\/organizzazione.cai.it\/gr-lazio\/2021\/03\/webinar-cai-lazio-2021\/","title":{"rendered":"Webinar Cai Lazio 2021"},"content":{"rendered":"<p><img loading=\"lazy\" decoding=\"async\" class=\"alignnone size-medium wp-image-40859\" src=\"https:\/\/organizzazione.cai.it\/gr-lazio\/wp-content\/uploads\/sites\/62\/2024\/10\/Gruppo-Regionale-Lazio-1.png\" alt=\"- CAI\" width=\"300\" height=\"300\" title=\"\"><\/p>\n<p><strong>Culture e montagne si inizia oggi marted\u00ec 9 Marzo con la seconda edizione 2021\u00a0<\/strong><\/p>\n<p>Dopo il successo dei primi webinar del Gruppo Cultura del CAI Lazio (19 sezioni), con lo scopo di far circolare temi innovativi di montanit\u00e0 con un occhio pi\u00f9 alla cultura che alla dimensione tecnica dell\u2019alpinismo, si apre la seconda stagione con un imperdibile ed entusiasmante omaggio alle donne che decidono di salire la loro montagna, nonostante non siano preparate professioniste e atlete. <strong>Il film Cholitas di Pablo Iraburu che ha spopolato a Trento Film Festival lo scorso anno aggiudicandosi tanti premi, sar\u00e0 proiettato marted\u00ec 9 marzo per tutti i soci del CAI per condividere, donne e uomini, la dimensione di una festosa sfida in barba ai tanti pregiudizi, luoghi comuni, e un modo ancora un po\u2019 macho di vivere la montagna.<\/strong> E\u2019 la cronaca, dal ritmo perfetto, di una spedizione unica al mondo, scalare la montagna pi\u00f9 alta d&#8217;America, il Monte Aconcagua. Tanti lo hanno fatto, ma questo tentativo \u00e8 totalmente differente perch\u00e9 compiuto da sei donne indigene boliviane non alpiniste. Con i loro costumi tradizionali, con il loro bisogno di provarsi in un\u2019impresa gloriosa, riescono ognuna con le proprie possibilit\u00e0 a vivere un\u2019esperienza forte di riscatto sociale che accrescer\u00e0 la loro forza interiore.<\/p>\n<p>Seguiranno nel mese di <strong>marzo<\/strong> altri appuntamenti insoliti, dal tema dell\u2019associazionismo e sinergia, tra incunaboli e <strong>sentieri storici dell\u2019abbazia di Cassino e dintorni<\/strong>, <strong>all\u2019Himalaya mai visto, con il film ZEMU 2014<\/strong> di e con Enrico Ferri di una spedizione internazionale alpinistico \u2013 culturale pensata per i 150 anni del CAI.<\/p>\n<p>Ad <strong>aprile<\/strong> si parler\u00e0 di film e di culture con le <strong>anticipazioni della nota rassegna di Trento Film Festival<\/strong> con gli interventi di Roberto De Martin gi\u00e0 Presidente TTF e della Direttrice Luana Bisesti. Seguir\u00e0 <strong>Vincersi<\/strong><strong> di Mirko Giorgi, un film toccante che racconta la storia di una squadra di giovani ipovedenti che arrampicano<\/strong>, per capire il sottile rapporto che passa tra intelligenza motoria e controllo mentale per sfidare vuoto e oscurit\u00e0<\/p>\n<p>I temi di <strong>maggio <\/strong>spaziano dall\u2019emergenza in montagna con il film del <strong>Soccorso alpino, Senza Possibilit\u00e0 di errore<\/strong><strong> di Mario Barbieri ai libri<\/strong>. Per raccontare una grande avventura, si \u00e8 scelto il racconto inedito di <strong>Walter Bonatti sulla conquista del Gasherbrum IV<\/strong> detto la montagna di luce. Chiude il mese la presentazione di <strong>un percorso tra dune, promontori e montagne a cura del CAI di Latina<\/strong>.<\/p>\n<p>Il programma culturale di <strong>giugno<\/strong> prevede musica e <strong>coralit\u00e0 di montagna a cura del <\/strong><strong>Coro CAI di Frosinone, poi un incontro con la sez. CAI di Leonessa che racconter\u00e0 progetti, battaglie e rinascite di un borgo scosso dal sisma ed infine un excursus sui sentieri storici del Brigantaggio che si inerpicano tra monti e si affacciano sul mare con il CAI di Esperia. Dopo la pausa estiva <\/strong>riprender\u00e0 a Settembre fino a Dicembre. Saranno allora protagoniste di altri originali <strong>eventi in sinergia col territorio le Sezioni di Tivoli, Alatri, Rieti e Viterbo<\/strong>. Infine nel prossimo calendario di attivit\u00e0 si proietter\u00e0 <strong>il film Tom, dedicato a Tom Ballard tragicamente scomparso a 5.900 mt con Daniele Nardi sul Naga Parbat, nel marzo 2019 .<\/strong><\/p>\n<p>Gli eventi su piattaforma sono gratuiti. Calendario, info e link su\u00a0 www.CAILAZIO.ORG e pagina FB CAI Lazio.<\/p>\n<p><strong>Programma WEBINAR CULTURA CAI LAZIO marzo &#8211; giugno<\/strong><\/p>\n<p>Link su sito e pagina FB CAI Lazio<\/p>\n<h3>Marted\u00ec 9 marzo\u00a0 2021 ore 21<\/h3>\n<p><strong>La Montagna in rosa<\/strong><\/p>\n<p><strong>La salita dell\u2019Aconcagua di sole donne non alpiniste \u00e8 riscatto sociale<\/strong><\/p>\n<p>Presentazione del film <strong>Cholitas <\/strong>di<strong> Pablo Iraburu, Jaime Murciego<\/strong><\/p>\n<p><strong>Spagna \/ 2019 \/ 80&#8242;<\/strong><\/p>\n<p><strong>Premio CAI come miglior film di alpinismo a Trento Film Festival<\/strong><\/p>\n<p><em>a cura di Ines Millesimi (CAI Amatrice)<\/em><\/p>\n<h3>Marted\u00ec 23 marzo\u00a0 2021 ore 21<\/h3>\n<p><strong>Montagna, associazionismo e sinergia<\/strong><\/p>\n<p><strong>Tra incunaboli e sentieri storici<\/strong><\/p>\n<p>Incontro con la <strong>Sezione CAI di Cassino<\/strong><\/p>\n<p><em>a cura di Umberto Bernabei (GR CAI Lazio)<\/em><\/p>\n<h3>Marted\u00ec 30 marzo\u00a0 2021 ore 21<\/h3>\n<p><strong>Allontanare la Montagna<\/strong><\/p>\n<p><strong>L&#8217;Himalaya come non lo avete mai visto<\/strong><\/p>\n<p>Presentazione del film <strong>ZEMU 2014<\/strong> (30&#8242;) di e con <strong>Enrico Ferri, alpinista e fotografo<\/strong><\/p>\n<p><strong>Spedizione internazionale alpinistico &#8211; culturale<\/strong><\/p>\n<p><strong>Patrocinio nazionale CAI 150\u00b0<\/strong><\/p>\n<p><em>a cura di Ines Millesimi (CAI Amatrice)<\/em><\/p>\n<h3>Marted\u00ec 13 aprile\u00a0 2021 ore 21<\/h3>\n<p><strong>Montagne di eventi<\/strong><\/p>\n<p><strong>Storia, racconti e anticipazioni di Trento Film Festival 2021<\/strong><\/p>\n<p>Incontro con <strong>Roberto De Martin gi\u00e0 Presidente TTF e con la Direttrice Luana Bisesti<\/strong><\/p>\n<p><em>a cura di Ines Millesimi (CAI Amatrice) e Umberto Bernabei (GR CAI Lazio)<\/em><\/p>\n<h3>Marted\u00ec 27 aprile\u00a0 2021 ore 21<\/h3>\n<p><strong>Vedere dentro la parete<\/strong><\/p>\n<p><strong>Intelligenza motoria e controllo mentale per sfidare vuoto e oscurit\u00e0<\/strong><\/p>\n<p>Presentazione del film <strong>Vincersi<\/strong> (46&#8242;) di <strong>Mirko Giorgi e Alessandro Dardani<\/strong><\/p>\n<p><strong>Trento Film Festival<\/strong><\/p>\n<p><em>a cura di Ines Millesimi (CAI Amatrice)<\/em><\/p>\n<h3>Marted\u00ec 11 maggio\u00a0 2021 ore 21<\/h3>\n<p>Titolo: <strong>L\u2019emergenza in Montagna<\/strong><\/p>\n<p><strong>Un universo di coraggio, capacit\u00e0 tecniche e sinergie<\/strong><\/p>\n<p>Presentazione del film <strong>Senza Possibilit\u00e0 di errore<\/strong> (46&#8242;) di <strong>Mario Barbieri<\/strong><\/p>\n<p><em>a cura di Benedetta Siniscalchi (CAI Colleferro)<\/em><\/p>\n<h3>Marted\u00ec 18 maggio\u00a0 2021 ore 21<\/h3>\n<p>Titolo: <strong>Raccontare la Montagna<\/strong><\/p>\n<p><strong>Ricordando Walter Bonatti<\/strong><\/p>\n<p>Presentazione del libro <strong>La Montagna Scintillante <\/strong>di <strong>Walter Bonatti<\/strong><\/p>\n<p><em>a cura di Umberto Bernabei (GR CAI Lazio)<\/em><\/p>\n<h3>Marted\u00ec 25 maggio\u00a0 2021 ore 21<\/h3>\n<p><strong>Montagna, Associazionismo e sinergia<\/strong><\/p>\n<p><strong>Un percorso tra dune, promontori e montagne<\/strong><\/p>\n<p>Incontro con la <strong>Sezione CAI di Latina<\/strong><\/p>\n<p><em>a cura di Umberto Bernabei (GR CAI Lazio)<\/em><\/p>\n<h3>Marted\u00ec 8 giugno\u00a0 2021 ore 21<\/h3>\n<p><strong>Montagna e Coralit\u00e0<\/strong><\/p>\n<p><strong>Cantare la montagna<\/strong><\/p>\n<p>Incontro dibattito con il <strong>Coro CAI di Frosinone<\/strong><\/p>\n<p><em>a cura di Umberto Bernabei (GR CAI Lazio)<\/em><\/p>\n<h3>Marted\u00ec 15 giugno 2021 ore 21<\/h3>\n<p><strong>Montagna, Associazionismo e sinergia<\/strong><\/p>\n<p><strong>\u00a0Un percorso di rinascita e di amore delle montagne<\/strong><\/p>\n<p>Incontro con la <strong>Sezione CAI di Leonessa<\/strong><\/p>\n<p>a cura di Umberto Bernabei\u00a0 (GR CAI Lazio)<\/p>\n<h3>Marted\u00ec 22 giugno 2021 ore 21<\/h3>\n<p><strong>Montagna e sentieri storici<\/strong><\/p>\n<p><strong>\u00a0Un percorso tra terra e mare sul brigantaggio dei monti Aurunci<\/strong><\/p>\n<p>a cura di Andrea Cesaretti\u00a0 <strong>(Sezione CAI Esperia)<\/strong><\/p>\n","protected":false},"excerpt":{"rendered":"<p>Culture e montagne si inizia oggi marted\u00ec 9 Marzo con la seconda edizione 2021\u00a0 Dopo il successo dei primi webinar del Gruppo Cultura del CAI Lazio (19 sezioni), con lo [&hellip;]<\/p>\n","protected":false},"author":1,"featured_media":211,"comment_status":"closed","ping_status":"open","sticky":false,"template":"","format":"standard","meta":{"footnotes":""},"categories":[6],"tags":[],"_links":{"self":[{"href":"https:\/\/organizzazione.cai.it\/gr-lazio\/wp-json\/wp\/v2\/posts\/208"}],"collection":[{"href":"https:\/\/organizzazione.cai.it\/gr-lazio\/wp-json\/wp\/v2\/posts"}],"about":[{"href":"https:\/\/organizzazione.cai.it\/gr-lazio\/wp-json\/wp\/v2\/types\/post"}],"author":[{"embeddable":true,"href":"https:\/\/organizzazione.cai.it\/gr-lazio\/wp-json\/wp\/v2\/users\/1"}],"replies":[{"embeddable":true,"href":"https:\/\/organizzazione.cai.it\/gr-lazio\/wp-json\/wp\/v2\/comments?post=208"}],"version-history":[{"count":1,"href":"https:\/\/organizzazione.cai.it\/gr-lazio\/wp-json\/wp\/v2\/posts\/208\/revisions"}],"predecessor-version":[{"id":210,"href":"https:\/\/organizzazione.cai.it\/gr-lazio\/wp-json\/wp\/v2\/posts\/208\/revisions\/210"}],"wp:featuredmedia":[{"embeddable":true,"href":"https:\/\/organizzazione.cai.it\/gr-lazio\/wp-json\/wp\/v2\/media\/211"}],"wp:attachment":[{"href":"https:\/\/organizzazione.cai.it\/gr-lazio\/wp-json\/wp\/v2\/media?parent=208"}],"wp:term":[{"taxonomy":"category","embeddable":true,"href":"https:\/\/organizzazione.cai.it\/gr-lazio\/wp-json\/wp\/v2\/categories?post=208"},{"taxonomy":"post_tag","embeddable":true,"href":"https:\/\/organizzazione.cai.it\/gr-lazio\/wp-json\/wp\/v2\/tags?post=208"}],"curies":[{"name":"wp","href":"https:\/\/api.w.org\/{rel}","templated":true}]}}